{"id":28111,"date":"2022-05-13T12:36:54","date_gmt":"2022-05-13T15:36:54","guid":{"rendered":"https:\/\/morenoprimero.com.ar\/?p=28111"},"modified":"2022-05-13T12:36:55","modified_gmt":"2022-05-13T15:36:55","slug":"moreno-inauguro-su-nuevo-paseo-costero-del-lago-san-francisco","status":"publish","type":"post","link":"https:\/\/morenoprimero.com.ar\/archivo\/moreno-inauguro-su-nuevo-paseo-costero-del-lago-san-francisco\/","title":{"rendered":"Moreno inaugur\u00f3 su nuevo paseo costero del Lago San Francisco"},"content":{"rendered":"\n<p>Vecinos y vecinas morenenses recorrieron por primera vez el sendero del lago San Francisco ubicado a unas cuadras de la Reserva Municipal \u201cLos Robles\u201d con el fin de disfrutar de un atardecer como s\u00f3lo Moreno puede ofrecer como parte de su programa de turismo de cercan\u00eda. Mariel Fern\u00e1ndez afirm\u00f3: \u00abEsta herramienta nos permite el fomento de las inversiones tur\u00edsticas mediante la promoci\u00f3n de alianzas entre el sector p\u00fablico y privado, para desarrollar la econom\u00eda local\u00bb.<\/p>\n\n\n\n<p>Este fin de semana pasado vecinas y vecinos de Moreno fueron parte del primer recorrido por el sendero del Lago San Francisco, este nuevo paseo costero forma parte de las atracciones&nbsp;del<strong> \u201cTurismo de Cercan\u00eda\u201d<\/strong> que ofrece el municipio de Moreno en conjunto con la secretar\u00eda de Turismo y el IMDEL. El sendero est\u00e1 dentro de la Reserva Municipal \u201cLos Robles\u201d y se puede visitar de jueves a domingos de 10&nbsp;a 18 horas.&nbsp;<\/p>\n\n\n\n<p>En ese sentido, la Intendenta Mariel Fern\u00e1ndez junto a la administradora del IMDEL, Daiana Anadon; el Coordinador Ejecutivo de la Secretar\u00eda de Promoci\u00f3n Tur\u00edstica de la Naci\u00f3n, Nahuel Segovia y el Coordinador General de Turismo, Jonatan Peralta,&nbsp;presentaron el proyecto de ordenanza de creaci\u00f3n del Distrito Especial Roggero, un plan estrat\u00e9gico de turismo sostenible, inclusivo y accesible en la zona del \u00e1rea natural protegida Dique Ingeniero Roggero.&nbsp;<\/p>\n\n\n\n<p>\u00abEsta herramienta nos permite el fomento de las inversiones tur\u00edsticas mediante la promoci\u00f3n de alianzas entre el sector p\u00fablico y privado, para desarrollar la econom\u00eda local, generar trabajo y reafirmar el orgullo por nuestra identidad morenense\u00bb,&nbsp;expres\u00f3 Mariel Fern\u00e1ndez en el acto.<\/p>\n\n\n\n<p>El Lago San Francisco es un espejo de agua que <strong>cuenta con m\u00e1s de 400 hect\u00e1reas, producto del \u00c1rea Natural Protegida del Dique Ingeniero Roggero<\/strong>, el mismo es muy importante para \u201cel funcionamiento de la sociedad de Moreno, porque regula las aguas para que en caso de que haya mucha lluvia no desborde el r\u00edo y no inunde las casas que est\u00e1n alrededor\u201d explic\u00f3 Mario Torrano, guardaparques oriundo de Moreno Centro.&nbsp;<\/p>\n\n\n\n<p><\/p>\n\n\n\n<figure class=\"wp-block-gallery columns-2 is-cropped wp-block-gallery-1 is-layout-flex wp-block-gallery-is-layout-flex\"><ul class=\"blocks-gallery-grid\"><li class=\"blocks-gallery-item\"><figure><a href=\"https:\/\/morenoprimero.com.ar\/wp-content\/uploads\/2022\/05\/280175940_371398578343051_143468832999518873_n-1024x766.jpg\"><img loading=\"lazy\" decoding=\"async\" width=\"1024\" height=\"766\" src=\"https:\/\/morenoprimero.com.ar\/wp-content\/uploads\/2022\/05\/280175940_371398578343051_143468832999518873_n-1024x766.jpg\" alt=\"\" data-id=\"28113\" class=\"wp-image-28113\" srcset=\"https:\/\/morenoprimero.com.ar\/archivo\/wp-content\/uploads\/2022\/05\/280175940_371398578343051_143468832999518873_n-1024x766.jpg 1024w, https:\/\/morenoprimero.com.ar\/archivo\/wp-content\/uploads\/2022\/05\/280175940_371398578343051_143468832999518873_n-300x225.jpg 300w, https:\/\/morenoprimero.com.ar\/archivo\/wp-content\/uploads\/2022\/05\/280175940_371398578343051_143468832999518873_n-768x575.jpg 768w, https:\/\/morenoprimero.com.ar\/archivo\/wp-content\/uploads\/2022\/05\/280175940_371398578343051_143468832999518873_n.jpg 1280w\" sizes=\"auto, (max-width: 1024px) 100vw, 1024px\" \/><\/a><\/figure><\/li><li class=\"blocks-gallery-item\"><figure><a href=\"https:\/\/morenoprimero.com.ar\/wp-content\/uploads\/2022\/05\/280601270_371398575009718_3786337800904398685_n.jpg\"><img loading=\"lazy\" decoding=\"async\" width=\"1024\" height=\"766\" src=\"https:\/\/morenoprimero.com.ar\/wp-content\/uploads\/2022\/05\/280601270_371398575009718_3786337800904398685_n-1024x766.jpg\" alt=\"\" data-id=\"28114\" data-full-url=\"https:\/\/morenoprimero.com.ar\/wp-content\/uploads\/2022\/05\/280601270_371398575009718_3786337800904398685_n.jpg\" data-link=\"https:\/\/morenoprimero.com.ar\/?attachment_id=28114\" class=\"wp-image-28114\" srcset=\"https:\/\/morenoprimero.com.ar\/archivo\/wp-content\/uploads\/2022\/05\/280601270_371398575009718_3786337800904398685_n-1024x766.jpg 1024w, https:\/\/morenoprimero.com.ar\/archivo\/wp-content\/uploads\/2022\/05\/280601270_371398575009718_3786337800904398685_n-300x225.jpg 300w, https:\/\/morenoprimero.com.ar\/archivo\/wp-content\/uploads\/2022\/05\/280601270_371398575009718_3786337800904398685_n-768x575.jpg 768w, https:\/\/morenoprimero.com.ar\/archivo\/wp-content\/uploads\/2022\/05\/280601270_371398575009718_3786337800904398685_n.jpg 1280w\" sizes=\"auto, (max-width: 1024px) 100vw, 1024px\" \/><\/a><\/figure><\/li><\/ul><\/figure>\n\n\n\n<p>El nuevo sendero se puede recorrer a pie o en bici y se encuentra dentro de la <strong>Reserva Municipal \u201cLos Robles\u201d<\/strong> una gran propuesta de turismo de cercan\u00eda para familias morenenses y de la regi\u00f3n. En ella se pueden hacer visitas guiadas, disfrutar de caminatas guiadas y el sector gastron\u00f3mico, diversas actividades que se realizan todos los d\u00edas, y hasta dormir o acampar.&nbsp;&nbsp;<\/p>\n\n\n\n<p>En ese sentido, el director de Turismo, <strong>Jonatan Peralta<\/strong>, afirm\u00f3 que, \u201cla devoluci\u00f3n que tenemos a diario de las y los morenenses nos da la pauta que estamos haciendo las cosas bien, vamos por un muy buen camino. Y que, si seguimos por este camino, Moreno va a estar constituido como un lugar de destino tur\u00edstico de cercan\u00eda, de ecoturismo\u201d. &nbsp;<\/p>\n\n\n\n<p><\/p>\n\n\n\n<figure class=\"wp-block-image size-large\"><a href=\"https:\/\/morenoprimero.com.ar\/wp-content\/uploads\/2022\/05\/280445725_371398571676385_4536312356193497316_n.jpg\"><img loading=\"lazy\" decoding=\"async\" width=\"1024\" height=\"766\" src=\"https:\/\/morenoprimero.com.ar\/wp-content\/uploads\/2022\/05\/280445725_371398571676385_4536312356193497316_n-1024x766.jpg\" alt=\"\" class=\"wp-image-28115\" srcset=\"https:\/\/morenoprimero.com.ar\/archivo\/wp-content\/uploads\/2022\/05\/280445725_371398571676385_4536312356193497316_n-1024x766.jpg 1024w, https:\/\/morenoprimero.com.ar\/archivo\/wp-content\/uploads\/2022\/05\/280445725_371398571676385_4536312356193497316_n-300x225.jpg 300w, https:\/\/morenoprimero.com.ar\/archivo\/wp-content\/uploads\/2022\/05\/280445725_371398571676385_4536312356193497316_n-768x575.jpg 768w, https:\/\/morenoprimero.com.ar\/archivo\/wp-content\/uploads\/2022\/05\/280445725_371398571676385_4536312356193497316_n.jpg 1280w\" sizes=\"auto, (max-width: 1024px) 100vw, 1024px\" \/><\/a><figcaption>Orquesta \u00abSol m\u00edo\u00bb participando de un domingo en la Reserva Municipal \u00abLos Robles\u00bb<\/figcaption><\/figure>\n\n\n\n<p>El turismo est\u00e1 constituido como un derecho social de todas las personas. Mejora la calidad de vida, es por eso que una de las premisas del gobierno de <strong>Mariel Fern\u00e1ndez<\/strong> es desarrollar<strong> el turismo en Moreno<\/strong>, para poder brindarles una mejor calidad de vida a los y las moreneneses.&nbsp; Adem\u00e1s, es un agente de incentivo y de crecimiento de la econom\u00eda local muy grande. Es fundamental para el desarrollo de la econom\u00eda local y la generaci\u00f3n de puestos de trabajo\u201d, asegur\u00f3&nbsp;el director de turismo Moreno.&nbsp;<\/p>\n\n\n\n<p>Para llegar en transporte p\u00fablico, est\u00e1 el recorrido 26 de La Perlita, cartel \u201cLos Robles\u201d. Horarios desde Moreno: 7.30 horas y 12.30 horas; y el regreso desde Los Robles es a las 13 horas y a las 18 horas. La tarifa de ingreso es de $ 100 para personas que viven en Moreno; de $ 250 para el p\u00fablico en general, y menores y jubilados no abonan. El estacionamiento tiene un valor de $ 70 para motos; de $ 150 para autos y de $ 300 para combis.&nbsp;<\/p>\n","protected":false},"excerpt":{"rendered":"<p>Vecinos y vecinas morenenses recorrieron por primera vez el sendero del lago San Francisco ubicado a unas cuadras de la Reserva Municipal \u201cLos Robles\u201d con el fin de disfrutar de un atardecer como s\u00f3lo Moreno puede ofrecer como parte de &hellip; <a href=\"https:\/\/morenoprimero.com.ar\/archivo\/moreno-inauguro-su-nuevo-paseo-costero-del-lago-san-francisco\/\">Sigue leyendo <span class=\"meta-nav\">&rarr;<\/span><\/a><\/p>\n","protected":false},"author":6,"featured_media":28112,"comment_status":"closed","ping_status":"closed","sticky":false,"template":"","format":"standard","meta":{"footnotes":""},"categories":[2328,1229],"tags":[242,313,931,102,328,4018],"class_list":["post-28111","post","type-post","status-publish","format-standard","has-post-thumbnail","hentry","category-local","category-turismo","tag-imdel","tag-los-robles","tag-medioambiente","tag-municipio-de-moreno","tag-turismo","tag-turismo-de-cercania"],"_links":{"self":[{"href":"https:\/\/morenoprimero.com.ar\/archivo\/wp-json\/wp\/v2\/posts\/28111","targetHints":{"allow":["GET"]}}],"collection":[{"href":"https:\/\/morenoprimero.com.ar\/archivo\/wp-json\/wp\/v2\/posts"}],"about":[{"href":"https:\/\/morenoprimero.com.ar\/archivo\/wp-json\/wp\/v2\/types\/post"}],"author":[{"embeddable":true,"href":"https:\/\/morenoprimero.com.ar\/archivo\/wp-json\/wp\/v2\/users\/6"}],"replies":[{"embeddable":true,"href":"https:\/\/morenoprimero.com.ar\/archivo\/wp-json\/wp\/v2\/comments?post=28111"}],"version-history":[{"count":5,"href":"https:\/\/morenoprimero.com.ar\/archivo\/wp-json\/wp\/v2\/posts\/28111\/revisions"}],"predecessor-version":[{"id":28173,"href":"https:\/\/morenoprimero.com.ar\/archivo\/wp-json\/wp\/v2\/posts\/28111\/revisions\/28173"}],"wp:featuredmedia":[{"embeddable":true,"href":"https:\/\/morenoprimero.com.ar\/archivo\/wp-json\/wp\/v2\/media\/28112"}],"wp:attachment":[{"href":"https:\/\/morenoprimero.com.ar\/archivo\/wp-json\/wp\/v2\/media?parent=28111"}],"wp:term":[{"taxonomy":"category","embeddable":true,"href":"https:\/\/morenoprimero.com.ar\/archivo\/wp-json\/wp\/v2\/categories?post=28111"},{"taxonomy":"post_tag","embeddable":true,"href":"https:\/\/morenoprimero.com.ar\/archivo\/wp-json\/wp\/v2\/tags?post=28111"}],"curies":[{"name":"wp","href":"https:\/\/api.w.org\/{rel}","templated":true}]}}