{"id":28074,"date":"2022-05-12T16:37:29","date_gmt":"2022-05-12T19:37:29","guid":{"rendered":"https:\/\/morenoprimero.com.ar\/?p=28074"},"modified":"2022-05-12T16:37:29","modified_gmt":"2022-05-12T19:37:29","slug":"revista-herejia-una-revista-sobre-salud-mental-con-perspectiva-comunitaria-critica-y-social","status":"publish","type":"post","link":"https:\/\/morenoprimero.com.ar\/archivo\/revista-herejia-una-revista-sobre-salud-mental-con-perspectiva-comunitaria-critica-y-social\/","title":{"rendered":"Revista Herej\u00eda, una revista sobre salud mental con perspectiva comunitaria, cr\u00edtica y social"},"content":{"rendered":"\n<h5 class=\"wp-block-heading\">La revista Herej\u00eda es una publicaci\u00f3n mensual creada desde la Direcci\u00f3n General de Salud Mental del Municipio de Moreno, que propone y difunde un pensamiento cr\u00edtico sobre las pr\u00e1cticas en salud, y en particular en salud mental.<\/h5>\n\n\n\n<p><br>La Direcci\u00f3n de salud mental cuenta con un enorme trabajo interdisciplinario, desarrollado en el territorio, a trav\u00e9s de diferentes programas y \u00e1reas. <strong>Desde la revista se busca dar cuenta de manera escrita de ese trabajo y fomentar un intercambio enriquecedor con la comunidad y las diferentes \u00e1reas vinculadas a la salud del municipio y el distrito en general.<\/strong><\/p>\n\n\n\n<p><br>Entre las tem\u00e1ticas que se desarrollan en la publicaci\u00f3n se encuentran por ejemplo la articulaci\u00f3n entre psicoan\u00e1lisis y salud mental; el rol de los profesionales de la salud mental tanto psic\u00f3logos, psicopedagogos, psiquiatras, enfermeros, psic\u00f3logos sociales, acompa\u00f1antes comunitarios, trabajadores sociales, concurrentes, entre otrxs que se desarrollan en el territorio municipal.<\/p>\n\n\n\n<p><br>La licenciada Ver\u00f3nica Pontecorvo, es una de las integrantes del equipo conformado adem\u00e1s por el licenciado Mart\u00edn Pablo Enrique, el Licenciado Omar Menu, y el Lic. Pablo Parnes, en dise\u00f1o Nicol\u00e1s Asencsio, con el acompa\u00f1amiento e incentivo de la Directora de la DGSM, Lic. Sabrina Grella, y el Director del Departamento de Investigaci\u00f3n y Comunicaci\u00f3n en Salud el Lic.en Sociolog\u00eda, Gustavo Larroca.<\/p>\n\n\n\n<p><br>En di\u00e1logo con la licenciada Pontecorvo, consultamos sobre cu\u00e1l es el p\u00fablico al que les interesa como equipo poder llegar <strong>\u201cNos interesa que la Revista sea un medio de intercambio de ideas con todos los sectores, tanto la comunidad con la que trabajamos, el sector acad\u00e9mico-universitario, como lxs profesionales en otras dependencias p\u00fablicas y privadas\u201d.<\/strong><\/p>\n\n\n\n<p><br>En relaci\u00f3n a la elecci\u00f3n del nombre de la publicaci\u00f3n, la licenciada nos explica <strong>\u201cel origen etimol\u00f3gico de la palabra \u201cherej\u00eda\u201d que proviene del griego, hairesis (\u03b1\u1f35\u03c1\u03b5\u03c3\u03b9\u03c2) remite a la idea de tomar una decisi\u00f3n, en el pensamiento y actuar propio, con respecto a un orden establecido como verdadero, por lo tanto la herej\u00eda propone una lectura diferente en relaci\u00f3n a lo establecido y de este modo lo cuestiona y descompleta\u201d.<\/strong><\/p>\n\n\n\n<p><br><strong>\u201cGenerar un espacio de intercambio en donde podamos repensar los discursos y pr\u00e1cticas que sostenemos, generando una distribuci\u00f3n del saber y su articulaci\u00f3n con el poder, advertidos de sus limitaciones y sus excesos y respetuosa de las diferencias\u00bb<\/strong>, finaliza la licenciada.<br>A la fecha se han publicado cinco n\u00fameros y un sexto que va a publicarse el primero de junio: \u201cEdici\u00f3n especial de COSAPRO\u201d, se han compartido 72 trabajos en los n\u00fameros ya publicados. La revista se difunde virtualmente por el Instagram @revistaherejiasmpyc.<\/p>\n","protected":false},"excerpt":{"rendered":"<p>La revista Herej\u00eda es una publicaci\u00f3n mensual creada desde la Direcci\u00f3n General de Salud Mental del Municipio de Moreno, que propone y difunde un pensamiento cr\u00edtico sobre las pr\u00e1cticas en salud, y en particular en salud mental. La Direcci\u00f3n de &hellip; <a href=\"https:\/\/morenoprimero.com.ar\/archivo\/revista-herejia-una-revista-sobre-salud-mental-con-perspectiva-comunitaria-critica-y-social\/\">Sigue leyendo <span class=\"meta-nav\">&rarr;<\/span><\/a><\/p>\n","protected":false},"author":6,"featured_media":28075,"comment_status":"closed","ping_status":"closed","sticky":false,"template":"","format":"standard","meta":{"footnotes":""},"categories":[2328],"tags":[4012,6,4013],"class_list":["post-28074","post","type-post","status-publish","format-standard","has-post-thumbnail","hentry","category-local","tag-direccion-general-de-salud-mental","tag-moreno","tag-revista-herejia-2"],"_links":{"self":[{"href":"https:\/\/morenoprimero.com.ar\/archivo\/wp-json\/wp\/v2\/posts\/28074","targetHints":{"allow":["GET"]}}],"collection":[{"href":"https:\/\/morenoprimero.com.ar\/archivo\/wp-json\/wp\/v2\/posts"}],"about":[{"href":"https:\/\/morenoprimero.com.ar\/archivo\/wp-json\/wp\/v2\/types\/post"}],"author":[{"embeddable":true,"href":"https:\/\/morenoprimero.com.ar\/archivo\/wp-json\/wp\/v2\/users\/6"}],"replies":[{"embeddable":true,"href":"https:\/\/morenoprimero.com.ar\/archivo\/wp-json\/wp\/v2\/comments?post=28074"}],"version-history":[{"count":1,"href":"https:\/\/morenoprimero.com.ar\/archivo\/wp-json\/wp\/v2\/posts\/28074\/revisions"}],"predecessor-version":[{"id":28076,"href":"https:\/\/morenoprimero.com.ar\/archivo\/wp-json\/wp\/v2\/posts\/28074\/revisions\/28076"}],"wp:featuredmedia":[{"embeddable":true,"href":"https:\/\/morenoprimero.com.ar\/archivo\/wp-json\/wp\/v2\/media\/28075"}],"wp:attachment":[{"href":"https:\/\/morenoprimero.com.ar\/archivo\/wp-json\/wp\/v2\/media?parent=28074"}],"wp:term":[{"taxonomy":"category","embeddable":true,"href":"https:\/\/morenoprimero.com.ar\/archivo\/wp-json\/wp\/v2\/categories?post=28074"},{"taxonomy":"post_tag","embeddable":true,"href":"https:\/\/morenoprimero.com.ar\/archivo\/wp-json\/wp\/v2\/tags?post=28074"}],"curies":[{"name":"wp","href":"https:\/\/api.w.org\/{rel}","templated":true}]}}