{"id":27963,"date":"2022-05-09T10:00:07","date_gmt":"2022-05-09T13:00:07","guid":{"rendered":"https:\/\/morenoprimero.com.ar\/?p=27963"},"modified":"2022-05-09T10:00:09","modified_gmt":"2022-05-09T13:00:09","slug":"se-realizo-un-homenaje-a-103-anos-del-nacimiento-de-eva-duarte-de-peron","status":"publish","type":"post","link":"https:\/\/morenoprimero.com.ar\/archivo\/se-realizo-un-homenaje-a-103-anos-del-nacimiento-de-eva-duarte-de-peron\/","title":{"rendered":"Se realiz\u00f3 un homenaje a 103 a\u00f1os del nacimiento de Eva Duarte de Per\u00f3n"},"content":{"rendered":"\n<p>El presidente del Pj Bonaerense y diputado nacional, M\u00e1ximo Kirhcner, y el gobernador Axel Kicillof, encabezaron un acto en Los Toldos para recordar los 103 a\u00f1os del nacimiento de Eva Duarte de Per\u00f3n. Se dio en el marco del traspaso de la Casa Museo Eva Per\u00f3n de la localidad bonaerense d\u00f3nde naci\u00f3, a la gesti\u00f3n provincial. Mariel Fern\u00e1ndez, presente en el acto, afirm\u00f3: \u00abNecesitamos que en el 2023 podamos conservar el gobierno peronista para poder seguir luchando por la justicia social como nos ense\u00f1\u00f3 Evita\u00bb.<\/p>\n\n\n\n<p>Entre los homenajes,&nbsp;<strong>se di\u00f3 el traspaso de la Casa Museo Eva Per\u00f3n de la localidad bonaerense d\u00f3nde naci\u00f3, a la gesti\u00f3n provincial<\/strong>. Fue en la municipalidad de General Viamonte, junto al intendente&nbsp;<strong>Franco Flexas<\/strong>.&nbsp;<\/p>\n\n\n\n<p>Luego, los referentes del&nbsp;<strong>Frente de Todos<\/strong>&nbsp;brindaron un discurso, el d\u00eda despu\u00e9s al de la vicepresidenta&nbsp;<strong>Cristina Kirchner&nbsp;<\/strong>en Chaco, y luego de otra semana de tensiones en la coalici\u00f3n oficialista.&nbsp;<\/p>\n\n\n\n<p>M\u00e1ximo Kirchner expres\u00f3 en relaci\u00f3n Eva Duarte que \u00ab<strong>vivi\u00f3 y actu\u00f3 con una vocaci\u00f3n transformadora. Siempre tendemos a asociar a Eva con la pasi\u00f3n, el coraz\u00f3n pero estaba la Eva inteligente, cerebral, creadora del PJ femenino, est\u00e1 la del esp\u00edritu de la Constituci\u00f3n de 1949 con la patria potestad, tema que tom\u00f3 el expresidente Ra\u00fal Alfons\u00edn en 1985. Esa Eva tambi\u00e9n debe ser recordada\u00bb.<\/strong>&nbsp;<br>&nbsp;<br>El legislador record\u00f3, adem\u00e1s, que \u00abhasta 1945 los dirigentes del peronismo eran desconocidos pero hubo una unidad que le dio plaf\u00f3n y fue construida por la gente\u00bb, y agreg\u00f3 que era un pueblo \u201cque estaba cansado de no tener derechos y ser maltratado. Prueba de ello fue lo que hicieron con el cuerpo de Eva eso que se nombra como Revoluci\u00f3n Libertadora y para nosotros es la &#8216;Fusiladora'\u00bb.&nbsp;<br>&nbsp;<br>Se\u00f1al\u00f3 que \u00absiempre escuchamos en los medios de comunicaci\u00f3n que el gran problema de este pa\u00eds es el peronismo pero es el movimiento que m\u00e1s descargas de odio recibi\u00f3 en este pa\u00eds. No s\u00f3lo en el cuerpo de Eva, sino en miles de cuerpos de compa\u00f1eros y compa\u00f1eras desaparecidos\u00bb.&nbsp;<\/p>\n\n\n\n<p>El diputado nacional M\u00e1ximo Kirchner, consider\u00f3 en relaci\u00f3n al contexto actual que es&nbsp;\u00abnecesario que el pueblo recupere el poder adquisitivo\u00bb y advirti\u00f3 que \u00ablo que hay subir son los salarios y no romper la solidaridad entre los trabajadores\u00bb. \u00abLas organizaciones de trabajadores, est\u00e9n o no registrados, tienen que fortalecerse\u00bb, afirm\u00f3 el diputado y sostuvo que \u00abmuchas veces buscan\u00bb que los asalariados \u00abse enfrenten entre ellos\u00bb. En ese sentido, indic\u00f3 que a sus padres, los expresidentes \u00abN\u00e9stor (Kirchner) y Cristina (Fern\u00e1ndez) nunca les tembl\u00f3 la pera a la hora de defender a los trabajadores\u00bb.&nbsp;<br>&nbsp;<br>Por \u00faltimo, llamo a tener \u201cla voluntad para que los debates pol\u00edticos se den de cara a la sociedad. Les pido que se metan, que participen. Necesitamos que el pueblo recupere el poder adquisitivo\u00bb, remarc\u00f3 Kirchner.&nbsp;<\/p>\n\n\n\n<figure class=\"wp-block-image\"><img decoding=\"async\" src=\"https:\/\/scontent.fepa1-1.fna.fbcdn.net\/v\/t39.30808-6\/279897585_561001568722510_4725564462051235680_n.jpg?_nc_cat=100&amp;ccb=1-6&amp;_nc_sid=730e14&amp;_nc_eui2=AeETvZCrTBM7rCLqgfYrl8HZS1zPhZLnA_lLXM-FkucD-ass5HlhoWWz7vua_AUaz_I&amp;_nc_ohc=SfwB70QxjfAAX-FXLrG&amp;_nc_ht=scontent.fepa1-1.fna&amp;oh=00_AT_Y3KR3T3N-kmbdpI3ubJzW60wi81Kq6Dne6D5J4V5Iww&amp;oe=627EDFCE\" alt=\"Puede ser una imagen de 10 personas, personas de pie e interior\"\/><\/figure>\n\n\n\n<p><br>\u00a0<br>Por su parte, Axel Kicillof, se\u00f1al\u00f3 que Evita \u201des universal y omnipresente\u201d. Es una gran satisfacci\u00f3n, una tarea cumplida. Nos conduce una mujer\u201d afirm\u00f3 el Gobernador. \u00ab<strong>Eva Per\u00f3n nos ense\u00f1\u00f3 que no se trataba de impulsar actos de caridad, sino que all\u00ed donde hab\u00eda una necesidad, hab\u00eda tambi\u00e9n un derecho<\/strong>. Desde el Gobierno de la Provincia estamos convencidos de que es as\u00ed: donde hay una necesidad existe un derecho y una obligaci\u00f3n por cumplirlo de parte de quienes tenemos responsabilidades de gesti\u00f3n\u201d, agreg\u00f3.\u00a0<\/p>\n\n\n\n<p>As\u00ed, el gobernador afirm\u00f3 en relaci\u00f3n al contexto actual que \u201d<strong>ganamos las elecciones en 2019 para hacer valer esos derechos y no podemos descansar ni un solo d\u00eda hasta que haya dignidad<\/strong>, se recupere lo perdido y nuestro pueblo vuelva a tener un futuro. El recuerdo de Evita debe instarnos a seguir militando todos los d\u00edas\u201d, y entre tanto, pidi\u00f3 a las y los militantes que \u201cno se olviden por qu\u00e9 ganamos las elecciones\u201d en 2019.\u00a0<\/p>\n\n\n\n<figure class=\"wp-block-image size-full\"><a href=\"https:\/\/morenoprimero.com.ar\/wp-content\/uploads\/2022\/05\/Evita-103-anos-2.jpg\"><img loading=\"lazy\" decoding=\"async\" width=\"900\" height=\"638\" src=\"https:\/\/morenoprimero.com.ar\/wp-content\/uploads\/2022\/05\/Evita-103-anos-2.jpg\" alt=\"\" class=\"wp-image-27970\" srcset=\"https:\/\/morenoprimero.com.ar\/archivo\/wp-content\/uploads\/2022\/05\/Evita-103-anos-2.jpg 900w, https:\/\/morenoprimero.com.ar\/archivo\/wp-content\/uploads\/2022\/05\/Evita-103-anos-2-300x213.jpg 300w, https:\/\/morenoprimero.com.ar\/archivo\/wp-content\/uploads\/2022\/05\/Evita-103-anos-2-768x544.jpg 768w\" sizes=\"auto, (max-width: 900px) 100vw, 900px\" \/><\/a><\/figure>\n\n\n\n<p>La intendenta de Moreno y vicepresidenta del PJ bonaerense,<strong> Mariel Fern\u00e1ndez<\/strong>, dijo que \u00abEvita nos dej\u00f3 el mensaje de que pod\u00edamos so\u00f1ar, que no hab\u00eda que dejarlo en manos de quienes no defend\u00edan nuestros intereses, de los oligarcas, de los capitales for\u00e1neos\u00bb.&nbsp;<br>&nbsp;<br>La jefa comunal llam\u00f3 a la unidad del espacio al indicar que \u00abde ninguna manera una diferencia nuestra puede entregarle el sill\u00f3n presidencial a un liberal, a la derecha argentina\u00bb,&nbsp;<br>&nbsp;<br>\u00ab<strong>Cada vez que son gobierno cierran las f\u00e1bricas y la gente se queda sin trabajo. Necesitamos que en el 2023 podamos conservar el gobierno peronista para poder seguir luchando por la justicia social como nos ense\u00f1\u00f3 Evita<\/strong>\u00ab, puntualiz\u00f3.&nbsp;<br>&nbsp;<br>En el acto tambi\u00e9n estuvieron presentes la vicegobernadora y vicepresidenta primera del Partido Justicialista bonaerense, Ver\u00f3nica Magario, las intendentas Mayra Mendoza (Quilmes), Karina Men\u00e9ndez (Merlo), Blanca Cantero (Presidente Per\u00f3n), Celia Gianini (Carlos Tejedor), y Marisa Fassi (Ca\u00f1uelas).&nbsp;<br>&nbsp;<br>Asimismo, asistieron la ministra de Gobierno, Cristina \u00c1lvarez Rodr\u00edguez, la senadora provincial, Teresa Garc\u00eda, la diputada Viviana Guzzo, la directora del Instituto Cultural, Florencia Saintout y la subsecretaria de Pol\u00edticas Culturales, Victoria Onetto, entre otros funcionarios e intendentes bonaerenses.&nbsp;<\/p>\n\n\n\n<figure class=\"wp-block-image\"><img decoding=\"async\" src=\"https:\/\/www.telam.com.ar\/thumbs\/bluesteel\/advf\/imagenes\/2022\/05\/6276f35228e0c_900.jpg\" alt=\"Telam SE\"\/><\/figure>\n","protected":false},"excerpt":{"rendered":"<p>El presidente del Pj Bonaerense y diputado nacional, M\u00e1ximo Kirhcner, y el gobernador Axel Kicillof, encabezaron un acto en Los Toldos para recordar los 103 a\u00f1os del nacimiento de Eva Duarte de Per\u00f3n. Se dio en el marco del traspaso &hellip; <a href=\"https:\/\/morenoprimero.com.ar\/archivo\/se-realizo-un-homenaje-a-103-anos-del-nacimiento-de-eva-duarte-de-peron\/\">Sigue leyendo <span class=\"meta-nav\">&rarr;<\/span><\/a><\/p>\n","protected":false},"author":6,"featured_media":27971,"comment_status":"closed","ping_status":"closed","sticky":false,"template":"","format":"standard","meta":{"footnotes":""},"categories":[2,2329],"tags":[132,287,276,277],"class_list":["post-27963","post","type-post","status-publish","format-standard","has-post-thumbnail","hentry","category-destacadas","category-provincial","tag-axel-kicillof","tag-evita","tag-mariel-fernandez","tag-maximo-kirchner"],"_links":{"self":[{"href":"https:\/\/morenoprimero.com.ar\/archivo\/wp-json\/wp\/v2\/posts\/27963","targetHints":{"allow":["GET"]}}],"collection":[{"href":"https:\/\/morenoprimero.com.ar\/archivo\/wp-json\/wp\/v2\/posts"}],"about":[{"href":"https:\/\/morenoprimero.com.ar\/archivo\/wp-json\/wp\/v2\/types\/post"}],"author":[{"embeddable":true,"href":"https:\/\/morenoprimero.com.ar\/archivo\/wp-json\/wp\/v2\/users\/6"}],"replies":[{"embeddable":true,"href":"https:\/\/morenoprimero.com.ar\/archivo\/wp-json\/wp\/v2\/comments?post=27963"}],"version-history":[{"count":3,"href":"https:\/\/morenoprimero.com.ar\/archivo\/wp-json\/wp\/v2\/posts\/27963\/revisions"}],"predecessor-version":[{"id":27972,"href":"https:\/\/morenoprimero.com.ar\/archivo\/wp-json\/wp\/v2\/posts\/27963\/revisions\/27972"}],"wp:featuredmedia":[{"embeddable":true,"href":"https:\/\/morenoprimero.com.ar\/archivo\/wp-json\/wp\/v2\/media\/27971"}],"wp:attachment":[{"href":"https:\/\/morenoprimero.com.ar\/archivo\/wp-json\/wp\/v2\/media?parent=27963"}],"wp:term":[{"taxonomy":"category","embeddable":true,"href":"https:\/\/morenoprimero.com.ar\/archivo\/wp-json\/wp\/v2\/categories?post=27963"},{"taxonomy":"post_tag","embeddable":true,"href":"https:\/\/morenoprimero.com.ar\/archivo\/wp-json\/wp\/v2\/tags?post=27963"}],"curies":[{"name":"wp","href":"https:\/\/api.w.org\/{rel}","templated":true}]}}