{"id":27956,"date":"2022-05-06T19:54:14","date_gmt":"2022-05-06T22:54:14","guid":{"rendered":"https:\/\/morenoprimero.com.ar\/?p=27956"},"modified":"2022-05-06T19:54:40","modified_gmt":"2022-05-06T22:54:40","slug":"guillermo-benavidez-me-gusta-pensar-que-mi-trabajo-es-totalmente-abierto","status":"publish","type":"post","link":"https:\/\/morenoprimero.com.ar\/archivo\/guillermo-benavidez-me-gusta-pensar-que-mi-trabajo-es-totalmente-abierto\/","title":{"rendered":"Guillermo Benavidez: \u00abMe gusta pensar que mi trabajo es totalmente abierto\u00bb"},"content":{"rendered":"\n<h5 class=\"wp-block-heading\">Hasta el 16 de mayo, y por inicia de la Secretar\u00eda de Cultura, Educaci\u00f3n y Deportes, se presenta en el Museo Manuel Belgrano \u201cObra P\u00f3stuma\u00bb. En di\u00e1logo con Moreno Primero, Guillermo Benavidez, su autor, afirm\u00f3:<strong> \u00abLograr hacer muestras de envergadura y de calidad en el museo para que la gente pueda venir a disfrutar de este espacio cultural es muy importante\u00bb.<\/strong><\/h5>\n\n\n\n<p><strong>Dialogamos con el artista, Guillermo Benavidez sobre la obra, y la inauguraci\u00f3n de la muestra en Moreno<\/strong><\/p>\n\n\n\n<p><strong>\u00abEstoy muy contento con la muestra. Despu\u00e9s de estos a\u00f1os de pandemia ten\u00eda muchas ganas de mostrar la obra. Esta obra que se present\u00f3 el s\u00e1bado en Moreno tiene tres a\u00f1os. La verdad es que el museo de Moreno es un muy lindo espacio que tiene el municipio\u00bb<\/strong>, manifest\u00f3 el artista.<\/p>\n\n\n\n<p>Se trata de una serie de pinturas realizadas al \u00f3leo, donde se muestran aspectos \u00edntimos del ser humano, sus dolencias, angustias y sufrimientos, de todos modos el artista manifiesta que prefiere no encasillar a la misma y que cada espectador le de la interpretaci\u00f3n que le genere.<\/p>\n\n\n\n<p><strong>\u00abMe gusta pensar que mi trabajo es totalmente abierto, en que te puede llevar a distintos lados, lo construyo desde ese punto de vista. No lo construy\u00f3 desde un concepto previo\u00bb, <\/strong>explico el autor de la obra en exclusiva a Moreno Primero.<\/p>\n\n\n\n<figure class=\"wp-block-gallery columns-2 is-cropped wp-block-gallery-1 is-layout-flex wp-block-gallery-is-layout-flex\"><ul class=\"blocks-gallery-grid\"><li class=\"blocks-gallery-item\"><figure><a href=\"https:\/\/morenoprimero.com.ar\/wp-content\/uploads\/2022\/05\/WhatsApp_Image_2022-05-06_at_7.38.56_PM.jpg\"><img loading=\"lazy\" decoding=\"async\" width=\"767\" height=\"1024\" src=\"https:\/\/morenoprimero.com.ar\/wp-content\/uploads\/2022\/05\/WhatsApp_Image_2022-05-06_at_7.38.56_PM-767x1024.jpg\" alt=\"\" data-id=\"27959\" data-full-url=\"https:\/\/morenoprimero.com.ar\/wp-content\/uploads\/2022\/05\/WhatsApp_Image_2022-05-06_at_7.38.56_PM.jpg\" data-link=\"https:\/\/morenoprimero.com.ar\/?attachment_id=27959\" class=\"wp-image-27959\" srcset=\"https:\/\/morenoprimero.com.ar\/archivo\/wp-content\/uploads\/2022\/05\/WhatsApp_Image_2022-05-06_at_7.38.56_PM-767x1024.jpg 767w, https:\/\/morenoprimero.com.ar\/archivo\/wp-content\/uploads\/2022\/05\/WhatsApp_Image_2022-05-06_at_7.38.56_PM-225x300.jpg 225w, https:\/\/morenoprimero.com.ar\/archivo\/wp-content\/uploads\/2022\/05\/WhatsApp_Image_2022-05-06_at_7.38.56_PM-768x1026.jpg 768w, https:\/\/morenoprimero.com.ar\/archivo\/wp-content\/uploads\/2022\/05\/WhatsApp_Image_2022-05-06_at_7.38.56_PM-1150x1536.jpg 1150w, https:\/\/morenoprimero.com.ar\/archivo\/wp-content\/uploads\/2022\/05\/WhatsApp_Image_2022-05-06_at_7.38.56_PM.jpg 1198w\" sizes=\"auto, (max-width: 767px) 100vw, 767px\" \/><\/a><\/figure><\/li><li class=\"blocks-gallery-item\"><figure><a href=\"https:\/\/morenoprimero.com.ar\/wp-content\/uploads\/2022\/05\/WhatsApp_Image_2022-05-06_at_7.38.57_PM.jpg\"><img loading=\"lazy\" decoding=\"async\" width=\"1024\" height=\"767\" src=\"https:\/\/morenoprimero.com.ar\/wp-content\/uploads\/2022\/05\/WhatsApp_Image_2022-05-06_at_7.38.57_PM-1024x767.jpg\" alt=\"\" data-id=\"27960\" data-full-url=\"https:\/\/morenoprimero.com.ar\/wp-content\/uploads\/2022\/05\/WhatsApp_Image_2022-05-06_at_7.38.57_PM.jpg\" data-link=\"https:\/\/morenoprimero.com.ar\/?attachment_id=27960\" class=\"wp-image-27960\" srcset=\"https:\/\/morenoprimero.com.ar\/archivo\/wp-content\/uploads\/2022\/05\/WhatsApp_Image_2022-05-06_at_7.38.57_PM-1024x767.jpg 1024w, https:\/\/morenoprimero.com.ar\/archivo\/wp-content\/uploads\/2022\/05\/WhatsApp_Image_2022-05-06_at_7.38.57_PM-300x225.jpg 300w, https:\/\/morenoprimero.com.ar\/archivo\/wp-content\/uploads\/2022\/05\/WhatsApp_Image_2022-05-06_at_7.38.57_PM-768x575.jpg 768w, https:\/\/morenoprimero.com.ar\/archivo\/wp-content\/uploads\/2022\/05\/WhatsApp_Image_2022-05-06_at_7.38.57_PM-1536x1150.jpg 1536w, https:\/\/morenoprimero.com.ar\/archivo\/wp-content\/uploads\/2022\/05\/WhatsApp_Image_2022-05-06_at_7.38.57_PM.jpg 1600w\" sizes=\"auto, (max-width: 1024px) 100vw, 1024px\" \/><\/a><\/figure><\/li><\/ul><\/figure>\n\n\n\n<p>Por \u00faltimo en relaci\u00f3n a la gran participaci\u00f3n y presencia de vecinos y vecinas de Moreno que tuvo la inauguraci\u00f3n de la muestra Guillermo manifiesta la importancia de que se generen estos espacios de participaci\u00f3n<\/p>\n\n\n\n<p><strong>\u00abLograr hacer muestras de envergadura y de calidad en el museo para que la gente pueda venir a disfrutar de este espacio cultural es muy importante, a mi muestra fue mucha gente joven, yo creo que la gente tiene muchas ganas de ir a ver muestras visuales. Ojal\u00e1 se pueda seguir trabajando con el municipio\u00bb<\/strong>, finaliz\u00f3 Guillermo Benavidez, artista de la gran obra.<\/p>\n","protected":false},"excerpt":{"rendered":"<p>Hasta el 16 de mayo, y por inicia de la Secretar\u00eda de Cultura, Educaci\u00f3n y Deportes, se presenta en el Museo Manuel Belgrano \u201cObra P\u00f3stuma\u00bb. En di\u00e1logo con Moreno Primero, Guillermo Benavidez, su autor, afirm\u00f3: \u00abLograr hacer muestras de envergadura &hellip; <a href=\"https:\/\/morenoprimero.com.ar\/archivo\/guillermo-benavidez-me-gusta-pensar-que-mi-trabajo-es-totalmente-abierto\/\">Sigue leyendo <span class=\"meta-nav\">&rarr;<\/span><\/a><\/p>\n","protected":false},"author":6,"featured_media":27957,"comment_status":"closed","ping_status":"closed","sticky":false,"template":"","format":"standard","meta":{"footnotes":""},"categories":[2,2328],"tags":[3996,6,3998,3997],"class_list":["post-27956","post","type-post","status-publish","format-standard","has-post-thumbnail","hentry","category-destacadas","category-local","tag-guillermo-benavidez","tag-moreno","tag-museo-manuel-belgrano","tag-obra-postuma"],"_links":{"self":[{"href":"https:\/\/morenoprimero.com.ar\/archivo\/wp-json\/wp\/v2\/posts\/27956","targetHints":{"allow":["GET"]}}],"collection":[{"href":"https:\/\/morenoprimero.com.ar\/archivo\/wp-json\/wp\/v2\/posts"}],"about":[{"href":"https:\/\/morenoprimero.com.ar\/archivo\/wp-json\/wp\/v2\/types\/post"}],"author":[{"embeddable":true,"href":"https:\/\/morenoprimero.com.ar\/archivo\/wp-json\/wp\/v2\/users\/6"}],"replies":[{"embeddable":true,"href":"https:\/\/morenoprimero.com.ar\/archivo\/wp-json\/wp\/v2\/comments?post=27956"}],"version-history":[{"count":2,"href":"https:\/\/morenoprimero.com.ar\/archivo\/wp-json\/wp\/v2\/posts\/27956\/revisions"}],"predecessor-version":[{"id":27962,"href":"https:\/\/morenoprimero.com.ar\/archivo\/wp-json\/wp\/v2\/posts\/27956\/revisions\/27962"}],"wp:featuredmedia":[{"embeddable":true,"href":"https:\/\/morenoprimero.com.ar\/archivo\/wp-json\/wp\/v2\/media\/27957"}],"wp:attachment":[{"href":"https:\/\/morenoprimero.com.ar\/archivo\/wp-json\/wp\/v2\/media?parent=27956"}],"wp:term":[{"taxonomy":"category","embeddable":true,"href":"https:\/\/morenoprimero.com.ar\/archivo\/wp-json\/wp\/v2\/categories?post=27956"},{"taxonomy":"post_tag","embeddable":true,"href":"https:\/\/morenoprimero.com.ar\/archivo\/wp-json\/wp\/v2\/tags?post=27956"}],"curies":[{"name":"wp","href":"https:\/\/api.w.org\/{rel}","templated":true}]}}