{"id":27931,"date":"2022-05-06T16:47:40","date_gmt":"2022-05-06T19:47:40","guid":{"rendered":"https:\/\/morenoprimero.com.ar\/?p=27931"},"modified":"2022-05-06T16:51:30","modified_gmt":"2022-05-06T19:51:30","slug":"mesa-judicial-de-vidal-fiscal-porteno-tambien-rechaza-que-la-causa-pase-a-comodoro-py","status":"publish","type":"post","link":"https:\/\/morenoprimero.com.ar\/archivo\/mesa-judicial-de-vidal-fiscal-porteno-tambien-rechaza-que-la-causa-pase-a-comodoro-py\/","title":{"rendered":"Mesa judicial de Vidal: fiscal porte\u00f1o tambi\u00e9n rechaza que la causa pase a Comodoro Py"},"content":{"rendered":"\n<h5 class=\"wp-block-heading\">En un contundente dictamen, Franco Picardi sostuvo que la investigaci\u00f3n debe continuar en la justicia de La Plata, en rechazo a la solicitud de uno de los procesados, el jefe de la AFI macrista, Juan De St\u00e9fano.<\/h5>\n\n\n\n<p>El fiscal federal porte\u00f1o&nbsp;<strong>Franco Picardi<\/strong>&nbsp;sostuvo que la investigaci\u00f3n de la llamada&nbsp;<strong>\u00abmesa judicial bonaerense\u00bb<\/strong>&nbsp;debe seguir su tr\u00e1mite en la justicia de La Plata, en un dictamen que entreg\u00f3 ante el planteo de inhibitoria hecho por uno de los procesados, el ex jefe del \u00e1rea jur\u00eddica de la AFI,<strong>&nbsp;Juan De St\u00e9fano<\/strong>.<\/p>\n\n\n\n<p>La Fiscal\u00eda con sede en los tribunales federales de Retiro se opuso a que el juez federal&nbsp;<strong>Marcelo Mart\u00ednez De Giorgi&nbsp;<\/strong>reclame a su par de La Plata&nbsp;<strong>Ernesto Kreplak<\/strong>&nbsp;la inhibici\u00f3n en la causa por la mesa judicial bonaerense y su env\u00edo a esa sede judicial porte\u00f1a, seg\u00fan el dictamen al que tuvo acceso T\u00e9lam.<\/p>\n\n\n\n<p>Mart\u00ednez De Giorgi qued\u00f3 a cargo de la causa por espionaje ilegal a pol\u00edticos, funcionarios, empresarios que tramit\u00f3 en el fuero federal de Lomas de Zamora y pas\u00f3 a Comodoro Py por orden de la C\u00e1mara Federal de Casaci\u00f3n.<\/p>\n\n\n\n<p>En su planteo de inhibitoria, De St\u00e9fano sostuvo que ambas investigaciones tienen \u00absimilitud\u00bb, al referirse a la causa por espionaje ilegal en la que tambi\u00e9n est\u00e1 imputado.<\/p>\n\n\n\n<p>Picardi, por su parte, dictamin\u00f3 que el caso debe seguir en La Plata porque&nbsp;<strong>\u00ablas funciones p\u00fablicas e incluso los negocios privados que integrar\u00edan las maniobras bajo la lupa son atinentes a la administraci\u00f3n p\u00fablica de la provincia de Buenos Aires\u00bb<\/strong>, argument\u00f3.<\/p>\n\n\n\n<p>La reuni\u00f3n entre funcionarios bonaerenses y empresarios de la construcci\u00f3n para hablar del sindicalista \u00abPata\u00bb Medina\u00bb que \u00bb ha sido puntapi\u00e9 de la investigaci\u00f3n desarrollada tuvo lugar en una de sus instituciones centrales, como es el Banco Provincia\u00bb.<\/p>\n\n\n\n<p>\u00abAdem\u00e1s, a excepci\u00f3n de tres miembros de la Agencia Federal de Inteligencia, los cinco funcionarios p\u00fablicos y los seis empresarios imputados son funcionarios p\u00fablicos y empresarios de la provincia de Buenos Aires, cuyas sedes centrales de mandato y negocios, y residencias, se ubican en la ciudad de La Plata, provincia de Buenos Aires\u00bb, agreg\u00f3 el fiscal.<\/p>\n\n\n\n<p>Por ello, sostuvo que el planteo para que el caso pase a Comodoro Py<strong>&nbsp;\u00abno puede prosperar\u00bb&nbsp;<\/strong>y ahora la decisi\u00f3n ser\u00e1 de Mart\u00ednez De Giorgi.<\/p>\n\n\n\n<p><a href=\"javascript:void(0);\"><\/a><\/p>\n","protected":false},"excerpt":{"rendered":"<p>En un contundente dictamen, Franco Picardi sostuvo que la investigaci\u00f3n debe continuar en la justicia de La Plata, en rechazo a la solicitud de uno de los procesados, el jefe de la AFI macrista, Juan De St\u00e9fano. El fiscal federal &hellip; <a href=\"https:\/\/morenoprimero.com.ar\/archivo\/mesa-judicial-de-vidal-fiscal-porteno-tambien-rechaza-que-la-causa-pase-a-comodoro-py\/\">Sigue leyendo <span class=\"meta-nav\">&rarr;<\/span><\/a><\/p>\n","protected":false},"author":6,"featured_media":27933,"comment_status":"closed","ping_status":"closed","sticky":false,"template":"","format":"standard","meta":{"footnotes":""},"categories":[2329],"tags":[3991,60,2400],"class_list":["post-27931","post","type-post","status-publish","format-standard","has-post-thumbnail","hentry","category-provincial","tag-afi-macrista","tag-provincia-de-buenos-aires","tag-vidal"],"_links":{"self":[{"href":"https:\/\/morenoprimero.com.ar\/archivo\/wp-json\/wp\/v2\/posts\/27931","targetHints":{"allow":["GET"]}}],"collection":[{"href":"https:\/\/morenoprimero.com.ar\/archivo\/wp-json\/wp\/v2\/posts"}],"about":[{"href":"https:\/\/morenoprimero.com.ar\/archivo\/wp-json\/wp\/v2\/types\/post"}],"author":[{"embeddable":true,"href":"https:\/\/morenoprimero.com.ar\/archivo\/wp-json\/wp\/v2\/users\/6"}],"replies":[{"embeddable":true,"href":"https:\/\/morenoprimero.com.ar\/archivo\/wp-json\/wp\/v2\/comments?post=27931"}],"version-history":[{"count":1,"href":"https:\/\/morenoprimero.com.ar\/archivo\/wp-json\/wp\/v2\/posts\/27931\/revisions"}],"predecessor-version":[{"id":27932,"href":"https:\/\/morenoprimero.com.ar\/archivo\/wp-json\/wp\/v2\/posts\/27931\/revisions\/27932"}],"wp:featuredmedia":[{"embeddable":true,"href":"https:\/\/morenoprimero.com.ar\/archivo\/wp-json\/wp\/v2\/media\/27933"}],"wp:attachment":[{"href":"https:\/\/morenoprimero.com.ar\/archivo\/wp-json\/wp\/v2\/media?parent=27931"}],"wp:term":[{"taxonomy":"category","embeddable":true,"href":"https:\/\/morenoprimero.com.ar\/archivo\/wp-json\/wp\/v2\/categories?post=27931"},{"taxonomy":"post_tag","embeddable":true,"href":"https:\/\/morenoprimero.com.ar\/archivo\/wp-json\/wp\/v2\/tags?post=27931"}],"curies":[{"name":"wp","href":"https:\/\/api.w.org\/{rel}","templated":true}]}}