{"id":27926,"date":"2022-05-06T14:57:10","date_gmt":"2022-05-06T17:57:10","guid":{"rendered":"https:\/\/morenoprimero.com.ar\/?p=27926"},"modified":"2022-05-06T14:57:11","modified_gmt":"2022-05-06T17:57:11","slug":"avanza-la-obra-de-la-escuela-primaria-n27-de-trujui","status":"publish","type":"post","link":"https:\/\/morenoprimero.com.ar\/archivo\/avanza-la-obra-de-la-escuela-primaria-n27-de-trujui\/","title":{"rendered":"Avanza la obra de la Escuela Primaria N\u00b027 de Trujui"},"content":{"rendered":"\n<h5 class=\"wp-block-heading\">La comunidad educativa contar\u00e1 con un espacio propio de 4 aulas nuevas, ba\u00f1os y otras dependencias<\/h5>\n\n\n\n<p>El gobierno municipal que conduce Mariel Fern\u00e1ndez, a trav\u00e9s de la Secretar\u00eda de Cultura, Educaci\u00f3n y Deportes y la Secretar\u00eda de Obras y Servicios P\u00fablicos, avanza con la obra de la Escuela Primaria N\u00b027 de la localidad de Trujui.<\/p>\n\n\n\n<figure class=\"wp-block-gallery columns-2 is-cropped wp-block-gallery-1 is-layout-flex wp-block-gallery-is-layout-flex\"><ul class=\"blocks-gallery-grid\"><li class=\"blocks-gallery-item\"><figure><a href=\"https:\/\/morenoprimero.com.ar\/wp-content\/uploads\/2022\/05\/WhatsApp_Image_2022-05-06_at_1.12.40_PM.jpg\"><img loading=\"lazy\" decoding=\"async\" width=\"1024\" height=\"471\" src=\"https:\/\/morenoprimero.com.ar\/wp-content\/uploads\/2022\/05\/WhatsApp_Image_2022-05-06_at_1.12.40_PM-1024x471.jpg\" alt=\"\" data-id=\"27929\" data-full-url=\"https:\/\/morenoprimero.com.ar\/wp-content\/uploads\/2022\/05\/WhatsApp_Image_2022-05-06_at_1.12.40_PM.jpg\" data-link=\"https:\/\/morenoprimero.com.ar\/?attachment_id=27929\" class=\"wp-image-27929\" srcset=\"https:\/\/morenoprimero.com.ar\/archivo\/wp-content\/uploads\/2022\/05\/WhatsApp_Image_2022-05-06_at_1.12.40_PM-1024x471.jpg 1024w, https:\/\/morenoprimero.com.ar\/archivo\/wp-content\/uploads\/2022\/05\/WhatsApp_Image_2022-05-06_at_1.12.40_PM-300x138.jpg 300w, https:\/\/morenoprimero.com.ar\/archivo\/wp-content\/uploads\/2022\/05\/WhatsApp_Image_2022-05-06_at_1.12.40_PM-768x353.jpg 768w, https:\/\/morenoprimero.com.ar\/archivo\/wp-content\/uploads\/2022\/05\/WhatsApp_Image_2022-05-06_at_1.12.40_PM.jpg 1280w\" sizes=\"auto, (max-width: 1024px) 100vw, 1024px\" \/><\/a><\/figure><\/li><li class=\"blocks-gallery-item\"><figure><a href=\"https:\/\/morenoprimero.com.ar\/wp-content\/uploads\/2022\/05\/WhatsApp_Image_2022-05-06_at_1.12.40_PM-1.jpg\"><img loading=\"lazy\" decoding=\"async\" width=\"1024\" height=\"768\" src=\"https:\/\/morenoprimero.com.ar\/wp-content\/uploads\/2022\/05\/WhatsApp_Image_2022-05-06_at_1.12.40_PM-1-1024x768.jpg\" alt=\"\" data-id=\"27928\" data-full-url=\"https:\/\/morenoprimero.com.ar\/wp-content\/uploads\/2022\/05\/WhatsApp_Image_2022-05-06_at_1.12.40_PM-1.jpg\" data-link=\"https:\/\/morenoprimero.com.ar\/?attachment_id=27928\" class=\"wp-image-27928\" srcset=\"https:\/\/morenoprimero.com.ar\/archivo\/wp-content\/uploads\/2022\/05\/WhatsApp_Image_2022-05-06_at_1.12.40_PM-1-1024x768.jpg 1024w, https:\/\/morenoprimero.com.ar\/archivo\/wp-content\/uploads\/2022\/05\/WhatsApp_Image_2022-05-06_at_1.12.40_PM-1-300x225.jpg 300w, https:\/\/morenoprimero.com.ar\/archivo\/wp-content\/uploads\/2022\/05\/WhatsApp_Image_2022-05-06_at_1.12.40_PM-1-768x576.jpg 768w, https:\/\/morenoprimero.com.ar\/archivo\/wp-content\/uploads\/2022\/05\/WhatsApp_Image_2022-05-06_at_1.12.40_PM-1-1536x1152.jpg 1536w, https:\/\/morenoprimero.com.ar\/archivo\/wp-content\/uploads\/2022\/05\/WhatsApp_Image_2022-05-06_at_1.12.40_PM-1.jpg 1600w\" sizes=\"auto, (max-width: 1024px) 100vw, 1024px\" \/><\/a><\/figure><\/li><\/ul><\/figure>\n\n\n\n<p>La obra es financiada mediante el Fondo Educativo Municipal y contempla la construcci\u00f3n 4 aulas nuevas, ba\u00f1os y otras dependencias.<\/p>\n\n\n\n<p>De esta forma, la comunidad educativa de la instituci\u00f3n contar\u00e1 con un espacio propio y podr\u00e1 estudiar y ense\u00f1ar en condiciones.<\/p>\n","protected":false},"excerpt":{"rendered":"<p>La comunidad educativa contar\u00e1 con un espacio propio de 4 aulas nuevas, ba\u00f1os y otras dependencias El gobierno municipal que conduce Mariel Fern\u00e1ndez, a trav\u00e9s de la Secretar\u00eda de Cultura, Educaci\u00f3n y Deportes y la Secretar\u00eda de Obras y Servicios &hellip; <a href=\"https:\/\/morenoprimero.com.ar\/archivo\/avanza-la-obra-de-la-escuela-primaria-n27-de-trujui\/\">Sigue leyendo <span class=\"meta-nav\">&rarr;<\/span><\/a><\/p>\n","protected":false},"author":6,"featured_media":27927,"comment_status":"closed","ping_status":"closed","sticky":false,"template":"","format":"standard","meta":{"footnotes":""},"categories":[2328],"tags":[3990,6,106],"class_list":["post-27926","post","type-post","status-publish","format-standard","has-post-thumbnail","hentry","category-local","tag-escuela-primaria-n27","tag-moreno","tag-trujui"],"_links":{"self":[{"href":"https:\/\/morenoprimero.com.ar\/archivo\/wp-json\/wp\/v2\/posts\/27926","targetHints":{"allow":["GET"]}}],"collection":[{"href":"https:\/\/morenoprimero.com.ar\/archivo\/wp-json\/wp\/v2\/posts"}],"about":[{"href":"https:\/\/morenoprimero.com.ar\/archivo\/wp-json\/wp\/v2\/types\/post"}],"author":[{"embeddable":true,"href":"https:\/\/morenoprimero.com.ar\/archivo\/wp-json\/wp\/v2\/users\/6"}],"replies":[{"embeddable":true,"href":"https:\/\/morenoprimero.com.ar\/archivo\/wp-json\/wp\/v2\/comments?post=27926"}],"version-history":[{"count":1,"href":"https:\/\/morenoprimero.com.ar\/archivo\/wp-json\/wp\/v2\/posts\/27926\/revisions"}],"predecessor-version":[{"id":27930,"href":"https:\/\/morenoprimero.com.ar\/archivo\/wp-json\/wp\/v2\/posts\/27926\/revisions\/27930"}],"wp:featuredmedia":[{"embeddable":true,"href":"https:\/\/morenoprimero.com.ar\/archivo\/wp-json\/wp\/v2\/media\/27927"}],"wp:attachment":[{"href":"https:\/\/morenoprimero.com.ar\/archivo\/wp-json\/wp\/v2\/media?parent=27926"}],"wp:term":[{"taxonomy":"category","embeddable":true,"href":"https:\/\/morenoprimero.com.ar\/archivo\/wp-json\/wp\/v2\/categories?post=27926"},{"taxonomy":"post_tag","embeddable":true,"href":"https:\/\/morenoprimero.com.ar\/archivo\/wp-json\/wp\/v2\/tags?post=27926"}],"curies":[{"name":"wp","href":"https:\/\/api.w.org\/{rel}","templated":true}]}}