{"id":27889,"date":"2022-05-05T19:22:50","date_gmt":"2022-05-05T22:22:50","guid":{"rendered":"https:\/\/morenoprimero.com.ar\/?p=27889"},"modified":"2022-05-05T19:22:51","modified_gmt":"2022-05-05T22:22:51","slug":"daiana-anadon-la-feria-las-flores-es-una-situacion-que-venia-siendo-demandada-por-la-comunidad-hace-mucho-tiempo","status":"publish","type":"post","link":"https:\/\/morenoprimero.com.ar\/archivo\/daiana-anadon-la-feria-las-flores-es-una-situacion-que-venia-siendo-demandada-por-la-comunidad-hace-mucho-tiempo\/","title":{"rendered":"Daiana Anad\u00f3n: \u00abLa Feria Las Flores es una situaci\u00f3n que ven\u00eda siendo demandada por la comunidad hace mucho tiempo\u00bb"},"content":{"rendered":"\n<h5 class=\"wp-block-heading\">Cumpliendo con las demandas de las y los vecinos de Moreno, el municipio comenz\u00f3 la relocalizaci\u00f3n de la feria \u201cLas Flores\u201d. Desde Moreno Primero, dialogamos con Daiana Anad\u00f3n, administradora del IMDEL: \u00abEmpezamos a construir un predio nuevo con condiciones dignas para desarrollar las actividades laborales, con seguridad, donde no existe el hacinamiento y con diferentes cuestiones que garantizan poder trabajar\u201d.<\/h5>\n\n\n\n<p>La Feria Las Flores lleg\u00f3 a Moreno hace a\u00f1os de manera ilegal y se mantuvo ocupando lotes p\u00fablicos y privados, sin ning\u00fan tipo de control ni medidas de seguridad e higiene.<\/p>\n\n\n\n<p>En di\u00e1logo con Moreno Primero, Daiana Anad\u00f3n, la administradora del IMDEL, habl\u00f3 sobre la decisi\u00f3n pol\u00edtica por parte del municipio de atender a las necesidades y demandas de la comunidad de Trujui, y finalmente relocalizar la feria a un predio nuevo ante el inminente desalojo que dict\u00f3 el Juzgado de Faltas:<strong> \u201cMuchas personas nos manifestaban que en la feria se generaban situaciones peligrosas, il\u00edcitos que pon\u00edan en riesgo la seguridad de la comunidad, por lo cual sab\u00edamos que ah\u00ed ten\u00edamos un conflicto a resolver y sab\u00edamos tambi\u00e9n que la mejor manera de resolverlo era con una propuesta pol\u00edtica que nos lleve a un mejor lugar\u201d.<\/strong><\/p>\n\n\n\n<p>Se estima que en la feria hay m\u00e1s de 300 puestos y m\u00e1s de 600 feriantes. En el lugar, se venden todo tipo de productos robados, falsificados, vencidos o animales maltratados que son comercializados, dejando el lugar en ruinas cada vez que la feria se llevaba a cabo. Sobre esta situaci\u00f3n, Daiana, afirm\u00f3 que <strong>\u201ccreo que los que m\u00e1s van a cuidar el predio y van a evitar una nueva ocupaci\u00f3n y van a defender el nuevo proyecto son los mismos vecinos\u201d.<\/strong><\/p>\n\n\n\n<p>En relaci\u00f3n a c\u00f3mo el municipio decidi\u00f3 resolver esta problem\u00e1tica y ante la decisi\u00f3n de la Justicia de desalojar y clausurar la Feria por distintas irregularidades y denuncias, Anad\u00f3n, expres\u00f3: <strong>\u00abEmpezamos a construir un predio nuevo con condiciones dignas para desarrollar las actividades laborales, con seguridad, donde no existe el hacinamiento, con diferentes cuestiones que garantizan poder trabajar\u201d<\/strong>, y agreg\u00f3 que <strong>\u201cfue imposible hacer el Censo en territorio obviamente porque esa feria era manejada por grupos que ten\u00edan muchos intereses de por medio y no quer\u00edan que este proyecto sea exitoso por lo cual empezamos a convocar a los feriantes al IMDEL, hicimos el proceso en el IMDEL y no pudimos estar en territorio\u201d.<\/strong><\/p>\n\n\n\n<figure class=\"wp-block-image size-large\"><a href=\"https:\/\/morenoprimero.com.ar\/wp-content\/uploads\/2022\/05\/WhatsApp_Image_2022-05-05_at_7.12.01_PM.jpg\"><img loading=\"lazy\" decoding=\"async\" width=\"1024\" height=\"690\" src=\"https:\/\/morenoprimero.com.ar\/wp-content\/uploads\/2022\/05\/WhatsApp_Image_2022-05-05_at_7.12.01_PM-1024x690.jpg\" alt=\"\" class=\"wp-image-27892\" srcset=\"https:\/\/morenoprimero.com.ar\/archivo\/wp-content\/uploads\/2022\/05\/WhatsApp_Image_2022-05-05_at_7.12.01_PM-1024x690.jpg 1024w, https:\/\/morenoprimero.com.ar\/archivo\/wp-content\/uploads\/2022\/05\/WhatsApp_Image_2022-05-05_at_7.12.01_PM-300x202.jpg 300w, https:\/\/morenoprimero.com.ar\/archivo\/wp-content\/uploads\/2022\/05\/WhatsApp_Image_2022-05-05_at_7.12.01_PM-768x517.jpg 768w, https:\/\/morenoprimero.com.ar\/archivo\/wp-content\/uploads\/2022\/05\/WhatsApp_Image_2022-05-05_at_7.12.01_PM-1536x1035.jpg 1536w, https:\/\/morenoprimero.com.ar\/archivo\/wp-content\/uploads\/2022\/05\/WhatsApp_Image_2022-05-05_at_7.12.01_PM.jpg 1599w\" sizes=\"auto, (max-width: 1024px) 100vw, 1024px\" \/><\/a><\/figure>\n\n\n\n<p><strong>Un nuevo comienzo para la feria Las Flores<\/strong><\/p>\n\n\n\n<p>Si bien se trata de una relocalizaci\u00f3n, esta misma tambi\u00e9n implica nuevas posibilidades para los feriantes que acuden al IMDEL y participan activamente de la econom\u00eda popular de Moreno. Sobre eso se manifest\u00f3 Daiana Anad\u00f3n, quien dijo: <strong>\u201cSe acercaron much\u00edsimos feriantes, tenemos actualmente 420 puestos cubiertos del nuevo predio y al entrevistarlos escuchamos su situaci\u00f3n, nos contaron lo que estaba sucediendo y obviamente sus ganas de participar de este nuevo proyecto\u201d<\/strong>, y tambi\u00e9n agreg\u00f3 que<strong> \u201ca partir de estas decisiones que viene tomando nuestra intendenta, va a ser posible garantizar la continuidad del trabajo de qui\u00e9nes s\u00ed estaban trabajando, qui\u00e9nes s\u00ed necesitan seguir teniendo un puesto de feria a quienes no se le va a negar y con quienes vamos a construir este nuevo predio\u201d.<\/strong><\/p>\n\n\n\n<p>Por \u00faltimo, habl\u00f3 sobre las nuevas posibilidades para feriantes que se nuclean en el IMDEL y en c\u00f3mo la feria Las Flores y el nuevo predio van a resolver la situaci\u00f3n, y adem\u00e1s representar\u00e1 una gran oportunidad para la zona, y dijo: <strong>\u201cTenemos las puertas abiertas, los estamos esperando, vamos a comentarles c\u00f3mo es el proceso y no vamos a discriminar a nadie que quiera trabajar bajo las condiciones que, qu\u00e9 son las condiciones en el marco de la Ley. Las puertas est\u00e1n abiertas, los esperamos a todos\u201d.<\/strong><\/p>\n","protected":false},"excerpt":{"rendered":"<p>Cumpliendo con las demandas de las y los vecinos de Moreno, el municipio comenz\u00f3 la relocalizaci\u00f3n de la feria \u201cLas Flores\u201d. Desde Moreno Primero, dialogamos con Daiana Anad\u00f3n, administradora del IMDEL: \u00abEmpezamos a construir un predio nuevo con condiciones dignas &hellip; <a href=\"https:\/\/morenoprimero.com.ar\/archivo\/daiana-anadon-la-feria-las-flores-es-una-situacion-que-venia-siendo-demandada-por-la-comunidad-hace-mucho-tiempo\/\">Sigue leyendo <span class=\"meta-nav\">&rarr;<\/span><\/a><\/p>\n","protected":false},"author":6,"featured_media":27891,"comment_status":"closed","ping_status":"closed","sticky":false,"template":"","format":"standard","meta":{"footnotes":""},"categories":[2,2328],"tags":[2475,3832,242,276,6],"class_list":["post-27889","post","type-post","status-publish","format-standard","has-post-thumbnail","hentry","category-destacadas","category-local","tag-daiana-anadon","tag-feria-las-flores","tag-imdel","tag-mariel-fernandez","tag-moreno"],"_links":{"self":[{"href":"https:\/\/morenoprimero.com.ar\/archivo\/wp-json\/wp\/v2\/posts\/27889","targetHints":{"allow":["GET"]}}],"collection":[{"href":"https:\/\/morenoprimero.com.ar\/archivo\/wp-json\/wp\/v2\/posts"}],"about":[{"href":"https:\/\/morenoprimero.com.ar\/archivo\/wp-json\/wp\/v2\/types\/post"}],"author":[{"embeddable":true,"href":"https:\/\/morenoprimero.com.ar\/archivo\/wp-json\/wp\/v2\/users\/6"}],"replies":[{"embeddable":true,"href":"https:\/\/morenoprimero.com.ar\/archivo\/wp-json\/wp\/v2\/comments?post=27889"}],"version-history":[{"count":1,"href":"https:\/\/morenoprimero.com.ar\/archivo\/wp-json\/wp\/v2\/posts\/27889\/revisions"}],"predecessor-version":[{"id":27893,"href":"https:\/\/morenoprimero.com.ar\/archivo\/wp-json\/wp\/v2\/posts\/27889\/revisions\/27893"}],"wp:featuredmedia":[{"embeddable":true,"href":"https:\/\/morenoprimero.com.ar\/archivo\/wp-json\/wp\/v2\/media\/27891"}],"wp:attachment":[{"href":"https:\/\/morenoprimero.com.ar\/archivo\/wp-json\/wp\/v2\/media?parent=27889"}],"wp:term":[{"taxonomy":"category","embeddable":true,"href":"https:\/\/morenoprimero.com.ar\/archivo\/wp-json\/wp\/v2\/categories?post=27889"},{"taxonomy":"post_tag","embeddable":true,"href":"https:\/\/morenoprimero.com.ar\/archivo\/wp-json\/wp\/v2\/tags?post=27889"}],"curies":[{"name":"wp","href":"https:\/\/api.w.org\/{rel}","templated":true}]}}