{"id":27716,"date":"2022-05-02T19:56:50","date_gmt":"2022-05-02T22:56:50","guid":{"rendered":"https:\/\/morenoprimero.com.ar\/?p=27716"},"modified":"2022-05-02T19:56:51","modified_gmt":"2022-05-02T22:56:51","slug":"continua-la-pavimentacion-y-construccion-de-segunda-calzada-en-la-ruta-n25","status":"publish","type":"post","link":"https:\/\/morenoprimero.com.ar\/archivo\/continua-la-pavimentacion-y-construccion-de-segunda-calzada-en-la-ruta-n25\/","title":{"rendered":"Contin\u00faa la pavimentaci\u00f3n y construcci\u00f3n de segunda calzada en la Ruta N\u00b025"},"content":{"rendered":"\n<h5 class=\"wp-block-heading\">En 1200 metros desde la Avenida San Fernando hasta la Rotonda de intersecci\u00f3n con Ruta Provincial N\u00b0 24<\/h5>\n\n\n\n<p>La Direcci\u00f3n de Vialidad de la Provincia de Buenos Aires, avanza con la obra de pavimentaci\u00f3n y construcci\u00f3n de segunda calzada en la Ruta Provincial N\u00b0 25 en jurisdicci\u00f3n del partido de Moreno.<\/p>\n\n\n\n<figure class=\"wp-block-gallery columns-3 is-cropped wp-block-gallery-1 is-layout-flex wp-block-gallery-is-layout-flex\"><ul class=\"blocks-gallery-grid\"><li class=\"blocks-gallery-item\"><figure><a href=\"https:\/\/morenoprimero.com.ar\/wp-content\/uploads\/2022\/05\/WhatsApp_Image_2022-05-02_at_1.49.04_PM.jpg\"><img loading=\"lazy\" decoding=\"async\" width=\"999\" height=\"666\" src=\"https:\/\/morenoprimero.com.ar\/wp-content\/uploads\/2022\/05\/WhatsApp_Image_2022-05-02_at_1.49.04_PM.jpg\" alt=\"\" data-id=\"27720\" data-full-url=\"https:\/\/morenoprimero.com.ar\/wp-content\/uploads\/2022\/05\/WhatsApp_Image_2022-05-02_at_1.49.04_PM.jpg\" data-link=\"https:\/\/morenoprimero.com.ar\/?attachment_id=27720\" class=\"wp-image-27720\" srcset=\"https:\/\/morenoprimero.com.ar\/archivo\/wp-content\/uploads\/2022\/05\/WhatsApp_Image_2022-05-02_at_1.49.04_PM.jpg 999w, https:\/\/morenoprimero.com.ar\/archivo\/wp-content\/uploads\/2022\/05\/WhatsApp_Image_2022-05-02_at_1.49.04_PM-300x200.jpg 300w, https:\/\/morenoprimero.com.ar\/archivo\/wp-content\/uploads\/2022\/05\/WhatsApp_Image_2022-05-02_at_1.49.04_PM-768x512.jpg 768w\" sizes=\"auto, (max-width: 999px) 100vw, 999px\" \/><\/a><\/figure><\/li><li class=\"blocks-gallery-item\"><figure><a href=\"https:\/\/morenoprimero.com.ar\/wp-content\/uploads\/2022\/05\/WhatsApp_Image_2022-05-02_at_1.49.05_PM.jpg\"><img loading=\"lazy\" decoding=\"async\" width=\"1024\" height=\"683\" src=\"https:\/\/morenoprimero.com.ar\/wp-content\/uploads\/2022\/05\/WhatsApp_Image_2022-05-02_at_1.49.05_PM-1024x683.jpg\" alt=\"\" data-id=\"27718\" data-full-url=\"https:\/\/morenoprimero.com.ar\/wp-content\/uploads\/2022\/05\/WhatsApp_Image_2022-05-02_at_1.49.05_PM.jpg\" data-link=\"https:\/\/morenoprimero.com.ar\/?attachment_id=27718\" class=\"wp-image-27718\" srcset=\"https:\/\/morenoprimero.com.ar\/archivo\/wp-content\/uploads\/2022\/05\/WhatsApp_Image_2022-05-02_at_1.49.05_PM-1024x683.jpg 1024w, https:\/\/morenoprimero.com.ar\/archivo\/wp-content\/uploads\/2022\/05\/WhatsApp_Image_2022-05-02_at_1.49.05_PM-300x200.jpg 300w, https:\/\/morenoprimero.com.ar\/archivo\/wp-content\/uploads\/2022\/05\/WhatsApp_Image_2022-05-02_at_1.49.05_PM-768x512.jpg 768w, https:\/\/morenoprimero.com.ar\/archivo\/wp-content\/uploads\/2022\/05\/WhatsApp_Image_2022-05-02_at_1.49.05_PM.jpg 1066w\" sizes=\"auto, (max-width: 1024px) 100vw, 1024px\" \/><\/a><\/figure><\/li><li class=\"blocks-gallery-item\"><figure><a href=\"https:\/\/morenoprimero.com.ar\/wp-content\/uploads\/2022\/05\/WhatsApp_Image_2022-05-02_at_1.49.05_PM-1.jpg\"><img loading=\"lazy\" decoding=\"async\" width=\"1024\" height=\"683\" src=\"https:\/\/morenoprimero.com.ar\/wp-content\/uploads\/2022\/05\/WhatsApp_Image_2022-05-02_at_1.49.05_PM-1-1024x683.jpg\" alt=\"\" data-id=\"27717\" data-full-url=\"https:\/\/morenoprimero.com.ar\/wp-content\/uploads\/2022\/05\/WhatsApp_Image_2022-05-02_at_1.49.05_PM-1.jpg\" data-link=\"https:\/\/morenoprimero.com.ar\/?attachment_id=27717\" class=\"wp-image-27717\" srcset=\"https:\/\/morenoprimero.com.ar\/archivo\/wp-content\/uploads\/2022\/05\/WhatsApp_Image_2022-05-02_at_1.49.05_PM-1-1024x683.jpg 1024w, https:\/\/morenoprimero.com.ar\/archivo\/wp-content\/uploads\/2022\/05\/WhatsApp_Image_2022-05-02_at_1.49.05_PM-1-300x200.jpg 300w, https:\/\/morenoprimero.com.ar\/archivo\/wp-content\/uploads\/2022\/05\/WhatsApp_Image_2022-05-02_at_1.49.05_PM-1-768x512.jpg 768w, https:\/\/morenoprimero.com.ar\/archivo\/wp-content\/uploads\/2022\/05\/WhatsApp_Image_2022-05-02_at_1.49.05_PM-1.jpg 1066w\" sizes=\"auto, (max-width: 1024px) 100vw, 1024px\" \/><\/a><\/figure><\/li><\/ul><\/figure>\n\n\n\n<p>Las tareas se ejecutan en un tramo de<strong> 1200 metros desde la Avenida San Fernando hasta la Rotonda de intersecci\u00f3n con Ruta Provincial N\u00b0 24,<\/strong> que tambi\u00e9n se repavimentar\u00e1 y ensanchar\u00e1. La obra contempla la conformaci\u00f3n de banquinas, d\u00e1rsenas de acceso, egreso y giros, desag\u00fces pluviales, iluminaci\u00f3n, semaforizaci\u00f3n, y se\u00f1alizaci\u00f3n horizontal y vertical.<\/p>\n\n\n\n<p>La construcci\u00f3n de la segunda calzada, para la cual<strong> la Provincia invirti\u00f3 m\u00e1s de 205 millones de pesos<\/strong>, va a aumentar la seguridad vial de los usuarios y a optimizar los tiempos de viaje de quienes circulen por dicha ruta.<\/p>\n","protected":false},"excerpt":{"rendered":"<p>En 1200 metros desde la Avenida San Fernando hasta la Rotonda de intersecci\u00f3n con Ruta Provincial N\u00b0 24 La Direcci\u00f3n de Vialidad de la Provincia de Buenos Aires, avanza con la obra de pavimentaci\u00f3n y construcci\u00f3n de segunda calzada en &hellip; <a href=\"https:\/\/morenoprimero.com.ar\/archivo\/continua-la-pavimentacion-y-construccion-de-segunda-calzada-en-la-ruta-n25\/\">Sigue leyendo <span class=\"meta-nav\">&rarr;<\/span><\/a><\/p>\n","protected":false},"author":6,"featured_media":27719,"comment_status":"closed","ping_status":"closed","sticky":false,"template":"","format":"standard","meta":{"footnotes":""},"categories":[2328],"tags":[3974,6,1814,3973],"class_list":["post-27716","post","type-post","status-publish","format-standard","has-post-thumbnail","hentry","category-local","tag-avenida-san-fernando","tag-moreno","tag-pavimentacion","tag-ruta-n25"],"_links":{"self":[{"href":"https:\/\/morenoprimero.com.ar\/archivo\/wp-json\/wp\/v2\/posts\/27716","targetHints":{"allow":["GET"]}}],"collection":[{"href":"https:\/\/morenoprimero.com.ar\/archivo\/wp-json\/wp\/v2\/posts"}],"about":[{"href":"https:\/\/morenoprimero.com.ar\/archivo\/wp-json\/wp\/v2\/types\/post"}],"author":[{"embeddable":true,"href":"https:\/\/morenoprimero.com.ar\/archivo\/wp-json\/wp\/v2\/users\/6"}],"replies":[{"embeddable":true,"href":"https:\/\/morenoprimero.com.ar\/archivo\/wp-json\/wp\/v2\/comments?post=27716"}],"version-history":[{"count":2,"href":"https:\/\/morenoprimero.com.ar\/archivo\/wp-json\/wp\/v2\/posts\/27716\/revisions"}],"predecessor-version":[{"id":27722,"href":"https:\/\/morenoprimero.com.ar\/archivo\/wp-json\/wp\/v2\/posts\/27716\/revisions\/27722"}],"wp:featuredmedia":[{"embeddable":true,"href":"https:\/\/morenoprimero.com.ar\/archivo\/wp-json\/wp\/v2\/media\/27719"}],"wp:attachment":[{"href":"https:\/\/morenoprimero.com.ar\/archivo\/wp-json\/wp\/v2\/media?parent=27716"}],"wp:term":[{"taxonomy":"category","embeddable":true,"href":"https:\/\/morenoprimero.com.ar\/archivo\/wp-json\/wp\/v2\/categories?post=27716"},{"taxonomy":"post_tag","embeddable":true,"href":"https:\/\/morenoprimero.com.ar\/archivo\/wp-json\/wp\/v2\/tags?post=27716"}],"curies":[{"name":"wp","href":"https:\/\/api.w.org\/{rel}","templated":true}]}}