{"id":27694,"date":"2022-05-03T10:16:15","date_gmt":"2022-05-03T13:16:15","guid":{"rendered":"https:\/\/morenoprimero.com.ar\/?p=27694"},"modified":"2022-05-03T10:37:29","modified_gmt":"2022-05-03T13:37:29","slug":"estudiantes-de-moreno-recibieron-sus-netbooks-del-plan-federal-juana-manso","status":"publish","type":"post","link":"https:\/\/morenoprimero.com.ar\/archivo\/estudiantes-de-moreno-recibieron-sus-netbooks-del-plan-federal-juana-manso\/","title":{"rendered":"Estudiantes de Moreno recibieron sus netbooks del Plan Federal \u201cJuana Manso\u201d"},"content":{"rendered":"\n<p>En el marco del Plan Federal \u201cJuana Manso\u201d, continuidad del Plan Conectar igualdad, chicas y chicos morenenses de la&nbsp;ES N\u00b041 recibieron sus netbooks, las mismas, fueron entregadas por el Municipio de Moreno, a trav\u00e9s de la Secretar\u00eda de Cultura, Educaci\u00f3n y Deportes. \u201cLa verdad que es un avance muy importante para ella, para el estudio y para que pueda estudiar un poco mejor\u201d celebr\u00f3 el padre de una de las estudiantes. &nbsp;<\/p>\n\n\n\n<p>Estudiantes morenenses que asisten a la <strong>Escuela Secundaria N\u00famero 41<\/strong> de Moreno recibieron sus netbooks en el marco del Plan Federal \u201cJuana Manso\u201d (continuidad del Plan Conectar Igualdad) en Moreno. Las computadoras fueron entregadas por la secretaria de Cultura, Educaci\u00f3n y Deporte del Municipio de Moreno con el objetivo de garantizar el acceso de las y los j\u00f3venes a la tecnolog\u00eda.&nbsp;<\/p>\n\n\n\n<p>Durante el acto de entrega, Marcela, directora de la ES N\u00b041 remarc\u00f3 \u201cMuy feliz y emocionada porque se entregaron las computadoras a los chicos de 1\u00b0 a\u00f1o. <strong>Es un salto en la calidad educativa porque les va a permitir a nuestros alumnos incorporar una herramienta que en esta \u00e9poca es fundamental para el proceso de ense\u00f1anza y aprendizaje<\/strong>\u201d.&nbsp;&nbsp;<\/p>\n\n\n\n<div class=\"wp-block-image\"><figure class=\"aligncenter size-full\"><a href=\"https:\/\/morenoprimero.com.ar\/wp-content\/uploads\/2022\/05\/WhatsApp-Image-2022-04-26-at-2.28.16-PM-2.jpeg\"><img loading=\"lazy\" decoding=\"async\" width=\"720\" height=\"728\" src=\"https:\/\/morenoprimero.com.ar\/wp-content\/uploads\/2022\/05\/WhatsApp-Image-2022-04-26-at-2.28.16-PM-2.jpeg\" alt=\"\" class=\"wp-image-27696\" srcset=\"https:\/\/morenoprimero.com.ar\/archivo\/wp-content\/uploads\/2022\/05\/WhatsApp-Image-2022-04-26-at-2.28.16-PM-2.jpeg 720w, https:\/\/morenoprimero.com.ar\/archivo\/wp-content\/uploads\/2022\/05\/WhatsApp-Image-2022-04-26-at-2.28.16-PM-2-297x300.jpeg 297w\" sizes=\"auto, (max-width: 720px) 100vw, 720px\" \/><\/a><\/figure><\/div>\n\n\n\n<p><\/p>\n\n\n\n<p>Por otro lado, la directora <strong>general de Educaci\u00f3n de Moreno<\/strong>, <strong>Cynthia Mu\u00f1oz<\/strong>, celebr\u00f3 que desde el municipio se acompa\u00f1en las pol\u00edticas p\u00fablicas que impulsa y continua el gobierno nacional y agreg\u00f3 que:&nbsp;\u201cEs muy importante que el<strong> Estado Nacional<\/strong> pueda invertir en equipamiento tecnol\u00f3gico de calidad para que los <strong>docentes y alumnos puedan ense\u00f1ar y aprender en mejores condiciones<\/strong>\u00ab.<\/p>\n\n\n\n<p>Adem\u00e1s, <strong>Gustavo Encina<\/strong>, padre de una de las estudiantes de la ESN\u00b041, sostuvo que: \u201cLa verdad que es un avance muy importante para ella, para el estudio y para que pueda estudiar un poco mejor\u201d. &nbsp;<\/p>\n\n\n\n<p><strong>Juana Manso<\/strong> es el <strong>Plan Federal del Ministerio de Educaci\u00f3n<\/strong> que provee tecnolog\u00eda al sistema educativo con programas de conectividad, equipamiento, propuestas de capacitaci\u00f3n docente en TICs y una plataforma virtual educativa de navegaci\u00f3n gratuita.&nbsp;<\/p>\n\n\n\n<p>De esta manera, el Estado municipal junto al gobierno nacional trabajan y articulan en pos de brindar una educaci\u00f3n p\u00fablica de calidad a la comunidad morenense.&nbsp;&nbsp;&nbsp;<\/p>\n","protected":false},"excerpt":{"rendered":"<p>En el marco del Plan Federal \u201cJuana Manso\u201d, continuidad del Plan Conectar igualdad, chicas y chicos morenenses de la&nbsp;ES N\u00b041 recibieron sus netbooks, las mismas, fueron entregadas por el Municipio de Moreno, a trav\u00e9s de la Secretar\u00eda de Cultura, Educaci\u00f3n &hellip; <a href=\"https:\/\/morenoprimero.com.ar\/archivo\/estudiantes-de-moreno-recibieron-sus-netbooks-del-plan-federal-juana-manso\/\">Sigue leyendo <span class=\"meta-nav\">&rarr;<\/span><\/a><\/p>\n","protected":false},"author":6,"featured_media":27744,"comment_status":"closed","ping_status":"closed","sticky":false,"template":"","format":"standard","meta":{"footnotes":""},"categories":[578,2328],"tags":[712,1589,6,102,1075],"class_list":["post-27694","post","type-post","status-publish","format-standard","has-post-thumbnail","hentry","category-educacion","category-local","tag-conectar-igualdad","tag-educacion-2","tag-moreno","tag-municipio-de-moreno","tag-plan-federal-juana-manso"],"_links":{"self":[{"href":"https:\/\/morenoprimero.com.ar\/archivo\/wp-json\/wp\/v2\/posts\/27694","targetHints":{"allow":["GET"]}}],"collection":[{"href":"https:\/\/morenoprimero.com.ar\/archivo\/wp-json\/wp\/v2\/posts"}],"about":[{"href":"https:\/\/morenoprimero.com.ar\/archivo\/wp-json\/wp\/v2\/types\/post"}],"author":[{"embeddable":true,"href":"https:\/\/morenoprimero.com.ar\/archivo\/wp-json\/wp\/v2\/users\/6"}],"replies":[{"embeddable":true,"href":"https:\/\/morenoprimero.com.ar\/archivo\/wp-json\/wp\/v2\/comments?post=27694"}],"version-history":[{"count":4,"href":"https:\/\/morenoprimero.com.ar\/archivo\/wp-json\/wp\/v2\/posts\/27694\/revisions"}],"predecessor-version":[{"id":27742,"href":"https:\/\/morenoprimero.com.ar\/archivo\/wp-json\/wp\/v2\/posts\/27694\/revisions\/27742"}],"wp:featuredmedia":[{"embeddable":true,"href":"https:\/\/morenoprimero.com.ar\/archivo\/wp-json\/wp\/v2\/media\/27744"}],"wp:attachment":[{"href":"https:\/\/morenoprimero.com.ar\/archivo\/wp-json\/wp\/v2\/media?parent=27694"}],"wp:term":[{"taxonomy":"category","embeddable":true,"href":"https:\/\/morenoprimero.com.ar\/archivo\/wp-json\/wp\/v2\/categories?post=27694"},{"taxonomy":"post_tag","embeddable":true,"href":"https:\/\/morenoprimero.com.ar\/archivo\/wp-json\/wp\/v2\/tags?post=27694"}],"curies":[{"name":"wp","href":"https:\/\/api.w.org\/{rel}","templated":true}]}}