{"id":27602,"date":"2022-04-29T15:02:26","date_gmt":"2022-04-29T18:02:26","guid":{"rendered":"https:\/\/morenoprimero.com.ar\/?p=27602"},"modified":"2022-04-29T15:07:36","modified_gmt":"2022-04-29T18:07:36","slug":"miguelina-henriquez-asumio-el-cargo-de-consejera-escolar-en-moreno","status":"publish","type":"post","link":"https:\/\/morenoprimero.com.ar\/archivo\/miguelina-henriquez-asumio-el-cargo-de-consejera-escolar-en-moreno\/","title":{"rendered":"Miguelina Henr\u00edquez asumi\u00f3 el cargo de Consejera Escolar en Moreno"},"content":{"rendered":"\n<h5 class=\"wp-block-heading\">Miguelina Henr\u00edquez, militante del Movimiento Evita,  asumi\u00f3 la banca en reemplazo de Miguel Alcain luego de su pedido de licencia. <\/h5>\n\n\n\n<p>Fue en diciembre del a\u00f1o 2019 cuando el Consejo Escolar cambi\u00f3 su rumbo. Termin\u00f3 con la intervenci\u00f3n del organismo que hab\u00eda decidido la Provincia de Buenos Aires bajo la gesti\u00f3n de la entonces gobernadora Mar\u00eda Eugenia Vidal&nbsp;y que iba a ser hasta el 23 de octubre del 2018, pero que siempre, excusa mediante, fue extendido. &nbsp;<\/p>\n\n\n\n<p>En ese nuevo camino, lo que parec\u00eda imposible se transform\u00f3 en<strong> realidad<\/strong>. <strong>Quien pasa por las escuelas de Moreno, ve a hombres y mujeres trabajando constantemente.<\/strong>&nbsp;<\/p>\n\n\n\n<p>Si bien Moreno est\u00e1 en proceso de reconstruir su infraestructura escolar, la cual es producto de la falta de inversi\u00f3n a lo largo de varios a\u00f1os y de las irregularidades cometidas durante la intervenci\u00f3n \u2013denunciadas por el oficialismo y los gremios docentes en m\u00e1s de una ocasi\u00f3n-, <strong>lo cierto es que las obras aparecen, se llevan a cabo, y se finalizan.&nbsp;<\/strong><\/p>\n\n\n\n<p>Las \u00faltimas elecciones generales arrojaron un gran apoyo popular a la lista local del&nbsp;<strong>Frente de Todos<\/strong>&nbsp;que obtuvo m\u00e1s del<strong>&nbsp;45 %<\/strong>&nbsp;de los votos sobre&nbsp;el&nbsp;<strong>29 %&nbsp;<\/strong>obtenido por Juntos y el&nbsp;<strong>9 %<\/strong>&nbsp;del Frente de Izquierda Unidad.&nbsp;Esto le permiti\u00f3 al oficialismo consolidarse, no s\u00f3lo en el Honorable Concejo Deliberante (HCD), sino tambi\u00e9n en el Consejo Escolar.&nbsp;<\/p>\n\n\n\n<p>El \u00f3rgano colegiado qued\u00f3 compuesto, luego de las elecciones, por 6 integrantes del Frente de Todos (FdT) y 4 integrantes de Juntos por el cambio (JxC).&nbsp;<\/p>\n\n\n\n<figure class=\"wp-block-gallery columns-2 is-cropped wp-block-gallery-1 is-layout-flex wp-block-gallery-is-layout-flex\"><ul class=\"blocks-gallery-grid\"><li class=\"blocks-gallery-item\"><figure><a href=\"https:\/\/morenoprimero.com.ar\/wp-content\/uploads\/2022\/04\/Miguelina-H-1024x576-1.jpg\"><img loading=\"lazy\" decoding=\"async\" width=\"1024\" height=\"576\" src=\"https:\/\/morenoprimero.com.ar\/wp-content\/uploads\/2022\/04\/Miguelina-H-1024x576-1.jpg\" alt=\"\" data-id=\"27641\" data-full-url=\"https:\/\/morenoprimero.com.ar\/wp-content\/uploads\/2022\/04\/Miguelina-H-1024x576-1.jpg\" data-link=\"https:\/\/morenoprimero.com.ar\/miguelina-henriquez-asumio-el-cargo-de-consejera-escolar-en-moreno\/miguelina-h-1024x576\/\" class=\"wp-image-27641\" srcset=\"https:\/\/morenoprimero.com.ar\/archivo\/wp-content\/uploads\/2022\/04\/Miguelina-H-1024x576-1.jpg 1024w, https:\/\/morenoprimero.com.ar\/archivo\/wp-content\/uploads\/2022\/04\/Miguelina-H-1024x576-1-300x169.jpg 300w, https:\/\/morenoprimero.com.ar\/archivo\/wp-content\/uploads\/2022\/04\/Miguelina-H-1024x576-1-768x432.jpg 768w\" sizes=\"auto, (max-width: 1024px) 100vw, 1024px\" \/><\/a><\/figure><\/li><li class=\"blocks-gallery-item\"><figure><a href=\"https:\/\/morenoprimero.com.ar\/wp-content\/uploads\/2022\/04\/DM_20220429150150_001-e1651255652188.jpg\"><img loading=\"lazy\" decoding=\"async\" width=\"1024\" height=\"854\" src=\"https:\/\/morenoprimero.com.ar\/wp-content\/uploads\/2022\/04\/DM_20220429150150_001-e1651255652188-1024x854.jpg\" alt=\"\" data-id=\"27640\" data-full-url=\"https:\/\/morenoprimero.com.ar\/wp-content\/uploads\/2022\/04\/DM_20220429150150_001-e1651255652188.jpg\" data-link=\"https:\/\/morenoprimero.com.ar\/miguelina-henriquez-asumio-el-cargo-de-consejera-escolar-en-moreno\/dm_20220429150150_001\/\" class=\"wp-image-27640\" srcset=\"https:\/\/morenoprimero.com.ar\/archivo\/wp-content\/uploads\/2022\/04\/DM_20220429150150_001-e1651255652188-1024x854.jpg 1024w, https:\/\/morenoprimero.com.ar\/archivo\/wp-content\/uploads\/2022\/04\/DM_20220429150150_001-e1651255652188-300x250.jpg 300w, https:\/\/morenoprimero.com.ar\/archivo\/wp-content\/uploads\/2022\/04\/DM_20220429150150_001-e1651255652188-768x641.jpg 768w, https:\/\/morenoprimero.com.ar\/archivo\/wp-content\/uploads\/2022\/04\/DM_20220429150150_001-e1651255652188.jpg 1080w\" sizes=\"auto, (max-width: 1024px) 100vw, 1024px\" \/><\/a><\/figure><\/li><\/ul><\/figure>\n\n\n\n<p>El pasado mi\u00e9rcoles 27 de abril se celebr\u00f3 l<strong>a Tercera Sesi\u00f3n Ordinaria donde asumi\u00f3 el cargo de consejera Escolar la militante del Movimiento Evita, Miguelina Henr\u00edquez, tras el pedido de licencia por parte del consejero Miguel Alcain, quien asumi\u00f3 como Coordinador Territorial del Servicio Alimentario Escolar.&nbsp;<\/strong><\/p>\n\n\n\n<p>De esta manera, el \u00f3rgano colegiado queda conformado con su presidenta Sonia Beltr\u00e1n (FdT), su vicepresidenta Mar\u00eda Gonz\u00e1lez (FdT), su tesorero Nair G\u00f3mez (FdT), y 6 vocales: Gustavo Casal (FdT), Miguelina Henr\u00edquez (FdT), Silvina P\u00e9rez (JxC), Carla Santamar\u00eda (JxC), Abel Quiroz (JxC), y Carlos Lana (JxC). Adem\u00e1s, la Secretaria Administrativa Marcela Beltr\u00e1n (FdT).<\/p>\n","protected":false},"excerpt":{"rendered":"<p>Miguelina Henr\u00edquez, militante del Movimiento Evita, asumi\u00f3 la banca en reemplazo de Miguel Alcain luego de su pedido de licencia. Fue en diciembre del a\u00f1o 2019 cuando el Consejo Escolar cambi\u00f3 su rumbo. Termin\u00f3 con la intervenci\u00f3n del organismo que &hellip; <a href=\"https:\/\/morenoprimero.com.ar\/archivo\/miguelina-henriquez-asumio-el-cargo-de-consejera-escolar-en-moreno\/\">Sigue leyendo <span class=\"meta-nav\">&rarr;<\/span><\/a><\/p>\n","protected":false},"author":6,"featured_media":27632,"comment_status":"closed","ping_status":"closed","sticky":false,"template":"","format":"standard","meta":{"footnotes":""},"categories":[578,3,2328],"tags":[3968,2783,3967,6],"class_list":["post-27602","post","type-post","status-publish","format-standard","has-post-thumbnail","hentry","category-educacion","category-importantes","category-local","tag-consejera-escolar","tag-miguel-alcain","tag-miguelina-henriquez","tag-moreno"],"_links":{"self":[{"href":"https:\/\/morenoprimero.com.ar\/archivo\/wp-json\/wp\/v2\/posts\/27602","targetHints":{"allow":["GET"]}}],"collection":[{"href":"https:\/\/morenoprimero.com.ar\/archivo\/wp-json\/wp\/v2\/posts"}],"about":[{"href":"https:\/\/morenoprimero.com.ar\/archivo\/wp-json\/wp\/v2\/types\/post"}],"author":[{"embeddable":true,"href":"https:\/\/morenoprimero.com.ar\/archivo\/wp-json\/wp\/v2\/users\/6"}],"replies":[{"embeddable":true,"href":"https:\/\/morenoprimero.com.ar\/archivo\/wp-json\/wp\/v2\/comments?post=27602"}],"version-history":[{"count":6,"href":"https:\/\/morenoprimero.com.ar\/archivo\/wp-json\/wp\/v2\/posts\/27602\/revisions"}],"predecessor-version":[{"id":27643,"href":"https:\/\/morenoprimero.com.ar\/archivo\/wp-json\/wp\/v2\/posts\/27602\/revisions\/27643"}],"wp:featuredmedia":[{"embeddable":true,"href":"https:\/\/morenoprimero.com.ar\/archivo\/wp-json\/wp\/v2\/media\/27632"}],"wp:attachment":[{"href":"https:\/\/morenoprimero.com.ar\/archivo\/wp-json\/wp\/v2\/media?parent=27602"}],"wp:term":[{"taxonomy":"category","embeddable":true,"href":"https:\/\/morenoprimero.com.ar\/archivo\/wp-json\/wp\/v2\/categories?post=27602"},{"taxonomy":"post_tag","embeddable":true,"href":"https:\/\/morenoprimero.com.ar\/archivo\/wp-json\/wp\/v2\/tags?post=27602"}],"curies":[{"name":"wp","href":"https:\/\/api.w.org\/{rel}","templated":true}]}}