{"id":27499,"date":"2022-04-27T17:37:24","date_gmt":"2022-04-27T20:37:24","guid":{"rendered":"https:\/\/morenoprimero.com.ar\/?p=27499"},"modified":"2022-04-29T08:21:31","modified_gmt":"2022-04-29T11:21:31","slug":"abrio-la-convocatoria-para-participar-de-la-46-muestra-salon-25-de-mayo","status":"publish","type":"post","link":"https:\/\/morenoprimero.com.ar\/archivo\/abrio-la-convocatoria-para-participar-de-la-46-muestra-salon-25-de-mayo\/","title":{"rendered":"Abri\u00f3 la convocatoria para participar de la 46\u00b0 muestra \u00absal\u00f3n 25 de Mayo\u00bb"},"content":{"rendered":"\n<h5 class=\"wp-block-heading\">La tem\u00e1tica es libre y puede presentarse una obra por artista<\/h5>\n\n\n\n<p>El Municipio de Moreno, a trav\u00e9s de la Secretar\u00eda de Educaci\u00f3n, Cultura y Deporte, invita a participar de la Cuadrag\u00e9sima Sexta edici\u00f3n de la muestra municipal \u00abSal\u00f3n 25 de Mayo\u00bb a las y los artistas locales desde los 16 a\u00f1os.<\/p>\n\n\n\n<p>Las interesadas e interesados podr\u00e1n acercarse, desde el 27 de abril, con sus obras al <strong>Museo Municipal de Bellas Artes \u201cManuel Belgrano\u201d<\/strong>, ubicado en la calle Doctor Vera 249, de 9 a 17 horas. La fecha l\u00edmite de entrega es hasta el 16 de mayo.<\/p>\n\n\n\n<figure class=\"wp-block-image size-full\"><a href=\"https:\/\/morenoprimero.com.ar\/wp-content\/uploads\/2022\/04\/WhatsApp_Image_2022-04-27_at_3.08.32_PM.jpg\"><img loading=\"lazy\" decoding=\"async\" width=\"900\" height=\"900\" src=\"https:\/\/morenoprimero.com.ar\/wp-content\/uploads\/2022\/04\/WhatsApp_Image_2022-04-27_at_3.08.32_PM.jpg\" alt=\"\" class=\"wp-image-27500\" srcset=\"https:\/\/morenoprimero.com.ar\/archivo\/wp-content\/uploads\/2022\/04\/WhatsApp_Image_2022-04-27_at_3.08.32_PM.jpg 900w, https:\/\/morenoprimero.com.ar\/archivo\/wp-content\/uploads\/2022\/04\/WhatsApp_Image_2022-04-27_at_3.08.32_PM-300x300.jpg 300w, https:\/\/morenoprimero.com.ar\/archivo\/wp-content\/uploads\/2022\/04\/WhatsApp_Image_2022-04-27_at_3.08.32_PM-150x150.jpg 150w, https:\/\/morenoprimero.com.ar\/archivo\/wp-content\/uploads\/2022\/04\/WhatsApp_Image_2022-04-27_at_3.08.32_PM-768x768.jpg 768w\" sizes=\"auto, (max-width: 900px) 100vw, 900px\" \/><\/a><\/figure>\n\n\n\n<p>Se recibir\u00e1n obras de autor\u00eda 2018, 2019, 2020, 2021 2022 que deber\u00e1n estar preparadas para su exposici\u00f3n como requisito excluyente. Participar\u00e1n todas las t\u00e9cnicas pl\u00e1sticas, visuales, fotogr\u00e1ficas y escult\u00f3ricas, estas \u00faltimas deber\u00e1n ser presentadas en su propia base.<\/p>\n\n\n\n<p>La tem\u00e1tica es libre y el objeto de arte no podr\u00e1 exceder de 1,20m x 0,80m, incluido el marco o el soporte. S\u00f3lo puede presentarse una obra por participante. Adem\u00e1s, detr\u00e1s de la pieza deber\u00e1n constar los datos de la y el artista y su obra (t\u00edtulo; a\u00f1o; t\u00e9cnica; autor; n\u00famero de contacto y correo electr\u00f3nico). Adem\u00e1s, el o la artista que desee interpretar el 25 de Mayo podr\u00e1 hacerlo.<\/p>\n","protected":false},"excerpt":{"rendered":"<p>La tem\u00e1tica es libre y puede presentarse una obra por artista El Municipio de Moreno, a trav\u00e9s de la Secretar\u00eda de Educaci\u00f3n, Cultura y Deporte, invita a participar de la Cuadrag\u00e9sima Sexta edici\u00f3n de la muestra municipal \u00abSal\u00f3n 25 de &hellip; <a href=\"https:\/\/morenoprimero.com.ar\/archivo\/abrio-la-convocatoria-para-participar-de-la-46-muestra-salon-25-de-mayo\/\">Sigue leyendo <span class=\"meta-nav\">&rarr;<\/span><\/a><\/p>\n","protected":false},"author":6,"featured_media":27509,"comment_status":"closed","ping_status":"closed","sticky":false,"template":"","format":"standard","meta":{"footnotes":""},"categories":[2332],"tags":[3952,6,3953,3951,3669],"class_list":["post-27499","post","type-post","status-publish","format-standard","has-post-thumbnail","hentry","category-cultura","tag-cultura-y","tag-moreno","tag-museo-municipal-de-bellas-artes-manuel-belgrano","tag-salon-25-de-mayo","tag-secretaria-de-educacion"],"_links":{"self":[{"href":"https:\/\/morenoprimero.com.ar\/archivo\/wp-json\/wp\/v2\/posts\/27499","targetHints":{"allow":["GET"]}}],"collection":[{"href":"https:\/\/morenoprimero.com.ar\/archivo\/wp-json\/wp\/v2\/posts"}],"about":[{"href":"https:\/\/morenoprimero.com.ar\/archivo\/wp-json\/wp\/v2\/types\/post"}],"author":[{"embeddable":true,"href":"https:\/\/morenoprimero.com.ar\/archivo\/wp-json\/wp\/v2\/users\/6"}],"replies":[{"embeddable":true,"href":"https:\/\/morenoprimero.com.ar\/archivo\/wp-json\/wp\/v2\/comments?post=27499"}],"version-history":[{"count":1,"href":"https:\/\/morenoprimero.com.ar\/archivo\/wp-json\/wp\/v2\/posts\/27499\/revisions"}],"predecessor-version":[{"id":27510,"href":"https:\/\/morenoprimero.com.ar\/archivo\/wp-json\/wp\/v2\/posts\/27499\/revisions\/27510"}],"wp:featuredmedia":[{"embeddable":true,"href":"https:\/\/morenoprimero.com.ar\/archivo\/wp-json\/wp\/v2\/media\/27509"}],"wp:attachment":[{"href":"https:\/\/morenoprimero.com.ar\/archivo\/wp-json\/wp\/v2\/media?parent=27499"}],"wp:term":[{"taxonomy":"category","embeddable":true,"href":"https:\/\/morenoprimero.com.ar\/archivo\/wp-json\/wp\/v2\/categories?post=27499"},{"taxonomy":"post_tag","embeddable":true,"href":"https:\/\/morenoprimero.com.ar\/archivo\/wp-json\/wp\/v2\/tags?post=27499"}],"curies":[{"name":"wp","href":"https:\/\/api.w.org\/{rel}","templated":true}]}}