{"id":27496,"date":"2022-04-27T16:14:31","date_gmt":"2022-04-27T19:14:31","guid":{"rendered":"https:\/\/morenoprimero.com.ar\/?p=27496"},"modified":"2022-04-27T16:19:33","modified_gmt":"2022-04-27T19:19:33","slug":"moreno-presente-en-la-asamblea-del-alba","status":"publish","type":"post","link":"https:\/\/morenoprimero.com.ar\/archivo\/moreno-presente-en-la-asamblea-del-alba\/","title":{"rendered":"Moreno presente en la asamblea del ALBA"},"content":{"rendered":"\n<h5 class=\"wp-block-heading\">Se est\u00e1 llevando a cabo en Ezeiza la Tercera Asamblea Continental de la Alianza Bolivariana para los Pueblos de Nuestra Am\u00e9rica (ALBA)-Movimientos, y estuvieron presentes la intendenta Mariel Fern\u00e1ndez, y el secretario general de la Uni\u00f3n de Trabajadores y Trabajadoras de la Econom\u00eda Popular (UTEP), Esteban \u201cGringo\u201d Castro.<\/h5>\n\n\n\n<p><strong>La III Asamblea Continental de la Alianza Bolivariana para los Pueblos de Nuestra Am\u00e9rica (ALBA)-Movimientos<\/strong> se re\u00fane hoy con la presencia de 300 delegados de agrupaciones sociales de Am\u00e9rica Latina que debatir\u00e1n hasta el domingo en la localidad bonaerense de Ezeiza distintas problem\u00e1ticas que atraviesa la regi\u00f3n, seg\u00fan indicaron los organizadores de este encuentro.<\/p>\n\n\n\n<p>Entre los referentes sociales que asistir\u00e1n estar\u00e1n la activista hondure\u00f1a <strong>Berta Z\u00fa\u00f1iga<\/strong> (hija de la ambientalista y feminista <strong>Berta C\u00e1ceres<\/strong>); el boliviano <strong>Sacha Llorenti<\/strong>, secretario ejecutivo del ALBA-Tratado de Comercio de los Pueblos y el l\u00edder independentista de Puerto Rico, <strong>Oscar L\u00f3pez Rivera<\/strong>.<\/p>\n\n\n\n<p><strong>\u201cNos encontramos con la enorme responsabilidad de discutir cu\u00e1l es el momento pol\u00edtico de nuestro continente, si es as\u00ed que las transformaciones en aquellos<\/strong> <strong>pa\u00edses hist\u00f3ricamente neoliberales, alineados con las derechas, se dan gracias a los movimientos y la movilizaci\u00f3n popular y no solamente gracias a articulaciones electorales\u201d<\/strong>, se\u00f1al\u00f3 a la prensa Laura Capote, de la secretar\u00eda Operativa en Colombia de ALBA Movimientos.<\/p>\n\n\n\n<figure class=\"wp-block-video\"><video height=\"1080\" style=\"aspect-ratio: 1920 \/ 1080;\" width=\"1920\" controls src=\"https:\/\/morenoprimero.com.ar\/wp-content\/uploads\/2022\/04\/y2mate.com_-_III_Asamblea_Continental_ALBA_Movimientos_1080p.mp4\"><\/video><\/figure>\n\n\n\n<p>La dirigente peruana <strong>Zaira Arias<\/strong>; y el viceministro de Relaciones Exteriores de Venezuela para Am\u00e9rica del Norte,<strong> Carlos Ron<\/strong>, tambi\u00e9n han confirmado su presencia.<\/p>\n\n\n\n<p>Seg\u00fan informaron los voceros de prensa del encuentro multisectorial, la III Asamblea Continental de ALBA Movimientos comenzar\u00e1 a sesionar desde hoy en la sede del Centro Recreativo Nacional (CERENA) \u201cPresidente N\u00e9stor Kirchner\u201d, ubicado en la Avenida Ingeniero Fern\u00e1ndez Garc\u00eda s\/n, en la localidad bonaerense de Ezeiza.<\/p>\n\n\n\n<p>En el plano local, estar\u00e1n presentes el secretario general de la Uni\u00f3n de Trabajadores y Trabajadoras de la Econom\u00eda Popular (UTEP), <strong>Esteban \u201cGringo\u201d Castro<\/strong>; el l\u00edder del Movimiento de Trabajadores Excluidos (MTE),<strong> Juan Grabois<\/strong>; la intendenta de la localidad de Moreno, <strong>Mariel Fern\u00e1ndez<\/strong>; la legisladora de CABA <strong>Ofelia Fern\u00e1ndez<\/strong>; y el secretario general del gremio de los Canillitas y senador provincial <strong>Omar Plaini.<\/strong><\/p>\n\n\n\n<p>Participar\u00e1n representantes del Frente Patria Grande y el Movimiento Nacional Campesino Ind\u00edgena \u2013 La V\u00eda Campesina (MNCI \u2013 VC) y de la CGT.<\/p>\n\n\n\n<p>Asimismo, habr\u00e1 delegados del Movimiento de Trabajadores Rurales Sin Tierra (MST) de Brasil; Marcha Patri\u00f3tica y Congreso de los Pueblos, de Colombia; el Centro Memorial Martin Luther King y la Asociaci\u00f3n Nacional de Agricultores Peque\u00f1os, de Cuba.<\/p>\n\n\n\n<p>Tambi\u00e9n concurrir\u00e1n delegados del Comit\u00e9 de Unidad Campesina, de Guatemala; la Plateforme Ha\u00eftienne de Plaidoyer pour un D\u00e9veloppement Alternatif (PAPDA), de Hait\u00ed; el Frente Nacional por la Defensa de los Derechos Econ\u00f3micos y Sociales (FRENADESO), de Panam\u00e1; La Junta, de Per\u00fa; el Movimiento de Pobladores y la Corriente Revolucionaria Bol\u00edvar y Zamora, de Venezuela;<\/p>\n\n\n\n<p>ALBA Movimientos es una articulaci\u00f3n continental que re\u00fane a m\u00e1s de 400 dirigentes de organizaciones rurales, campesinas feministas, ind\u00edgenas, urbanas y estudiantiles de Am\u00e9rica Latina y el Caribe.<\/p>\n","protected":false},"excerpt":{"rendered":"<p>Se est\u00e1 llevando a cabo en Ezeiza la Tercera Asamblea Continental de la Alianza Bolivariana para los Pueblos de Nuestra Am\u00e9rica (ALBA)-Movimientos, y estuvieron presentes la intendenta Mariel Fern\u00e1ndez, y el secretario general de la Uni\u00f3n de Trabajadores y Trabajadoras &hellip; <a href=\"https:\/\/morenoprimero.com.ar\/archivo\/moreno-presente-en-la-asamblea-del-alba\/\">Sigue leyendo <span class=\"meta-nav\">&rarr;<\/span><\/a><\/p>\n","protected":false},"author":6,"featured_media":27497,"comment_status":"open","ping_status":"open","sticky":false,"template":"","format":"standard","meta":{"footnotes":""},"categories":[3,2330],"tags":[],"class_list":["post-27496","post","type-post","status-publish","format-standard","has-post-thumbnail","hentry","category-importantes","category-nacional"],"_links":{"self":[{"href":"https:\/\/morenoprimero.com.ar\/archivo\/wp-json\/wp\/v2\/posts\/27496","targetHints":{"allow":["GET"]}}],"collection":[{"href":"https:\/\/morenoprimero.com.ar\/archivo\/wp-json\/wp\/v2\/posts"}],"about":[{"href":"https:\/\/morenoprimero.com.ar\/archivo\/wp-json\/wp\/v2\/types\/post"}],"author":[{"embeddable":true,"href":"https:\/\/morenoprimero.com.ar\/archivo\/wp-json\/wp\/v2\/users\/6"}],"replies":[{"embeddable":true,"href":"https:\/\/morenoprimero.com.ar\/archivo\/wp-json\/wp\/v2\/comments?post=27496"}],"version-history":[{"count":4,"href":"https:\/\/morenoprimero.com.ar\/archivo\/wp-json\/wp\/v2\/posts\/27496\/revisions"}],"predecessor-version":[{"id":27511,"href":"https:\/\/morenoprimero.com.ar\/archivo\/wp-json\/wp\/v2\/posts\/27496\/revisions\/27511"}],"wp:featuredmedia":[{"embeddable":true,"href":"https:\/\/morenoprimero.com.ar\/archivo\/wp-json\/wp\/v2\/media\/27497"}],"wp:attachment":[{"href":"https:\/\/morenoprimero.com.ar\/archivo\/wp-json\/wp\/v2\/media?parent=27496"}],"wp:term":[{"taxonomy":"category","embeddable":true,"href":"https:\/\/morenoprimero.com.ar\/archivo\/wp-json\/wp\/v2\/categories?post=27496"},{"taxonomy":"post_tag","embeddable":true,"href":"https:\/\/morenoprimero.com.ar\/archivo\/wp-json\/wp\/v2\/tags?post=27496"}],"curies":[{"name":"wp","href":"https:\/\/api.w.org\/{rel}","templated":true}]}}