{"id":27469,"date":"2022-04-27T10:07:46","date_gmt":"2022-04-27T13:07:46","guid":{"rendered":"https:\/\/morenoprimero.com.ar\/?p=27469"},"modified":"2022-04-27T10:07:48","modified_gmt":"2022-04-27T13:07:48","slug":"se-realizo-una-senalizacion-en-memoria-de-camila-tarocco-en-plaza-bujan","status":"publish","type":"post","link":"https:\/\/morenoprimero.com.ar\/archivo\/se-realizo-una-senalizacion-en-memoria-de-camila-tarocco-en-plaza-bujan\/","title":{"rendered":"Se realiz\u00f3 una se\u00f1alizaci\u00f3n en memoria de Camila Tarocco en Plaza Buj\u00e1n"},"content":{"rendered":"\n<p>Una joven de 26 a\u00f1os v\u00edctima de femicidio en abril de 2020<\/p>\n\n\n\n<p>El Municipio de Moreno y el Ministerio de las Mujeres, Pol\u00edticas de G\u00e9nero y Diversidad Sexual de la Provincia de Buenos Aires, realiz\u00f3 una jornada y se\u00f1alizaci\u00f3n en memoria de Camila Tarocco en Plaza Buj\u00e1n.<\/p>\n\n\n\n<p>Camila era una joven de 26 a\u00f1os. Durante su infancia vivi\u00f3 en Parque Centenario en CABA y, a sus 13 a\u00f1os, se mud\u00f3 a Moreno. Le gustaba escuchar a Cazzu, era hincha de River y ten\u00eda muchos sue\u00f1os y objetivos por cumplir. <strong>Camila fue v\u00edctima de femicidio en Abril de 2020, luego de estar desaparecida varios d\u00edas.<\/strong><\/p>\n\n\n\n<p>Durante el acto de se\u00f1alizaci\u00f3n estuvo presente la intendenta <strong>Mariel Fern\u00e1ndez<\/strong>; la Subsecretaria provincial de Pol\u00edticas Contra las Violencias por Razones de G\u00e9nero, <strong>Flavia Delmas<\/strong>; <strong>familiares, amigas y amigos de Camila; autoridades provinciales y municipales y organizaciones sociales y pol\u00edticas locales.<\/strong><\/p>\n\n\n\n<p>La actividad se llev\u00f3 a cabo con el fin de <strong>promover pol\u00edticas culturales y de memoria para la reparaci\u00f3n respecto de los efectos o consecuencias que producen en las comunidades, en las familias, y en las personas allegadas a las v\u00edctimas, los femicidios, travesticidios, transfemicidios y cr\u00edmenes de odio.<\/strong><\/p>\n\n\n\n<figure class=\"wp-block-image size-full\"><a href=\"https:\/\/morenoprimero.com.ar\/wp-content\/uploads\/2022\/04\/Camila-Tarocco-Plaza-Bujan.jpg\"><img loading=\"lazy\" decoding=\"async\" width=\"1024\" height=\"682\" src=\"https:\/\/morenoprimero.com.ar\/wp-content\/uploads\/2022\/04\/Camila-Tarocco-Plaza-Bujan.jpg\" alt=\"\" class=\"wp-image-27473\" srcset=\"https:\/\/morenoprimero.com.ar\/archivo\/wp-content\/uploads\/2022\/04\/Camila-Tarocco-Plaza-Bujan.jpg 1024w, https:\/\/morenoprimero.com.ar\/archivo\/wp-content\/uploads\/2022\/04\/Camila-Tarocco-Plaza-Bujan-300x200.jpg 300w, https:\/\/morenoprimero.com.ar\/archivo\/wp-content\/uploads\/2022\/04\/Camila-Tarocco-Plaza-Bujan-768x512.jpg 768w\" sizes=\"auto, (max-width: 1024px) 100vw, 1024px\" \/><\/a><\/figure>\n\n\n\n<p>\u201cEs un momento lindo porque se hace algo para recordar no s\u00f3lo a Camila sino a todas las que fueron muertas por femicidios brutalmente. Hay que seguir adelante por la lucha y por los hijos que dej\u00f3 Camila que son su tesoro m\u00e1s preciado. Lo que me quede de aire va a ser para d\u00e1rselo a ellos y poder seguir cri\u00e1ndolos y d\u00e1ndoles educaci\u00f3n que es lo que ella quer\u00eda\u00bb expres\u00f3 Claudia, mam\u00e1 de Camila.<\/p>\n\n\n\n<p>\u201cClaudia tuvo la generosidad de confiar en nosotras y dejarnos estar con ella mientras busc\u00e1bamos a Camila y yo siempre se lo agradezco. Fue el caso m\u00e1s dif\u00edcil porque fue el primero de la gesti\u00f3n en un contexto donde empezaba la pandemia y porque no hab\u00eda ninguna pol\u00edtica desarrollada para evitar estos femicidios\u00bb record\u00f3 Mariel y resalt\u00f3 que: \u00abNosotros reci\u00e9n arranc\u00e1bamos y no nos pod\u00edamos juntar, ten\u00edamos el Covid por todos lados y logramos por convicci\u00f3n, porque<strong> sab\u00edamos que esa era la respuesta a los femicidios, la organizaci\u00f3n de las mujeres de Moreno. Ya vamos 750 promotoras contra la violencia de g\u00e9nero, los femicidios en Moreno bajaron por todas esas compa\u00f1eras que se prepararon, que superaron sus propias situaciones de violencia y que confiaron tambi\u00e9n en que el Estado y esta gesti\u00f3n pod\u00edan trabajar con su comunidad<\/strong>.\u00bb<\/p>\n\n\n\n<p>\u00abLa soluci\u00f3n est\u00e1 en nosotras. En auxiliarnos, en aprender a que no somos una cosa, que tenemos derecho de vivir en libertad y sin violencia, es lo que se viene construyendo en Moreno. Mi agradecimiento a todas las compa\u00f1eras que se formaron, a todas las que est\u00e1n participando en los Puntos Violetas que es una pol\u00edtica que funciona porque lo mejor que nos puede pasar es que tengamos el auxilio cerca y a otras mujeres a quienes acudir en el barrio\u00bb agreg\u00f3 la jefa comunal.<\/p>\n\n\n\n<p>Por su parte, Flavia Delmas resalt\u00f3 que: \u201cNos gustar\u00eda no tener que hacer estas se\u00f1alizaciones, pero son absolutamente necesarias.<strong> Los femicidios tienen y pueden evitarse por eso es tan necesario que estemos ac\u00e1 y que hagamos actos de memoria<\/strong>. La violencia es silencio; la violencia es ausencia; la violencia corta v\u00ednculos; la violencia destruye; la violencia a\u00edsla y nosotras tenemos que ir por todo lo contrario: reconstruir v\u00ednculos; crear redes solidarias y multiplicar los abrazos.\u00bb \u00abEs importante que las recordamos, que digamos sus nombres, que recordemos que hac\u00edan, que les gustaba, como sent\u00edan, que sue\u00f1os ten\u00edan. Tenemos que recuperar esos sue\u00f1os, tenemos que poder entre todas y todos crear un Nunca M\u00e1s; Nunca m\u00e1s femicidios; Nunca m\u00e1s travesticidios y eso de la \u00fanica manera que se puede hacer es con amplia reflexi\u00f3n, con profunda prevenci\u00f3n y sobre todo con un Estado presente decidido a llevar adelante ese Nunca M\u00e1s.\u00bb enfatiz\u00f3.<\/p>\n\n\n\n<p>Adem\u00e1s, la Secretar\u00eda de Mujeres, G\u00e9neros y Diversidades, junto a la Subsecretar\u00eda provincial de Pol\u00edticas Contra las Violencias por Razones de G\u00e9nero y representantes de SEDRONAR, organizaron diversos talleres con el objetivo de generar herramientas para la lucha contra la violencia de g\u00e9nero y promover pol\u00edticas de reparaci\u00f3n.<\/p>\n\n\n\n<figure class=\"wp-block-gallery columns-2 is-cropped wp-block-gallery-1 is-layout-flex wp-block-gallery-is-layout-flex\"><ul class=\"blocks-gallery-grid\"><li class=\"blocks-gallery-item\"><figure><a href=\"https:\/\/morenoprimero.com.ar\/wp-content\/uploads\/2022\/04\/Camila-Tarocco-Plaza-Bujan-2.jpg\"><img loading=\"lazy\" decoding=\"async\" width=\"1024\" height=\"683\" src=\"https:\/\/morenoprimero.com.ar\/wp-content\/uploads\/2022\/04\/Camila-Tarocco-Plaza-Bujan-2-1024x683.jpg\" alt=\"\" data-id=\"27471\" data-full-url=\"https:\/\/morenoprimero.com.ar\/wp-content\/uploads\/2022\/04\/Camila-Tarocco-Plaza-Bujan-2.jpg\" data-link=\"https:\/\/morenoprimero.com.ar\/?attachment_id=27471\" class=\"wp-image-27471\" srcset=\"https:\/\/morenoprimero.com.ar\/archivo\/wp-content\/uploads\/2022\/04\/Camila-Tarocco-Plaza-Bujan-2-1024x683.jpg 1024w, https:\/\/morenoprimero.com.ar\/archivo\/wp-content\/uploads\/2022\/04\/Camila-Tarocco-Plaza-Bujan-2-300x200.jpg 300w, https:\/\/morenoprimero.com.ar\/archivo\/wp-content\/uploads\/2022\/04\/Camila-Tarocco-Plaza-Bujan-2-768x512.jpg 768w, https:\/\/morenoprimero.com.ar\/archivo\/wp-content\/uploads\/2022\/04\/Camila-Tarocco-Plaza-Bujan-2.jpg 1296w\" sizes=\"auto, (max-width: 1024px) 100vw, 1024px\" \/><\/a><\/figure><\/li><li class=\"blocks-gallery-item\"><figure><a href=\"https:\/\/morenoprimero.com.ar\/wp-content\/uploads\/2022\/04\/Camila-Tarocco-Plaza-Bujan-3.jpg\"><img loading=\"lazy\" decoding=\"async\" width=\"1024\" height=\"683\" src=\"https:\/\/morenoprimero.com.ar\/wp-content\/uploads\/2022\/04\/Camila-Tarocco-Plaza-Bujan-3-1024x683.jpg\" alt=\"\" data-id=\"27472\" data-full-url=\"https:\/\/morenoprimero.com.ar\/wp-content\/uploads\/2022\/04\/Camila-Tarocco-Plaza-Bujan-3.jpg\" data-link=\"https:\/\/morenoprimero.com.ar\/?attachment_id=27472\" class=\"wp-image-27472\" srcset=\"https:\/\/morenoprimero.com.ar\/archivo\/wp-content\/uploads\/2022\/04\/Camila-Tarocco-Plaza-Bujan-3-1024x683.jpg 1024w, https:\/\/morenoprimero.com.ar\/archivo\/wp-content\/uploads\/2022\/04\/Camila-Tarocco-Plaza-Bujan-3-300x200.jpg 300w, https:\/\/morenoprimero.com.ar\/archivo\/wp-content\/uploads\/2022\/04\/Camila-Tarocco-Plaza-Bujan-3-768x512.jpg 768w, https:\/\/morenoprimero.com.ar\/archivo\/wp-content\/uploads\/2022\/04\/Camila-Tarocco-Plaza-Bujan-3.jpg 1296w\" sizes=\"auto, (max-width: 1024px) 100vw, 1024px\" \/><\/a><\/figure><\/li><\/ul><\/figure>\n","protected":false},"excerpt":{"rendered":"<p>Una joven de 26 a\u00f1os v\u00edctima de femicidio en abril de 2020 El Municipio de Moreno y el Ministerio de las Mujeres, Pol\u00edticas de G\u00e9nero y Diversidad Sexual de la Provincia de Buenos Aires, realiz\u00f3 una jornada y se\u00f1alizaci\u00f3n en &hellip; <a href=\"https:\/\/morenoprimero.com.ar\/archivo\/se-realizo-una-senalizacion-en-memoria-de-camila-tarocco-en-plaza-bujan\/\">Sigue leyendo <span class=\"meta-nav\">&rarr;<\/span><\/a><\/p>\n","protected":false},"author":6,"featured_media":27470,"comment_status":"closed","ping_status":"closed","sticky":false,"template":"","format":"standard","meta":{"footnotes":""},"categories":[2331,2328],"tags":[2120,46,772,1049,6],"class_list":["post-27469","post","type-post","status-publish","format-standard","has-post-thumbnail","hentry","category-genero","category-local","tag-camila-tarocco","tag-femicidio","tag-feminismo","tag-genero-3","tag-moreno"],"_links":{"self":[{"href":"https:\/\/morenoprimero.com.ar\/archivo\/wp-json\/wp\/v2\/posts\/27469","targetHints":{"allow":["GET"]}}],"collection":[{"href":"https:\/\/morenoprimero.com.ar\/archivo\/wp-json\/wp\/v2\/posts"}],"about":[{"href":"https:\/\/morenoprimero.com.ar\/archivo\/wp-json\/wp\/v2\/types\/post"}],"author":[{"embeddable":true,"href":"https:\/\/morenoprimero.com.ar\/archivo\/wp-json\/wp\/v2\/users\/6"}],"replies":[{"embeddable":true,"href":"https:\/\/morenoprimero.com.ar\/archivo\/wp-json\/wp\/v2\/comments?post=27469"}],"version-history":[{"count":2,"href":"https:\/\/morenoprimero.com.ar\/archivo\/wp-json\/wp\/v2\/posts\/27469\/revisions"}],"predecessor-version":[{"id":27475,"href":"https:\/\/morenoprimero.com.ar\/archivo\/wp-json\/wp\/v2\/posts\/27469\/revisions\/27475"}],"wp:featuredmedia":[{"embeddable":true,"href":"https:\/\/morenoprimero.com.ar\/archivo\/wp-json\/wp\/v2\/media\/27470"}],"wp:attachment":[{"href":"https:\/\/morenoprimero.com.ar\/archivo\/wp-json\/wp\/v2\/media?parent=27469"}],"wp:term":[{"taxonomy":"category","embeddable":true,"href":"https:\/\/morenoprimero.com.ar\/archivo\/wp-json\/wp\/v2\/categories?post=27469"},{"taxonomy":"post_tag","embeddable":true,"href":"https:\/\/morenoprimero.com.ar\/archivo\/wp-json\/wp\/v2\/tags?post=27469"}],"curies":[{"name":"wp","href":"https:\/\/api.w.org\/{rel}","templated":true}]}}