{"id":27440,"date":"2022-04-27T19:28:38","date_gmt":"2022-04-27T22:28:38","guid":{"rendered":"https:\/\/morenoprimero.com.ar\/?p=27440"},"modified":"2022-04-28T08:04:24","modified_gmt":"2022-04-28T11:04:24","slug":"lucia-montenegro-el-orgullo-morenense-en-el-atletismo-adaptado","status":"publish","type":"post","link":"https:\/\/morenoprimero.com.ar\/archivo\/lucia-montenegro-el-orgullo-morenense-en-el-atletismo-adaptado\/","title":{"rendered":"Luc\u00eda Montenegro, el orgullo morenense en el atletismo adaptado"},"content":{"rendered":"\n<h5 class=\"wp-block-heading\">La campeona de Moreno integra la  <strong>Selecci\u00f3n Argentina de Atletismo Adaptado<\/strong>, en la disciplina de<strong> Velocista en silla de ruedas<\/strong>. En una entrevista exclusiva con Moreno Primero, expres\u00f3: \u201cSiempre recalco que soy de Moreno, porque es parte de mi historia y de mi recorrido\u201d. <\/h5>\n\n\n\n<p><strong>Luc\u00eda Montenegro<\/strong> con tan s\u00f3lo 21 a\u00f1os, ya es campeona mundial, tiene medallas de oro, plata y bronce, en los juegos parapanamericanos, y lleg\u00f3 a ubicarse en el puesto 11\u00ba del ranking mundial de atletas mujeres. &nbsp;<\/p>\n\n\n\n<p>La joven atleta cuenta a Moreno Primero que \u201cdesde m\u00e1s chica, alrededor del 2008 y 2009, hab\u00eda tenido un acercamiento al deporte a trav\u00e9s del programa deportivo inclusivo de Moreno donde hac\u00eda nataci\u00f3n, a la vez que practicaba en un club aparte del programa\u201d. Luego, decidi\u00f3 acercarse al atletismo&nbsp;para competir en los juegos bonaerenses, donde <strong>conoci\u00f3 en el a\u00f1o 2014 a su entrenador, Pablo Fornari, y desde all\u00ed que entrena con \u00e9l. <\/strong><\/p>\n\n\n\n<figure class=\"wp-block-image is-resized\"><img loading=\"lazy\" decoding=\"async\" src=\"https:\/\/scontent.fepa2-1.fna.fbcdn.net\/v\/t1.6435-9\/61787527_10212922520808701_2689972523252056064_n.jpg?_nc_cat=105&amp;ccb=1-5&amp;_nc_sid=84a396&amp;_nc_eui2=AeGq9blrVN5lrLHJFGYicA5JKgWKNEJArTsqBYo0QkCtO6AG-4qHbwiWeW-CaMoCSq4&amp;_nc_ohc=IQBRMjioxlEAX-NFfWf&amp;tn=-MJNCM3f8wxGzn0q&amp;_nc_ht=scontent.fepa2-1.fna&amp;oh=00_AT85niicUHVXtuE3xxZ2la-hLAyBhnpzcnyNdIojj3uh7A&amp;oe=628F2FF4\" alt=\"No hay ninguna descripci\u00f3n de la foto disponible.\" width=\"623\" height=\"779\"\/><figcaption>Luc\u00eda Montenegro junto a su entrenador, Pablo Fornari.<\/figcaption><\/figure>\n\n\n\n<p>&nbsp;&nbsp;<\/p>\n\n\n\n<p><strong>La trayectoria de la joven atleta est\u00e1 llena de triunfos<\/strong>, superaci\u00f3n de marcas personales, y logros que la colocan entre las mejores del mundo. En 2017 comenz\u00f3 en el parapanamericano juvenil de San Pablo, donde obtuvo <strong>3 medallas de oro<\/strong>; el mismo a\u00f1o, disput\u00f3 el mundial juvenil en Suiza donde se coloc\u00f3 en el<strong> 11\u00ba puesto del Ranking mundial de atletas mujeres<\/strong>, y recuerda que \u201cfue incre\u00edble porque saqu\u00e9<strong> 3 medallas de plata<\/strong>, y ah\u00ed me di cuenta que realmente estaba en un nivel profesional\u201d.&nbsp;<\/p>\n\n\n\n<p>Las competencias siguieron y particip\u00f3 de los abiertos nacionales en Barranquilla, pas\u00f3 por un torneo m\u00e1s en Brasil, y en 2019 particip\u00f3 de los parapanamericanos en Lima, donde obtuvo una<strong> medalla de Bronce <\/strong>en los 100 metros. El a\u00f1o pasado volvi\u00f3 a los abiertos nacionales en Suiza, donde \u201ctuve algunas problem\u00e1ticas que hicieron que pueda competir s\u00f3lo en dos de los tres torneos, pero hice mis mejores marcas as\u00ed que fue un torneo incre\u00edble\u201d, recuerda la joven morenense.&nbsp;<\/p>\n\n\n\n<figure class=\"wp-block-image\"><img decoding=\"async\" src=\"https:\/\/media.vivieloeste.com.ar\/p\/f5facbc254a628ea44aedec0975b9581\/adjuntos\/320\/imagenes\/000\/010\/0000010252\/1200x0\/smart\/lucia-montenegrojpg.jpg\" alt=\"Lucia Montenegro, la atleta paral\u00edmpica de Moreno, denunci\u00f3 maltrato en la previa a los parapanamericanos\"\/><\/figure>\n\n\n\n<p>Respecto de la primera competencia en Suiza, recuerda que se hizo amiga de una de las atletas juveniles locales, \u201cme cont\u00f3 que ellos todos los a\u00f1os hac\u00edan un campus de entrenamiento que duraba una semana y que despu\u00e9s del entrenamiento hab\u00eda un torneo, as\u00ed que organizamos y al a\u00f1o siguiente, en 2018, fuimos a entrenar con ellos una semana\u201d, cuenta, y recuerda que \u201cfue una experiencia hermosa, y si bien hac\u00edan cosa que nosotros hac\u00edamos ac\u00e1, hab\u00eda otras que no y las pudimos sumar\u201d, y por otro lado, \u201cestuvo buen\u00edsimo porque hab\u00eda atletas de todos lados, y adem\u00e1s tuve buenos resultados en el torneo de ese a\u00f1o\u201d, es por eso que Luc\u00eda expresa: \u201cme encantar\u00eda poder volver a repetirla\u201d.&nbsp;<\/p>\n\n\n\n<p>Luc\u00eda entrena arduamente, todos los d\u00edas, en pista y gimnasio, con la misma exigencia que cualquier deportista de elite convencional. De esa forma, <strong>se prepara para viajar a Santiago de Chile y competir en el parapanamericano, y luego al Mundial en Par\u00eds. Tambi\u00e9n tiene en vista el paral\u00edmpico del a\u00f1o 2024 que tambi\u00e9n se llevar\u00e1 a cabo en la capital francesa.&nbsp;<\/strong><\/p>\n\n\n\n<p>Luc\u00eda sabe que en la selecci\u00f3n representa \u201cprincipalmente\u201d a Argentina, pero explica, \u201c<strong>siempre recalco que soy de Moreno, porque es parte de mi historia y de mi recorrido por m\u00e1s que no entrene ac\u00e1 todos los d\u00edas<\/strong>\u201d.&nbsp;<\/p>\n\n\n\n<p>En ese sentido, cabe destacar que a comienzos del mes de abril, fue recibida por la intendenta Mariel Fern\u00e1ndez, quien asegur\u00f3 que <strong>\u201cdesde el Municipio vamos a acompa\u00f1arla y apoyarla para fortalecer su desarrollo deportivo profesional\u201d y la destac\u00f3 como un \u201corgullo morenense\u201d<\/strong>.&nbsp;<\/p>\n\n\n\n<figure class=\"wp-block-image\"><img decoding=\"async\" src=\"https:\/\/scontent.fepa2-1.fna.fbcdn.net\/v\/t39.30808-6\/277782399_534717834684841_8558754532923517222_n.jpg?_nc_cat=102&amp;ccb=1-5&amp;_nc_sid=730e14&amp;_nc_eui2=AeEs-WzqpaZrvqVQDwcNNP4M2wI-TC5EXmLbAj5MLkReYgImOKXDzjudABtXPof-oK4&amp;_nc_ohc=4QZLcLORlNUAX8KLKNO&amp;_nc_ht=scontent.fepa2-1.fna&amp;oh=00_AT_6s3fmTfGwwPqckccj__9ZjdOf-R1WGm2cSVUuIFgN1A&amp;oe=626CDAC7\" alt=\"Puede ser una imagen de 3 personas y personas de pie\"\/><figcaption>Mariel Fern\u00e1ndez: \u00bb Desde el Municipio vamos a acompa\u00f1arla y apoyarla para fortalecer su desarrollo deportivo profesional, es  un orgullo morenense\u00bb. <\/figcaption><\/figure>\n\n\n\n<p>Luc\u00eda explica al final de la entrevista que ella es \u201cla que va y corre\u201d pero asegura que \u201csin el acompa\u00f1amiento de mi entrenador, sin la planificaci\u00f3n de los entrenamientos, dejando cosas de lado para entrenarme a mi y mis compa\u00f1eros, sin una persona como \u00e9l que entienda tanto del deporte y le ponga tanta dedicaci\u00f3n, no estar\u00eda donde hoy estoy \u201c, y el mismo agradecimiento dirige hacia su familia, \u201cque est\u00e1n apoy\u00e1ndome en todo momento\u201d y que junto a su entrenador constituyen sus \u201c<strong>dos pilares fundamentales<\/strong>\u201d.&nbsp;<\/p>\n","protected":false},"excerpt":{"rendered":"<p>La campeona de Moreno integra la Selecci\u00f3n Argentina de Atletismo Adaptado, en la disciplina de Velocista en silla de ruedas. En una entrevista exclusiva con Moreno Primero, expres\u00f3: \u201cSiempre recalco que soy de Moreno, porque es parte de mi historia &hellip; <a href=\"https:\/\/morenoprimero.com.ar\/archivo\/lucia-montenegro-el-orgullo-morenense-en-el-atletismo-adaptado\/\">Sigue leyendo <span class=\"meta-nav\">&rarr;<\/span><\/a><\/p>\n","protected":false},"author":6,"featured_media":27450,"comment_status":"closed","ping_status":"closed","sticky":false,"template":"","format":"standard","meta":{"footnotes":""},"categories":[673,2],"tags":[3937,3936,6,3938],"class_list":["post-27440","post","type-post","status-publish","format-standard","has-post-thumbnail","hentry","category-deporte","category-destacadas","tag-atletismo","tag-lucia-montenegro","tag-moreno","tag-seleccion-argentina-de-atletismo-adaptado"],"_links":{"self":[{"href":"https:\/\/morenoprimero.com.ar\/archivo\/wp-json\/wp\/v2\/posts\/27440","targetHints":{"allow":["GET"]}}],"collection":[{"href":"https:\/\/morenoprimero.com.ar\/archivo\/wp-json\/wp\/v2\/posts"}],"about":[{"href":"https:\/\/morenoprimero.com.ar\/archivo\/wp-json\/wp\/v2\/types\/post"}],"author":[{"embeddable":true,"href":"https:\/\/morenoprimero.com.ar\/archivo\/wp-json\/wp\/v2\/users\/6"}],"replies":[{"embeddable":true,"href":"https:\/\/morenoprimero.com.ar\/archivo\/wp-json\/wp\/v2\/comments?post=27440"}],"version-history":[{"count":3,"href":"https:\/\/morenoprimero.com.ar\/archivo\/wp-json\/wp\/v2\/posts\/27440\/revisions"}],"predecessor-version":[{"id":27520,"href":"https:\/\/morenoprimero.com.ar\/archivo\/wp-json\/wp\/v2\/posts\/27440\/revisions\/27520"}],"wp:featuredmedia":[{"embeddable":true,"href":"https:\/\/morenoprimero.com.ar\/archivo\/wp-json\/wp\/v2\/media\/27450"}],"wp:attachment":[{"href":"https:\/\/morenoprimero.com.ar\/archivo\/wp-json\/wp\/v2\/media?parent=27440"}],"wp:term":[{"taxonomy":"category","embeddable":true,"href":"https:\/\/morenoprimero.com.ar\/archivo\/wp-json\/wp\/v2\/categories?post=27440"},{"taxonomy":"post_tag","embeddable":true,"href":"https:\/\/morenoprimero.com.ar\/archivo\/wp-json\/wp\/v2\/tags?post=27440"}],"curies":[{"name":"wp","href":"https:\/\/api.w.org\/{rel}","templated":true}]}}