{"id":27431,"date":"2022-04-26T17:08:04","date_gmt":"2022-04-26T20:08:04","guid":{"rendered":"https:\/\/morenoprimero.com.ar\/?p=27431"},"modified":"2022-04-26T17:09:06","modified_gmt":"2022-04-26T20:09:06","slug":"inadaptes-la-banda-punk-de-moreno-que-se-presento-en-la-plaza-rockea","status":"publish","type":"post","link":"https:\/\/morenoprimero.com.ar\/archivo\/inadaptes-la-banda-punk-de-moreno-que-se-presento-en-la-plaza-rockea\/","title":{"rendered":"Inadapt\u00e9s: la banda punk de Moreno que se present\u00f3 en La Plaza Rockea"},"content":{"rendered":"\n<h5 class=\"wp-block-heading\">En una nueva edici\u00f3n de La Plaza Rockea se present\u00f3 la banda local de punkrock \u201cInadapt\u00e9s\u201d, integrada por Adriana Viedma, Cess Gonzales, Maxi Diaz y Ayel\u00e9n Oro. Desde Moreno Primero hablamos con Ayel\u00e9n, voz y segunda guitarra:<strong> \u201cEst\u00e1 buen\u00edsimo que existan estos espacios para las bandas emergentes\u201d.<\/strong><\/h5>\n\n\n\n<p>La banda est\u00e1 integrada por Adriana Viedma, en bater\u00eda, Cess Gonzales en bajo, Maxi Diaz guitarra principal y Ayelen Oro, voz y segunda guitarra. Si bien se definen como una banda que no tiene un estilo en particular, consideran que la base de su m\u00fasica se encuentra en el punkrock y el rock, pero que no encasillarse en un un estilo determinado les permite que cada integrante pueda aportar con sus distintos gustos e influencias.<\/p>\n\n\n\n<p><strong>\u201cLa banda tiene sus bases en el rock y en el punk pero podr\u00edamos decir que no tenemos un estilo definido, hay temas que tienen tintes mel\u00f3dicos, otros son m\u00e1s grunge, otros tienen alg\u00fan toque hardcore, y lo bueno de eso es que cuando componemos cada uno puede poner sus influencias, la baterista por ejemplo se caracteriza m\u00e1s por tocar hardcord, el guitarrista tiene influencias de bandas como red hot chili peppers y eso se nota al tocar\u201d, <\/strong>nos explic\u00f3 Ayel\u00e9n sobre c\u00f3mo est\u00e1 armada la banda y sobre el estilo que tienen.<\/p>\n\n\n\n<figure class=\"wp-block-gallery columns-2 is-cropped wp-block-gallery-1 is-layout-flex wp-block-gallery-is-layout-flex\"><ul class=\"blocks-gallery-grid\"><li class=\"blocks-gallery-item\"><figure><a href=\"https:\/\/morenoprimero.com.ar\/wp-content\/uploads\/2022\/04\/WhatsApp_Image_2022-04-26_at_1.45.09_PM-1.jpg\"><img loading=\"lazy\" decoding=\"async\" width=\"720\" height=\"399\" src=\"https:\/\/morenoprimero.com.ar\/wp-content\/uploads\/2022\/04\/WhatsApp_Image_2022-04-26_at_1.45.09_PM-1.jpg\" alt=\"\" data-id=\"27436\" data-full-url=\"https:\/\/morenoprimero.com.ar\/wp-content\/uploads\/2022\/04\/WhatsApp_Image_2022-04-26_at_1.45.09_PM-1.jpg\" data-link=\"https:\/\/morenoprimero.com.ar\/?attachment_id=27436\" class=\"wp-image-27436\" srcset=\"https:\/\/morenoprimero.com.ar\/archivo\/wp-content\/uploads\/2022\/04\/WhatsApp_Image_2022-04-26_at_1.45.09_PM-1.jpg 720w, https:\/\/morenoprimero.com.ar\/archivo\/wp-content\/uploads\/2022\/04\/WhatsApp_Image_2022-04-26_at_1.45.09_PM-1-300x166.jpg 300w\" sizes=\"auto, (max-width: 720px) 100vw, 720px\" \/><\/a><\/figure><\/li><li class=\"blocks-gallery-item\"><figure><a href=\"https:\/\/morenoprimero.com.ar\/wp-content\/uploads\/2022\/04\/WhatsApp_Image_2022-04-26_at_1.45.38_PM.jpg\"><img loading=\"lazy\" decoding=\"async\" width=\"1024\" height=\"743\" src=\"https:\/\/morenoprimero.com.ar\/wp-content\/uploads\/2022\/04\/WhatsApp_Image_2022-04-26_at_1.45.38_PM-1024x743.jpg\" alt=\"\" data-id=\"27435\" data-full-url=\"https:\/\/morenoprimero.com.ar\/wp-content\/uploads\/2022\/04\/WhatsApp_Image_2022-04-26_at_1.45.38_PM.jpg\" data-link=\"https:\/\/morenoprimero.com.ar\/?attachment_id=27435\" class=\"wp-image-27435\" srcset=\"https:\/\/morenoprimero.com.ar\/archivo\/wp-content\/uploads\/2022\/04\/WhatsApp_Image_2022-04-26_at_1.45.38_PM-1024x743.jpg 1024w, https:\/\/morenoprimero.com.ar\/archivo\/wp-content\/uploads\/2022\/04\/WhatsApp_Image_2022-04-26_at_1.45.38_PM-300x218.jpg 300w, https:\/\/morenoprimero.com.ar\/archivo\/wp-content\/uploads\/2022\/04\/WhatsApp_Image_2022-04-26_at_1.45.38_PM-768x557.jpg 768w, https:\/\/morenoprimero.com.ar\/archivo\/wp-content\/uploads\/2022\/04\/WhatsApp_Image_2022-04-26_at_1.45.38_PM.jpg 1163w\" sizes=\"auto, (max-width: 1024px) 100vw, 1024px\" \/><\/a><\/figure><\/li><\/ul><\/figure>\n\n\n\n<p>Adem\u00e1s, Ayel\u00e9n agrega sobre c\u00f3mo se fue configurando la banda, y nos explica que <strong>\u201cde todo este menjunje sale la banda, y me parece que es lo m\u00e1s rico que tenemos todos. Poder poner las distintas influencias en juego hace muy rica la banda\u201d,<\/strong> coment\u00f3 Ayel\u00e9n, voz y guitarra de la banda.&nbsp;<\/p>\n\n\n\n<p>Al consultarle por el <strong>nombre de la banda<\/strong>, Ayel\u00e9n nos cuenta que surgi\u00f3 de ir probando con distintos idiomas. <strong>&nbsp;\u201cLa idea era ponerle inadaptados pero ya hab\u00eda una banda con ese nombre, y tampoco les gustaba como sonaba en ingl\u00e9s \u201cMisfits\u201d, as\u00ed que decidieron usar la palabra en franc\u00e9s \u201cinadapt\u00e9s\u201d,<\/strong> y as\u00ed surgi\u00f3 finalmente el nombre.<\/p>\n\n\n\n<p>Con respecto a los or\u00edgenes de la banda, es relativamente nueva pero en poco tiempo pudieron hacer camino y abrir puertas en el mundo del rock. Y as\u00ed coment\u00f3 a Moreno Primero, en exclusiva, Ayel\u00e9n y dijo:<strong> \u201cLos or\u00edgenes de la banda se remontan al a\u00f1o 2018, somos relativamente nuevos en el \u00e1mbito de las bandas emergentes del oeste. Para llegar a la formaci\u00f3n actual pasaron bastantes m\u00fasicos y m\u00fasicas, hasta que el proyecto fue tomando sentido y forma\u201d<\/strong>, expres\u00f3 Ayelen.<\/p>\n\n\n\n<figure class=\"wp-block-gallery columns-2 is-cropped wp-block-gallery-2 is-layout-flex wp-block-gallery-is-layout-flex\"><ul class=\"blocks-gallery-grid\"><li class=\"blocks-gallery-item\"><figure><a href=\"https:\/\/morenoprimero.com.ar\/wp-content\/uploads\/2022\/04\/WhatsApp_Image_2022-04-26_at_1.45.39_PM.jpg\"><img loading=\"lazy\" decoding=\"async\" width=\"1024\" height=\"1024\" src=\"https:\/\/morenoprimero.com.ar\/wp-content\/uploads\/2022\/04\/WhatsApp_Image_2022-04-26_at_1.45.39_PM-1024x1024.jpg\" alt=\"\" data-id=\"27434\" data-full-url=\"https:\/\/morenoprimero.com.ar\/wp-content\/uploads\/2022\/04\/WhatsApp_Image_2022-04-26_at_1.45.39_PM.jpg\" data-link=\"https:\/\/morenoprimero.com.ar\/inadaptes-la-banda-punk-de-moreno-que-se-presento-en-la-plaza-rockea\/whatsapp_image_2022-04-26_at_1-45-39_pm\/\" class=\"wp-image-27434\" srcset=\"https:\/\/morenoprimero.com.ar\/archivo\/wp-content\/uploads\/2022\/04\/WhatsApp_Image_2022-04-26_at_1.45.39_PM-1024x1024.jpg 1024w, https:\/\/morenoprimero.com.ar\/archivo\/wp-content\/uploads\/2022\/04\/WhatsApp_Image_2022-04-26_at_1.45.39_PM-300x300.jpg 300w, https:\/\/morenoprimero.com.ar\/archivo\/wp-content\/uploads\/2022\/04\/WhatsApp_Image_2022-04-26_at_1.45.39_PM-150x150.jpg 150w, https:\/\/morenoprimero.com.ar\/archivo\/wp-content\/uploads\/2022\/04\/WhatsApp_Image_2022-04-26_at_1.45.39_PM-768x768.jpg 768w, https:\/\/morenoprimero.com.ar\/archivo\/wp-content\/uploads\/2022\/04\/WhatsApp_Image_2022-04-26_at_1.45.39_PM.jpg 1280w\" sizes=\"auto, (max-width: 1024px) 100vw, 1024px\" \/><\/a><\/figure><\/li><li class=\"blocks-gallery-item\"><figure><a href=\"https:\/\/morenoprimero.com.ar\/wp-content\/uploads\/2022\/04\/WhatsApp_Image_2022-04-26_at_1.45.39_PM-1.jpg\"><img loading=\"lazy\" decoding=\"async\" width=\"1024\" height=\"601\" src=\"https:\/\/morenoprimero.com.ar\/wp-content\/uploads\/2022\/04\/WhatsApp_Image_2022-04-26_at_1.45.39_PM-1-1024x601.jpg\" alt=\"\" data-id=\"27433\" data-full-url=\"https:\/\/morenoprimero.com.ar\/wp-content\/uploads\/2022\/04\/WhatsApp_Image_2022-04-26_at_1.45.39_PM-1.jpg\" data-link=\"https:\/\/morenoprimero.com.ar\/?attachment_id=27433\" class=\"wp-image-27433\" srcset=\"https:\/\/morenoprimero.com.ar\/archivo\/wp-content\/uploads\/2022\/04\/WhatsApp_Image_2022-04-26_at_1.45.39_PM-1-1024x601.jpg 1024w, https:\/\/morenoprimero.com.ar\/archivo\/wp-content\/uploads\/2022\/04\/WhatsApp_Image_2022-04-26_at_1.45.39_PM-1-300x176.jpg 300w, https:\/\/morenoprimero.com.ar\/archivo\/wp-content\/uploads\/2022\/04\/WhatsApp_Image_2022-04-26_at_1.45.39_PM-1-768x451.jpg 768w, https:\/\/morenoprimero.com.ar\/archivo\/wp-content\/uploads\/2022\/04\/WhatsApp_Image_2022-04-26_at_1.45.39_PM-1.jpg 1280w\" sizes=\"auto, (max-width: 1024px) 100vw, 1024px\" \/><\/a><\/figure><\/li><\/ul><\/figure>\n\n\n\n<p>Como banda cuando la pandemia no permit\u00eda realizar actividades al aire libre, pudieron participar de la grabaci\u00f3n de un tema en estudio, de la mano de la Secretar\u00eda de Cultura, pero hab\u00eda quedado pendiente la posibilidad de tocar en vivo.<\/p>\n\n\n\n<p>Consultada sobre lo que fue su participaci\u00f3n en el \u00faltimo evento de la plaza Rockea, Ayelen nos cont\u00f3 emocionada:<strong> \u201cLa fecha estuvo buen\u00edsima, muy bueno el sonido, muy buena la puesta en escena. Vino mucha gente, muchos colegas, quien pasaba por ah\u00ed se quedaba, sacaba fotos. Ojal\u00e1 se mantenga este espacio y podamos tocar nuevamente pronto\u201d,<\/strong>&nbsp; y finaliz\u00f3 diciendo que<strong> \u201cest\u00e1 buen\u00edsimo que existan estos espacios para las bandas emergentes, ojala que adem\u00e1s de seguir sumando p\u00fablico, se sigan sumando colegas de otras bandas, as\u00ed entre todos nos ayudamos, esperemos que se pueda mantener en el tiempo, para que podamos seguir disfrutando de la m\u00fasica\u201d.<\/strong><\/p>\n\n\n\n<p>Se presentaron tambi\u00e9n el \u00faltimo s\u00e1bado Nival, y Las T\u00e9mperas, y para la pr\u00f3xima fecha a realizarse el s\u00e1bado 7 de mayo en Plaza San Mart\u00edn, Libertador y Alcorta, se presentaran Poca Cosa, El rastrillo, y Norman Diaz.<\/p>\n","protected":false},"excerpt":{"rendered":"<p>En una nueva edici\u00f3n de La Plaza Rockea se present\u00f3 la banda local de punkrock \u201cInadapt\u00e9s\u201d, integrada por Adriana Viedma, Cess Gonzales, Maxi Diaz y Ayel\u00e9n Oro. Desde Moreno Primero hablamos con Ayel\u00e9n, voz y segunda guitarra: \u201cEst\u00e1 buen\u00edsimo que &hellip; <a href=\"https:\/\/morenoprimero.com.ar\/archivo\/inadaptes-la-banda-punk-de-moreno-que-se-presento-en-la-plaza-rockea\/\">Sigue leyendo <span class=\"meta-nav\">&rarr;<\/span><\/a><\/p>\n","protected":false},"author":6,"featured_media":27432,"comment_status":"closed","ping_status":"closed","sticky":false,"template":"","format":"standard","meta":{"footnotes":""},"categories":[3,2328],"tags":[326,3935,3770,6],"class_list":["post-27431","post","type-post","status-publish","format-standard","has-post-thumbnail","hentry","category-importantes","category-local","tag-cultura-2","tag-inadaptes","tag-la-plaza-rockea","tag-moreno"],"_links":{"self":[{"href":"https:\/\/morenoprimero.com.ar\/archivo\/wp-json\/wp\/v2\/posts\/27431","targetHints":{"allow":["GET"]}}],"collection":[{"href":"https:\/\/morenoprimero.com.ar\/archivo\/wp-json\/wp\/v2\/posts"}],"about":[{"href":"https:\/\/morenoprimero.com.ar\/archivo\/wp-json\/wp\/v2\/types\/post"}],"author":[{"embeddable":true,"href":"https:\/\/morenoprimero.com.ar\/archivo\/wp-json\/wp\/v2\/users\/6"}],"replies":[{"embeddable":true,"href":"https:\/\/morenoprimero.com.ar\/archivo\/wp-json\/wp\/v2\/comments?post=27431"}],"version-history":[{"count":3,"href":"https:\/\/morenoprimero.com.ar\/archivo\/wp-json\/wp\/v2\/posts\/27431\/revisions"}],"predecessor-version":[{"id":27454,"href":"https:\/\/morenoprimero.com.ar\/archivo\/wp-json\/wp\/v2\/posts\/27431\/revisions\/27454"}],"wp:featuredmedia":[{"embeddable":true,"href":"https:\/\/morenoprimero.com.ar\/archivo\/wp-json\/wp\/v2\/media\/27432"}],"wp:attachment":[{"href":"https:\/\/morenoprimero.com.ar\/archivo\/wp-json\/wp\/v2\/media?parent=27431"}],"wp:term":[{"taxonomy":"category","embeddable":true,"href":"https:\/\/morenoprimero.com.ar\/archivo\/wp-json\/wp\/v2\/categories?post=27431"},{"taxonomy":"post_tag","embeddable":true,"href":"https:\/\/morenoprimero.com.ar\/archivo\/wp-json\/wp\/v2\/tags?post=27431"}],"curies":[{"name":"wp","href":"https:\/\/api.w.org\/{rel}","templated":true}]}}