{"id":27363,"date":"2022-04-25T19:31:01","date_gmt":"2022-04-25T22:31:01","guid":{"rendered":"https:\/\/morenoprimero.com.ar\/?p=27363"},"modified":"2022-04-25T19:31:01","modified_gmt":"2022-04-25T22:31:01","slug":"camila-tarocco-se-llevo-a-cabo-un-jornada-de-sensibilizacion-y-homenaje-a-dos-anos-de-su-femicidio","status":"publish","type":"post","link":"https:\/\/morenoprimero.com.ar\/archivo\/camila-tarocco-se-llevo-a-cabo-un-jornada-de-sensibilizacion-y-homenaje-a-dos-anos-de-su-femicidio\/","title":{"rendered":"Camila Tarocco: se llev\u00f3 a cabo un Jornada de sensibilizaci\u00f3n y homenaje a dos a\u00f1os de su femicidio"},"content":{"rendered":"\n<h5 class=\"wp-block-heading\">La joven que viv\u00eda en Moreno, fue v\u00edctima de femicidio en abril de 2020 y 2 a\u00f1os despu\u00e9s, se realizaron actividades y talleres de concientizaci\u00f3n de violencia de g\u00e9nero y una se\u00f1alizaci\u00f3n en su homenaje.<\/h5>\n\n\n\n<p>El pasado viernes 22 de abril, al cumplirse dos a\u00f1os del femicidio de Camila en el marco de las acciones que lleva adelante la Subsecretar\u00eda de Pol\u00edticas Contra las Violencias por Razones de G\u00e9nero del Ministerio de las Mujeres, Pol\u00edticas de G\u00e9nero y Diversidad Sexual, en articulaci\u00f3n con la Subsecretar\u00eda de mujeres, g\u00e9nero y diversidad del municipio de Moreno y el Sedronar, se realiz\u00f3 una actividad con talleres de concientizaci\u00f3n y una se\u00f1alizaci\u00f3n en homenaje a Camila.<\/p>\n\n\n\n<figure class=\"wp-block-gallery columns-3 is-cropped wp-block-gallery-1 is-layout-flex wp-block-gallery-is-layout-flex\"><ul class=\"blocks-gallery-grid\"><li class=\"blocks-gallery-item\"><figure><a href=\"https:\/\/morenoprimero.com.ar\/wp-content\/uploads\/2022\/04\/WhatsApp_Image_2022-04-25_at_7.18.19_PM-3.jpg\"><img loading=\"lazy\" decoding=\"async\" width=\"1024\" height=\"683\" src=\"https:\/\/morenoprimero.com.ar\/wp-content\/uploads\/2022\/04\/WhatsApp_Image_2022-04-25_at_7.18.19_PM-3.jpg\" alt=\"\" data-id=\"27369\" data-full-url=\"https:\/\/morenoprimero.com.ar\/wp-content\/uploads\/2022\/04\/WhatsApp_Image_2022-04-25_at_7.18.19_PM-3.jpg\" data-link=\"https:\/\/morenoprimero.com.ar\/?attachment_id=27369\" class=\"wp-image-27369\" srcset=\"https:\/\/morenoprimero.com.ar\/archivo\/wp-content\/uploads\/2022\/04\/WhatsApp_Image_2022-04-25_at_7.18.19_PM-3.jpg 1024w, https:\/\/morenoprimero.com.ar\/archivo\/wp-content\/uploads\/2022\/04\/WhatsApp_Image_2022-04-25_at_7.18.19_PM-3-300x200.jpg 300w, https:\/\/morenoprimero.com.ar\/archivo\/wp-content\/uploads\/2022\/04\/WhatsApp_Image_2022-04-25_at_7.18.19_PM-3-768x512.jpg 768w\" sizes=\"auto, (max-width: 1024px) 100vw, 1024px\" \/><\/a><\/figure><\/li><li class=\"blocks-gallery-item\"><figure><a href=\"https:\/\/morenoprimero.com.ar\/wp-content\/uploads\/2022\/04\/WhatsApp_Image_2022-04-25_at_7.18.19_PM.jpg\"><img loading=\"lazy\" decoding=\"async\" width=\"1024\" height=\"683\" src=\"https:\/\/morenoprimero.com.ar\/wp-content\/uploads\/2022\/04\/WhatsApp_Image_2022-04-25_at_7.18.19_PM.jpg\" alt=\"\" data-id=\"27372\" data-full-url=\"https:\/\/morenoprimero.com.ar\/wp-content\/uploads\/2022\/04\/WhatsApp_Image_2022-04-25_at_7.18.19_PM.jpg\" data-link=\"https:\/\/morenoprimero.com.ar\/?attachment_id=27372\" class=\"wp-image-27372\" srcset=\"https:\/\/morenoprimero.com.ar\/archivo\/wp-content\/uploads\/2022\/04\/WhatsApp_Image_2022-04-25_at_7.18.19_PM.jpg 1024w, https:\/\/morenoprimero.com.ar\/archivo\/wp-content\/uploads\/2022\/04\/WhatsApp_Image_2022-04-25_at_7.18.19_PM-300x200.jpg 300w, https:\/\/morenoprimero.com.ar\/archivo\/wp-content\/uploads\/2022\/04\/WhatsApp_Image_2022-04-25_at_7.18.19_PM-768x512.jpg 768w\" sizes=\"auto, (max-width: 1024px) 100vw, 1024px\" \/><\/a><\/figure><\/li><li class=\"blocks-gallery-item\"><figure><a href=\"https:\/\/morenoprimero.com.ar\/wp-content\/uploads\/2022\/04\/DM_20220425183827_001.jpg\"><img loading=\"lazy\" decoding=\"async\" width=\"1024\" height=\"1024\" src=\"https:\/\/morenoprimero.com.ar\/wp-content\/uploads\/2022\/04\/DM_20220425183827_001-1024x1024.jpg\" alt=\"\" data-id=\"27367\" data-full-url=\"https:\/\/morenoprimero.com.ar\/wp-content\/uploads\/2022\/04\/DM_20220425183827_001.jpg\" data-link=\"https:\/\/morenoprimero.com.ar\/?attachment_id=27367\" class=\"wp-image-27367\" srcset=\"https:\/\/morenoprimero.com.ar\/archivo\/wp-content\/uploads\/2022\/04\/DM_20220425183827_001-1024x1024.jpg 1024w, https:\/\/morenoprimero.com.ar\/archivo\/wp-content\/uploads\/2022\/04\/DM_20220425183827_001-300x300.jpg 300w, https:\/\/morenoprimero.com.ar\/archivo\/wp-content\/uploads\/2022\/04\/DM_20220425183827_001-150x150.jpg 150w, https:\/\/morenoprimero.com.ar\/archivo\/wp-content\/uploads\/2022\/04\/DM_20220425183827_001-768x768.jpg 768w, https:\/\/morenoprimero.com.ar\/archivo\/wp-content\/uploads\/2022\/04\/DM_20220425183827_001.jpg 1080w\" sizes=\"auto, (max-width: 1024px) 100vw, 1024px\" \/><\/a><\/figure><\/li><\/ul><\/figure>\n\n\n\n<p>Por su parte, la intendenta Mariel Fern\u00e1ndez, quien estuvo presente en el homenaje, pronunci\u00f3:<strong> \u00abNuestra convicci\u00f3n y la respuesta a los femicidios es la organizaci\u00f3n de las mujeres de Moreno. Ya son 750 las promotoras preparadas que confiaron en esta gesti\u00f3n, en que el Estado puede trabajar junto con su comunidad para dar respuestas, y es una pol\u00edtica que junto a otras acciones integrales est\u00e1 teniendo sus frutos\u00bb<\/strong>, dijo Mariel.<\/p>\n\n\n\n<p>La jornada que se realiz\u00f3 en dos momentos, el primero en el cual se dictaron los talleres,y el segundo donde se realiz\u00f3 el descubrimiento del se\u00f1alamiento en homenaje a Camila,\u00a0 se pens\u00f3 en pos de desarrollar pol\u00edticas que visibilicen la enorme lucha que llevan adelante\u00a0 familiares de v\u00edctimas de femicidios, travesticidios y transfemicidios.\u00a0<\/p>\n\n\n\n<p>Se realizaron distintos talleres, uno sobre matriz de riesgo a cargo de la Direcci\u00f3n Provincial de Investigaci\u00f3n, Planificaci\u00f3n y Gesti\u00f3n de Pol\u00edticas P\u00fablicas contra las violencias por razones de g\u00e9nero,otro con organizaciones sociales y puntos violeta, en el marco del programa \u00abYendo\u00bb y por \u00faltimo un&nbsp; taller sobre consumo y g\u00e9nero dictado por el Sedronar.&nbsp;<\/p>\n\n\n\n<p><strong>En un segundo momento de la jornada\u00a0 se realiz\u00f3, en Plaza Bujan una muestra fotogr\u00e1fica sobre la b\u00fasqueda de Camila y una intervenci\u00f3n art\u00edstica a cargo de Daniela Riquelme.\u00a0<\/strong><\/p>\n\n\n\n<figure class=\"wp-block-gallery columns-3 is-cropped wp-block-gallery-2 is-layout-flex wp-block-gallery-is-layout-flex\"><ul class=\"blocks-gallery-grid\"><li class=\"blocks-gallery-item\"><figure><a href=\"https:\/\/morenoprimero.com.ar\/wp-content\/uploads\/2022\/04\/DM_20220425183841_001.jpg\"><img loading=\"lazy\" decoding=\"async\" width=\"1024\" height=\"1024\" src=\"https:\/\/morenoprimero.com.ar\/wp-content\/uploads\/2022\/04\/DM_20220425183841_001-1024x1024.jpg\" alt=\"\" data-id=\"27366\" data-full-url=\"https:\/\/morenoprimero.com.ar\/wp-content\/uploads\/2022\/04\/DM_20220425183841_001.jpg\" data-link=\"https:\/\/morenoprimero.com.ar\/?attachment_id=27366\" class=\"wp-image-27366\" srcset=\"https:\/\/morenoprimero.com.ar\/archivo\/wp-content\/uploads\/2022\/04\/DM_20220425183841_001-1024x1024.jpg 1024w, https:\/\/morenoprimero.com.ar\/archivo\/wp-content\/uploads\/2022\/04\/DM_20220425183841_001-300x300.jpg 300w, https:\/\/morenoprimero.com.ar\/archivo\/wp-content\/uploads\/2022\/04\/DM_20220425183841_001-150x150.jpg 150w, https:\/\/morenoprimero.com.ar\/archivo\/wp-content\/uploads\/2022\/04\/DM_20220425183841_001-768x768.jpg 768w, https:\/\/morenoprimero.com.ar\/archivo\/wp-content\/uploads\/2022\/04\/DM_20220425183841_001.jpg 1080w\" sizes=\"auto, (max-width: 1024px) 100vw, 1024px\" \/><\/a><\/figure><\/li><li class=\"blocks-gallery-item\"><figure><a href=\"https:\/\/morenoprimero.com.ar\/wp-content\/uploads\/2022\/04\/WhatsApp_Image_2022-04-25_at_7.18.19_PM-1.jpg\"><img loading=\"lazy\" decoding=\"async\" width=\"1024\" height=\"683\" src=\"https:\/\/morenoprimero.com.ar\/wp-content\/uploads\/2022\/04\/WhatsApp_Image_2022-04-25_at_7.18.19_PM-1.jpg\" alt=\"\" data-id=\"27371\" data-full-url=\"https:\/\/morenoprimero.com.ar\/wp-content\/uploads\/2022\/04\/WhatsApp_Image_2022-04-25_at_7.18.19_PM-1.jpg\" data-link=\"https:\/\/morenoprimero.com.ar\/?attachment_id=27371\" class=\"wp-image-27371\" srcset=\"https:\/\/morenoprimero.com.ar\/archivo\/wp-content\/uploads\/2022\/04\/WhatsApp_Image_2022-04-25_at_7.18.19_PM-1.jpg 1024w, https:\/\/morenoprimero.com.ar\/archivo\/wp-content\/uploads\/2022\/04\/WhatsApp_Image_2022-04-25_at_7.18.19_PM-1-300x200.jpg 300w, https:\/\/morenoprimero.com.ar\/archivo\/wp-content\/uploads\/2022\/04\/WhatsApp_Image_2022-04-25_at_7.18.19_PM-1-768x512.jpg 768w\" sizes=\"auto, (max-width: 1024px) 100vw, 1024px\" \/><\/a><\/figure><\/li><li class=\"blocks-gallery-item\"><figure><a href=\"https:\/\/morenoprimero.com.ar\/wp-content\/uploads\/2022\/04\/WhatsApp_Image_2022-04-25_at_7.18.19_PM-2.jpg\"><img loading=\"lazy\" decoding=\"async\" width=\"1024\" height=\"683\" src=\"https:\/\/morenoprimero.com.ar\/wp-content\/uploads\/2022\/04\/WhatsApp_Image_2022-04-25_at_7.18.19_PM-2.jpg\" alt=\"\" data-id=\"27370\" data-full-url=\"https:\/\/morenoprimero.com.ar\/wp-content\/uploads\/2022\/04\/WhatsApp_Image_2022-04-25_at_7.18.19_PM-2.jpg\" data-link=\"https:\/\/morenoprimero.com.ar\/?attachment_id=27370\" class=\"wp-image-27370\" srcset=\"https:\/\/morenoprimero.com.ar\/archivo\/wp-content\/uploads\/2022\/04\/WhatsApp_Image_2022-04-25_at_7.18.19_PM-2.jpg 1024w, https:\/\/morenoprimero.com.ar\/archivo\/wp-content\/uploads\/2022\/04\/WhatsApp_Image_2022-04-25_at_7.18.19_PM-2-300x200.jpg 300w, https:\/\/morenoprimero.com.ar\/archivo\/wp-content\/uploads\/2022\/04\/WhatsApp_Image_2022-04-25_at_7.18.19_PM-2-768x512.jpg 768w\" sizes=\"auto, (max-width: 1024px) 100vw, 1024px\" \/><\/a><\/figure><\/li><\/ul><\/figure>\n\n\n\n<p>Adem\u00e1s de la presencia de stand con informaci\u00f3n sobre las distintas problem\u00e1ticas que atraviesan mujeres, travestis y trans por razones de g\u00e9nero, se realiz\u00f3 tambi\u00e9n un mural colectivo con la imagen de Camila.<\/p>\n\n\n\n<p>Estuvieron presentes funcionarias tanto del \u00e1mbito local como provincial, y la intendenta de Moreno Mariel Fernandez quien cerr\u00f3 con sus palabras la actividad junto a familiares de Camila.<\/p>\n\n\n\n<p>La actividad, por dem\u00e1s emotiva y movilizante, finaliz\u00f3 con el descubrimiento de una chapa calada, en homenaje a la joven.<\/p>\n","protected":false},"excerpt":{"rendered":"<p>La joven que viv\u00eda en Moreno, fue v\u00edctima de femicidio en abril de 2020 y 2 a\u00f1os despu\u00e9s, se realizaron actividades y talleres de concientizaci\u00f3n de violencia de g\u00e9nero y una se\u00f1alizaci\u00f3n en su homenaje. El pasado viernes 22 de &hellip; <a href=\"https:\/\/morenoprimero.com.ar\/archivo\/camila-tarocco-se-llevo-a-cabo-un-jornada-de-sensibilizacion-y-homenaje-a-dos-anos-de-su-femicidio\/\">Sigue leyendo <span class=\"meta-nav\">&rarr;<\/span><\/a><\/p>\n","protected":false},"author":6,"featured_media":27368,"comment_status":"open","ping_status":"open","sticky":false,"template":"","format":"standard","meta":{"footnotes":""},"categories":[2331,3],"tags":[2120,276,6],"class_list":["post-27363","post","type-post","status-publish","format-standard","has-post-thumbnail","hentry","category-genero","category-importantes","tag-camila-tarocco","tag-mariel-fernandez","tag-moreno"],"_links":{"self":[{"href":"https:\/\/morenoprimero.com.ar\/archivo\/wp-json\/wp\/v2\/posts\/27363","targetHints":{"allow":["GET"]}}],"collection":[{"href":"https:\/\/morenoprimero.com.ar\/archivo\/wp-json\/wp\/v2\/posts"}],"about":[{"href":"https:\/\/morenoprimero.com.ar\/archivo\/wp-json\/wp\/v2\/types\/post"}],"author":[{"embeddable":true,"href":"https:\/\/morenoprimero.com.ar\/archivo\/wp-json\/wp\/v2\/users\/6"}],"replies":[{"embeddable":true,"href":"https:\/\/morenoprimero.com.ar\/archivo\/wp-json\/wp\/v2\/comments?post=27363"}],"version-history":[{"count":1,"href":"https:\/\/morenoprimero.com.ar\/archivo\/wp-json\/wp\/v2\/posts\/27363\/revisions"}],"predecessor-version":[{"id":27373,"href":"https:\/\/morenoprimero.com.ar\/archivo\/wp-json\/wp\/v2\/posts\/27363\/revisions\/27373"}],"wp:featuredmedia":[{"embeddable":true,"href":"https:\/\/morenoprimero.com.ar\/archivo\/wp-json\/wp\/v2\/media\/27368"}],"wp:attachment":[{"href":"https:\/\/morenoprimero.com.ar\/archivo\/wp-json\/wp\/v2\/media?parent=27363"}],"wp:term":[{"taxonomy":"category","embeddable":true,"href":"https:\/\/morenoprimero.com.ar\/archivo\/wp-json\/wp\/v2\/categories?post=27363"},{"taxonomy":"post_tag","embeddable":true,"href":"https:\/\/morenoprimero.com.ar\/archivo\/wp-json\/wp\/v2\/tags?post=27363"}],"curies":[{"name":"wp","href":"https:\/\/api.w.org\/{rel}","templated":true}]}}