{"id":27340,"date":"2022-04-26T16:06:40","date_gmt":"2022-04-26T19:06:40","guid":{"rendered":"https:\/\/morenoprimero.com.ar\/?p=27340"},"modified":"2022-04-26T16:09:24","modified_gmt":"2022-04-26T19:09:24","slug":"moreno-declaro-uno-de-los-nueve-policias-arrestados-por-la-causa-de-narcotrafico","status":"publish","type":"post","link":"https:\/\/morenoprimero.com.ar\/archivo\/moreno-declaro-uno-de-los-nueve-policias-arrestados-por-la-causa-de-narcotrafico\/","title":{"rendered":"Moreno: declar\u00f3 uno de los nueve polic\u00edas arrestados por la causa de narcotr\u00e1fico"},"content":{"rendered":"\n<h5 class=\"wp-block-heading\">A los detenidos se los acusa de haberse apoderado de una cantidad de coca\u00edna que hab\u00eda sido secuestrada en un operativo realizado tras el crimen de un narco. En el d\u00eda de ayer, declar\u00f3 uno de los nueve polic\u00edas detenidos.<\/h5>\n\n\n\n<p>La investigaci\u00f3n se inici\u00f3 en febrero pasado como desprendimiento de otro expediente por narcotr\u00e1fico, en el marco del cual fue entonces detenido un ciudadano en Moreno. <strong>Siguiendo con la investigaci\u00f3n de la causa, result\u00f3 que hab\u00eda al menos nueve polic\u00edas implicados en esta causa, los cuales fueron apresador el pasado jueves y hoy uno de ellos acept\u00f3 declarar<\/strong>, mientras que los ocho restantes seguir\u00e1n detenidos luego de negarse a hacerlo.<\/p>\n\n\n\n<p>Los acusados y detenidos, a quienes se les atribuye haberse apoderado de una cantidad de coca\u00edna que hab\u00eda sido secuestrada en un operativo realizado tras el crimen de un narco, pasaron ayer durante la jornada por sede judicial acompa\u00f1ados por sus defensores, todos ellos por separado.<\/p>\n\n\n\n<p>Se trata del capit\u00e1n <strong>Abel Ram\u00f3n Acosta<\/strong>, la oficial principal <strong>Gabriela Noem\u00ed Ibarra<\/strong>, el sargento <strong>Leonardo Fabi\u00e1n Biotti<\/strong>, el oficial<strong> Juan Eduardo Vieira<\/strong>, el oficial <strong>Alexis Abel Romero<\/strong>, el subteniente <strong>Sebasti\u00e1n Eduardo Per\u00edn<\/strong>, el suboficial mayor <strong>\u00c1ngel Rufino Morales<\/strong> el oficial ayudante <strong>Claudio Sebasti\u00e1n Branchi<\/strong> y el subteniente <strong>Dar\u00edo Roberto Torres.<\/strong><\/p>\n\n\n\n<figure class=\"wp-block-image size-full\"><img loading=\"lazy\" decoding=\"async\" width=\"620\" height=\"330\" src=\"https:\/\/morenoprimero.com.ar\/wp-content\/uploads\/2022\/04\/FQ4KxylVIAIgK-W-620x330-1.jpg\" alt=\"\" class=\"wp-image-27343\" srcset=\"https:\/\/morenoprimero.com.ar\/archivo\/wp-content\/uploads\/2022\/04\/FQ4KxylVIAIgK-W-620x330-1.jpg 620w, https:\/\/morenoprimero.com.ar\/archivo\/wp-content\/uploads\/2022\/04\/FQ4KxylVIAIgK-W-620x330-1-300x160.jpg 300w\" sizes=\"auto, (max-width: 620px) 100vw, 620px\" \/><\/figure>\n\n\n\n<p>Los voceros detallaron que pertenec\u00edan a la comisar\u00eda de Francisco \u00c1lvarez y al gabinete de Drogas Il\u00edcitas de la Direcci\u00f3n Departamental de Investigaciones (DDI) de Moreno.<\/p>\n\n\n\n<p>Todos los polic\u00edas prestaron declaraci\u00f3n ante el fiscal Rub\u00e9n V\u00e1zquez como imputados en la causa de los delitos de robo agravado por su comisi\u00f3n en lugar poblado y en banda, por el uso de arma de fuego apta para el disparo y por su condici\u00f3n de fuerza policial en concurso real con falsedad ideol\u00f3gica de documento y\/o instrumento p\u00fablico y tenencia de estupefacientes con fines de comercializaci\u00f3n agravada por ser cometida por funcionario p\u00fablico.<\/p>\n\n\n\n<p>Ahora los voceros judiciales contaron que se mantienen pr\u00f3fugas dos civiles con pedido de detenci\u00f3n y captura, a quienes se vincula como responsables del homicidio un informante.<strong> La investigaci\u00f3n sigue ahora con el an\u00e1lisis de los tel\u00e9fonos celulares de cada uno de los detenidos y otras medidas tendientes a ubicar a los pr\u00f3fugos y el resto de los responsables del robo de la droga.<\/strong><\/p>\n\n\n\n<p>En el caso de la detenida Ibarra, los voceros dijeron que era jefa del Gabinete de Investigaci\u00f3n antidrogas de la DDI y que su padre, el comisario jubilado de la polic\u00eda bonaerense Alberto Daniel Ibarra, tuvo que renunciar como subsecretario de Seguridad del Municipio de General Rodr\u00edguez, debido al arresto de su hija.<\/p>\n\n\n\n<p>Las detenciones de los efectivos se concretaron entre la noche del mi\u00e9rcoles y la madrugada de jueves durante una serie de allanamientos realizados por personal de la Superintendencia de Investigaciones Federales de la Polic\u00eda Federal (PFA), con apoyo de polic\u00edas del Grupo de Apoyo Departamental (GAD) de Moreno, a pedido de la jueza Juli\u00e1n.<\/p>\n\n\n\n<p>Los allanamientos fueron realizados en las sedes de la comisar\u00eda de Francisco \u00c1lvarez y de la Delegaci\u00f3n Departamental de Moreno-General Rodr\u00edguez, donde se hallaban todos los polic\u00edas imputados, a los que les informaron que quedaban detenidos por sospechas de estar todos involucrados en una causa de narcotr\u00e1fico.<\/p>\n","protected":false},"excerpt":{"rendered":"<p>A los detenidos se los acusa de haberse apoderado de una cantidad de coca\u00edna que hab\u00eda sido secuestrada en un operativo realizado tras el crimen de un narco. En el d\u00eda de ayer, declar\u00f3 uno de los nueve polic\u00edas detenidos. &hellip; <a href=\"https:\/\/morenoprimero.com.ar\/archivo\/moreno-declaro-uno-de-los-nueve-policias-arrestados-por-la-causa-de-narcotrafico\/\">Sigue leyendo <span class=\"meta-nav\">&rarr;<\/span><\/a><\/p>\n","protected":false},"author":6,"featured_media":27345,"comment_status":"closed","ping_status":"closed","sticky":false,"template":"","format":"standard","meta":{"footnotes":""},"categories":[3,8],"tags":[6,1774,32],"class_list":["post-27340","post","type-post","status-publish","format-standard","has-post-thumbnail","hentry","category-importantes","category-policiales","tag-moreno","tag-policial","tag-seguridad"],"_links":{"self":[{"href":"https:\/\/morenoprimero.com.ar\/archivo\/wp-json\/wp\/v2\/posts\/27340","targetHints":{"allow":["GET"]}}],"collection":[{"href":"https:\/\/morenoprimero.com.ar\/archivo\/wp-json\/wp\/v2\/posts"}],"about":[{"href":"https:\/\/morenoprimero.com.ar\/archivo\/wp-json\/wp\/v2\/types\/post"}],"author":[{"embeddable":true,"href":"https:\/\/morenoprimero.com.ar\/archivo\/wp-json\/wp\/v2\/users\/6"}],"replies":[{"embeddable":true,"href":"https:\/\/morenoprimero.com.ar\/archivo\/wp-json\/wp\/v2\/comments?post=27340"}],"version-history":[{"count":2,"href":"https:\/\/morenoprimero.com.ar\/archivo\/wp-json\/wp\/v2\/posts\/27340\/revisions"}],"predecessor-version":[{"id":27445,"href":"https:\/\/morenoprimero.com.ar\/archivo\/wp-json\/wp\/v2\/posts\/27340\/revisions\/27445"}],"wp:featuredmedia":[{"embeddable":true,"href":"https:\/\/morenoprimero.com.ar\/archivo\/wp-json\/wp\/v2\/media\/27345"}],"wp:attachment":[{"href":"https:\/\/morenoprimero.com.ar\/archivo\/wp-json\/wp\/v2\/media?parent=27340"}],"wp:term":[{"taxonomy":"category","embeddable":true,"href":"https:\/\/morenoprimero.com.ar\/archivo\/wp-json\/wp\/v2\/categories?post=27340"},{"taxonomy":"post_tag","embeddable":true,"href":"https:\/\/morenoprimero.com.ar\/archivo\/wp-json\/wp\/v2\/tags?post=27340"}],"curies":[{"name":"wp","href":"https:\/\/api.w.org\/{rel}","templated":true}]}}