{"id":2734,"date":"2020-09-18T13:00:14","date_gmt":"2020-09-18T13:00:14","guid":{"rendered":"https:\/\/morenoprimero.com.ar\/?p=2734"},"modified":"2020-09-18T13:00:14","modified_gmt":"2020-09-18T13:00:14","slug":"moreno-adhiere-al-plan-nacional-de-suelo-urbano","status":"publish","type":"post","link":"https:\/\/morenoprimero.com.ar\/archivo\/moreno-adhiere-al-plan-nacional-de-suelo-urbano\/","title":{"rendered":"MORENO ADHIERE AL PLAN NACIONAL DE SUELO URBANO"},"content":{"rendered":"\n<h4 class=\"wp-block-heading\"><strong>Los objetivos de esta iniciativa son la generaci\u00f3n de lotes con servicios para ampliar el acceso al suelo urbanizado, promocionar bancos de tierra a nivel municipal y suscribir convenios para la producci\u00f3n de lotes con servicios en todo el territorio nacional.<\/strong><\/h4>\n\n\n\n<figure class=\"wp-block-image size-large\"><img loading=\"lazy\" decoding=\"async\" width=\"1024\" height=\"502\" src=\"https:\/\/morenoprimero.com.ar\/wp-content\/uploads\/2020\/09\/WhatsApp-Image-2020-09-17-at-12.33.10-1024x502.jpeg\" alt=\"\" class=\"wp-image-2741\" srcset=\"https:\/\/morenoprimero.com.ar\/archivo\/wp-content\/uploads\/2020\/09\/WhatsApp-Image-2020-09-17-at-12.33.10-1024x502.jpeg 1024w, https:\/\/morenoprimero.com.ar\/archivo\/wp-content\/uploads\/2020\/09\/WhatsApp-Image-2020-09-17-at-12.33.10-300x147.jpeg 300w, https:\/\/morenoprimero.com.ar\/archivo\/wp-content\/uploads\/2020\/09\/WhatsApp-Image-2020-09-17-at-12.33.10-768x376.jpeg 768w, https:\/\/morenoprimero.com.ar\/archivo\/wp-content\/uploads\/2020\/09\/WhatsApp-Image-2020-09-17-at-12.33.10.jpeg 1280w\" sizes=\"auto, (max-width: 1024px) 100vw, 1024px\" \/><\/figure>\n\n\n\n<p>Mariel Fern\u00e1ndez, junto a la Administradora General del IDUAR (Instituto de Desarrollo Urbano, Ambiental y Regional) Carolina Amaya, firm\u00f3 el Convenio de Adhesi\u00f3n al Plan Nacional de Suelo Urbano con la Ministra de Desarrollo Territorial y H\u00e1bitat Mar\u00eda Eugenia Bielsa.<\/p>\n\n\n\n<p>Esta iniciativa del Gobierno nacional tiene por objetivo la generaci\u00f3n de lotes con servicios para ampliar el acceso al suelo urbanizado, promocionar bancos de tierra a nivel municipal y suscribir convenios para la producci\u00f3n de lotes con servicios en todo el territorio nacional.&nbsp;<\/p>\n\n\n\n<p>Tambi\u00e9n fueron parte de la reuni\u00f3n los intendentes de Florencio Varela<strong>,&nbsp;Andr\u00e9s Watson<\/strong>; de Castelli,&nbsp;<strong>Francisco Echarr\u00e9n<\/strong>; de Coronel Pringles,&nbsp;<strong>Lisandro Matzkin<\/strong>&nbsp;y de Carmen de Patagones,&nbsp;<strong>Jos\u00e9 Luis Zara<\/strong>. Asimismo participaron tambi\u00e9n el director Nacional de Pol\u00edtica de Suelo,&nbsp;<strong>Juan Ignacio&nbsp;Duarte<\/strong>, el subsecretario de H\u00e1bitat de la provincia de Buenos Aires,&nbsp;<strong>Rub\u00e9n Pascolini<\/strong>, y diferentes funcionarios y funcionarias del Ministerio de Desarrollo Territorial y H\u00e1bitat y de los municipios que suscribieron los convenios.<\/p>\n","protected":false},"excerpt":{"rendered":"<p>Los objetivos de esta iniciativa son la generaci\u00f3n de lotes con servicios para ampliar el acceso al suelo urbanizado, promocionar bancos de tierra a nivel municipal y suscribir convenios para la producci\u00f3n de lotes con servicios en todo el territorio &hellip; <a href=\"https:\/\/morenoprimero.com.ar\/archivo\/moreno-adhiere-al-plan-nacional-de-suelo-urbano\/\">Sigue leyendo <span class=\"meta-nav\">&rarr;<\/span><\/a><\/p>\n","protected":false},"author":6,"featured_media":2743,"comment_status":"open","ping_status":"open","sticky":false,"template":"","format":"standard","meta":{"footnotes":""},"categories":[27,5,20],"tags":[576,714,715],"class_list":["post-2734","post","type-post","status-publish","format-standard","has-post-thumbnail","hentry","category-politica","category-recomendadas","category-sociedad","tag-iduar","tag-municipalidad-de-moreno","tag-plan-nacional-de-suelo-urbano"],"_links":{"self":[{"href":"https:\/\/morenoprimero.com.ar\/archivo\/wp-json\/wp\/v2\/posts\/2734","targetHints":{"allow":["GET"]}}],"collection":[{"href":"https:\/\/morenoprimero.com.ar\/archivo\/wp-json\/wp\/v2\/posts"}],"about":[{"href":"https:\/\/morenoprimero.com.ar\/archivo\/wp-json\/wp\/v2\/types\/post"}],"author":[{"embeddable":true,"href":"https:\/\/morenoprimero.com.ar\/archivo\/wp-json\/wp\/v2\/users\/6"}],"replies":[{"embeddable":true,"href":"https:\/\/morenoprimero.com.ar\/archivo\/wp-json\/wp\/v2\/comments?post=2734"}],"version-history":[{"count":2,"href":"https:\/\/morenoprimero.com.ar\/archivo\/wp-json\/wp\/v2\/posts\/2734\/revisions"}],"predecessor-version":[{"id":2779,"href":"https:\/\/morenoprimero.com.ar\/archivo\/wp-json\/wp\/v2\/posts\/2734\/revisions\/2779"}],"wp:featuredmedia":[{"embeddable":true,"href":"https:\/\/morenoprimero.com.ar\/archivo\/wp-json\/wp\/v2\/media\/2743"}],"wp:attachment":[{"href":"https:\/\/morenoprimero.com.ar\/archivo\/wp-json\/wp\/v2\/media?parent=2734"}],"wp:term":[{"taxonomy":"category","embeddable":true,"href":"https:\/\/morenoprimero.com.ar\/archivo\/wp-json\/wp\/v2\/categories?post=2734"},{"taxonomy":"post_tag","embeddable":true,"href":"https:\/\/morenoprimero.com.ar\/archivo\/wp-json\/wp\/v2\/tags?post=2734"}],"curies":[{"name":"wp","href":"https:\/\/api.w.org\/{rel}","templated":true}]}}