{"id":26991,"date":"2022-04-18T19:41:34","date_gmt":"2022-04-18T22:41:34","guid":{"rendered":"https:\/\/morenoprimero.com.ar\/?p=26991"},"modified":"2022-04-19T08:40:19","modified_gmt":"2022-04-19T11:40:19","slug":"expo-graffiti-un-nuevo-evento-cultural-para-la-juventud-de-moreno","status":"publish","type":"post","link":"https:\/\/morenoprimero.com.ar\/archivo\/expo-graffiti-un-nuevo-evento-cultural-para-la-juventud-de-moreno\/","title":{"rendered":"Expo Graffiti, un nuevo evento cultural para la juventud de Moreno"},"content":{"rendered":"\n<h5 class=\"wp-block-heading\">Despu\u00e9s del \u00e9xito del FU 2022, donde miles de morenenses disfrutaron de diferentes artistas j\u00f3venes, emergentes y reconocidos del hip hop, entre otros g\u00e9neros, se llev\u00f3 a cabo en el tinglado del polideportivo de Paso del Rey, la Expo Graffiti. En di\u00e1logo con Moreno Primero, Federico PLas, afirm\u00f3: \u00abPudimos tener la oportunidad de presentar nuestros trabajos\u00bb.<\/h5>\n\n\n\n<p>Organizado por la Secretar\u00eda de Comunicaci\u00f3n P\u00fablica, el protagonismo de este nuevo evento fue el mundo de las Crews y los grafittis. Con reconocimiento para artistas locales, exposici\u00f3n de obras, exhibici\u00f3n de trabajos y m\u00fasica en vivo se vivi\u00f3 una tarde a pura m\u00edstica urbana.<\/p>\n\n\n\n<p>Desde Moreno primero dialogamos con uno de los artistas que participaron y fueron reconocidos, <strong>Fede PLAS<\/strong>, quien nos cont\u00f3 su experiencia en la expo y su mirada sobre el arte urbano.<\/p>\n\n\n\n<figure class=\"wp-block-gallery columns-3 is-cropped wp-block-gallery-1 is-layout-flex wp-block-gallery-is-layout-flex\"><ul class=\"blocks-gallery-grid\"><li class=\"blocks-gallery-item\"><figure><a href=\"https:\/\/morenoprimero.com.ar\/wp-content\/uploads\/2022\/04\/WhatsApp_Image_2022-04-18_at_6.15.16_PM-2.jpg\"><img loading=\"lazy\" decoding=\"async\" width=\"1024\" height=\"682\" src=\"https:\/\/morenoprimero.com.ar\/wp-content\/uploads\/2022\/04\/WhatsApp_Image_2022-04-18_at_6.15.16_PM-2.jpg\" alt=\"\" data-id=\"26993\" data-full-url=\"https:\/\/morenoprimero.com.ar\/wp-content\/uploads\/2022\/04\/WhatsApp_Image_2022-04-18_at_6.15.16_PM-2.jpg\" data-link=\"https:\/\/morenoprimero.com.ar\/?attachment_id=26993\" class=\"wp-image-26993\" srcset=\"https:\/\/morenoprimero.com.ar\/archivo\/wp-content\/uploads\/2022\/04\/WhatsApp_Image_2022-04-18_at_6.15.16_PM-2.jpg 1024w, https:\/\/morenoprimero.com.ar\/archivo\/wp-content\/uploads\/2022\/04\/WhatsApp_Image_2022-04-18_at_6.15.16_PM-2-300x200.jpg 300w, https:\/\/morenoprimero.com.ar\/archivo\/wp-content\/uploads\/2022\/04\/WhatsApp_Image_2022-04-18_at_6.15.16_PM-2-768x512.jpg 768w\" sizes=\"auto, (max-width: 1024px) 100vw, 1024px\" \/><\/a><\/figure><\/li><li class=\"blocks-gallery-item\"><figure><a href=\"https:\/\/morenoprimero.com.ar\/wp-content\/uploads\/2022\/04\/WhatsApp_Image_2022-04-18_at_6.15.15_PM-1.jpg\"><img loading=\"lazy\" decoding=\"async\" width=\"1024\" height=\"682\" src=\"https:\/\/morenoprimero.com.ar\/wp-content\/uploads\/2022\/04\/WhatsApp_Image_2022-04-18_at_6.15.15_PM-1.jpg\" alt=\"\" data-id=\"26994\" data-full-url=\"https:\/\/morenoprimero.com.ar\/wp-content\/uploads\/2022\/04\/WhatsApp_Image_2022-04-18_at_6.15.15_PM-1.jpg\" data-link=\"https:\/\/morenoprimero.com.ar\/?attachment_id=26994\" class=\"wp-image-26994\" srcset=\"https:\/\/morenoprimero.com.ar\/archivo\/wp-content\/uploads\/2022\/04\/WhatsApp_Image_2022-04-18_at_6.15.15_PM-1.jpg 1024w, https:\/\/morenoprimero.com.ar\/archivo\/wp-content\/uploads\/2022\/04\/WhatsApp_Image_2022-04-18_at_6.15.15_PM-1-300x200.jpg 300w, https:\/\/morenoprimero.com.ar\/archivo\/wp-content\/uploads\/2022\/04\/WhatsApp_Image_2022-04-18_at_6.15.15_PM-1-768x512.jpg 768w\" sizes=\"auto, (max-width: 1024px) 100vw, 1024px\" \/><\/a><\/figure><\/li><li class=\"blocks-gallery-item\"><figure><a href=\"https:\/\/morenoprimero.com.ar\/wp-content\/uploads\/2022\/04\/WhatsApp_Image_2022-04-18_at_6.15.15_PM.jpg\"><img loading=\"lazy\" decoding=\"async\" width=\"1024\" height=\"682\" src=\"https:\/\/morenoprimero.com.ar\/wp-content\/uploads\/2022\/04\/WhatsApp_Image_2022-04-18_at_6.15.15_PM.jpg\" alt=\"\" data-id=\"26995\" data-full-url=\"https:\/\/morenoprimero.com.ar\/wp-content\/uploads\/2022\/04\/WhatsApp_Image_2022-04-18_at_6.15.15_PM.jpg\" data-link=\"https:\/\/morenoprimero.com.ar\/?attachment_id=26995\" class=\"wp-image-26995\" srcset=\"https:\/\/morenoprimero.com.ar\/archivo\/wp-content\/uploads\/2022\/04\/WhatsApp_Image_2022-04-18_at_6.15.15_PM.jpg 1024w, https:\/\/morenoprimero.com.ar\/archivo\/wp-content\/uploads\/2022\/04\/WhatsApp_Image_2022-04-18_at_6.15.15_PM-300x200.jpg 300w, https:\/\/morenoprimero.com.ar\/archivo\/wp-content\/uploads\/2022\/04\/WhatsApp_Image_2022-04-18_at_6.15.15_PM-768x512.jpg 768w\" sizes=\"auto, (max-width: 1024px) 100vw, 1024px\" \/><\/a><\/figure><\/li><\/ul><\/figure>\n\n\n\n<p><strong>\u201cNosotros en esta fecha del 13 de abril que nos ofreci\u00f3 el FU 2022 recibimos un reconocimiento p\u00fablico como artistas y adem\u00e1s pudimos tener la oportunidad de presentar nuestros trabajos realizados, y poder presentarnos c\u00f3mo tales. Algunos han podido conseguir contratos a futuro y hasta han vendido art\u00edculos creados por ellos mismos\u201d<\/strong>, manifest\u00f3 el artista Fede Plas.<\/p>\n\n\n\n<p>Con respecto a la convocatoria del municipio y el apoyo que se le viene brindado a este tipo de expresiones, Fede nos cont\u00f3 que<strong> \u201cparticipo en eventos desde 2010, pero desde que apareci\u00f3 el FU Moreno y todos los artistas locales asistieron, me sorprendi\u00f3 ver a los pibes teniendo espacio en el escenario, cortando el pelo y tatuando. Se not\u00f3 el compromiso de dar una oportunidad. Se ve que les gust\u00f3 y nos gust\u00f3 porque ya se hizo un segundo FU y ahora esta expo. A Mariel no la conoc\u00eda en persona hasta el d\u00eda de la exposici\u00f3n nuestra que pas\u00f3 a visitarnos con su equipo\u201d<\/strong>, mostr\u00f3 su satisfacci\u00f3n sobre el rol de la gesti\u00f3n actual y el espacio que le dan a los artistas locales del g\u00e9nero Urbano.<\/p>\n\n\n\n<p>De la Expo participaron la intendenta de Moreno, <strong>Mariel Fern\u00e1ndez<\/strong>, y el encargado de la Comunicaci\u00f3n P\u00fablica del Municipio, <strong>Vicente Linares<\/strong>, entre otros funcionarios que pasaron a visitar a los participantes.<\/p>\n\n\n\n<figure class=\"wp-block-gallery columns-2 is-cropped wp-block-gallery-2 is-layout-flex wp-block-gallery-is-layout-flex\"><ul class=\"blocks-gallery-grid\"><li class=\"blocks-gallery-item\"><figure><a href=\"https:\/\/morenoprimero.com.ar\/wp-content\/uploads\/2022\/04\/WhatsApp_Image_2022-04-18_at_6.15.16_PM.jpg\"><img loading=\"lazy\" decoding=\"async\" width=\"1024\" height=\"682\" src=\"https:\/\/morenoprimero.com.ar\/wp-content\/uploads\/2022\/04\/WhatsApp_Image_2022-04-18_at_6.15.16_PM.jpg\" alt=\"\" data-id=\"26997\" data-full-url=\"https:\/\/morenoprimero.com.ar\/wp-content\/uploads\/2022\/04\/WhatsApp_Image_2022-04-18_at_6.15.16_PM.jpg\" data-link=\"https:\/\/morenoprimero.com.ar\/?attachment_id=26997\" class=\"wp-image-26997\" srcset=\"https:\/\/morenoprimero.com.ar\/archivo\/wp-content\/uploads\/2022\/04\/WhatsApp_Image_2022-04-18_at_6.15.16_PM.jpg 1024w, https:\/\/morenoprimero.com.ar\/archivo\/wp-content\/uploads\/2022\/04\/WhatsApp_Image_2022-04-18_at_6.15.16_PM-300x200.jpg 300w, https:\/\/morenoprimero.com.ar\/archivo\/wp-content\/uploads\/2022\/04\/WhatsApp_Image_2022-04-18_at_6.15.16_PM-768x512.jpg 768w\" sizes=\"auto, (max-width: 1024px) 100vw, 1024px\" \/><\/a><\/figure><\/li><li class=\"blocks-gallery-item\"><figure><a href=\"https:\/\/morenoprimero.com.ar\/wp-content\/uploads\/2022\/04\/WhatsApp_Image_2022-04-18_at_6.16.59_PM.jpg\"><img loading=\"lazy\" decoding=\"async\" width=\"1024\" height=\"682\" src=\"https:\/\/morenoprimero.com.ar\/wp-content\/uploads\/2022\/04\/WhatsApp_Image_2022-04-18_at_6.16.59_PM-1024x682.jpg\" alt=\"\" data-id=\"26998\" data-full-url=\"https:\/\/morenoprimero.com.ar\/wp-content\/uploads\/2022\/04\/WhatsApp_Image_2022-04-18_at_6.16.59_PM.jpg\" data-link=\"https:\/\/morenoprimero.com.ar\/?attachment_id=26998\" class=\"wp-image-26998\" srcset=\"https:\/\/morenoprimero.com.ar\/archivo\/wp-content\/uploads\/2022\/04\/WhatsApp_Image_2022-04-18_at_6.16.59_PM-1024x682.jpg 1024w, https:\/\/morenoprimero.com.ar\/archivo\/wp-content\/uploads\/2022\/04\/WhatsApp_Image_2022-04-18_at_6.16.59_PM-300x200.jpg 300w, https:\/\/morenoprimero.com.ar\/archivo\/wp-content\/uploads\/2022\/04\/WhatsApp_Image_2022-04-18_at_6.16.59_PM-768x512.jpg 768w, https:\/\/morenoprimero.com.ar\/archivo\/wp-content\/uploads\/2022\/04\/WhatsApp_Image_2022-04-18_at_6.16.59_PM.jpg 1280w\" sizes=\"auto, (max-width: 1024px) 100vw, 1024px\" \/><\/a><\/figure><\/li><\/ul><\/figure>\n\n\n\n<p><strong>\u201cFue muy divertido. Recordamos los pasos que d\u00e1bamos cuando todo esto del hip hop estaba empezando. Y vernos ahora cada uno representando fielmente lo que desde chicos dec\u00edamos que quer\u00edamos lograr, Consolidando diferentes formas de pensar en una \u00fanica forma de sentir. Eso es hip hop\u201d<\/strong>, finaliz\u00f3 en exclusiva con Moreno Primero, Fede Plas.<\/p>\n\n\n\n<p><\/p>\n","protected":false},"excerpt":{"rendered":"<p>Despu\u00e9s del \u00e9xito del FU 2022, donde miles de morenenses disfrutaron de diferentes artistas j\u00f3venes, emergentes y reconocidos del hip hop, entre otros g\u00e9neros, se llev\u00f3 a cabo en el tinglado del polideportivo de Paso del Rey, la Expo Graffiti. &hellip; <a href=\"https:\/\/morenoprimero.com.ar\/archivo\/expo-graffiti-un-nuevo-evento-cultural-para-la-juventud-de-moreno\/\">Sigue leyendo <span class=\"meta-nav\">&rarr;<\/span><\/a><\/p>\n","protected":false},"author":6,"featured_media":26992,"comment_status":"closed","ping_status":"closed","sticky":false,"template":"","format":"standard","meta":{"footnotes":""},"categories":[2332,2,2328],"tags":[3901,3900,3902,6,253,3903,2609],"class_list":["post-26991","post","type-post","status-publish","format-standard","has-post-thumbnail","hentry","category-cultura","category-destacadas","category-local","tag-expo-graffitti","tag-federico-plas","tag-fu-2022","tag-moreno","tag-paso-del-rey","tag-roberto-del-rengo","tag-vicente-linares"],"_links":{"self":[{"href":"https:\/\/morenoprimero.com.ar\/archivo\/wp-json\/wp\/v2\/posts\/26991","targetHints":{"allow":["GET"]}}],"collection":[{"href":"https:\/\/morenoprimero.com.ar\/archivo\/wp-json\/wp\/v2\/posts"}],"about":[{"href":"https:\/\/morenoprimero.com.ar\/archivo\/wp-json\/wp\/v2\/types\/post"}],"author":[{"embeddable":true,"href":"https:\/\/morenoprimero.com.ar\/archivo\/wp-json\/wp\/v2\/users\/6"}],"replies":[{"embeddable":true,"href":"https:\/\/morenoprimero.com.ar\/archivo\/wp-json\/wp\/v2\/comments?post=26991"}],"version-history":[{"count":7,"href":"https:\/\/morenoprimero.com.ar\/archivo\/wp-json\/wp\/v2\/posts\/26991\/revisions"}],"predecessor-version":[{"id":27016,"href":"https:\/\/morenoprimero.com.ar\/archivo\/wp-json\/wp\/v2\/posts\/26991\/revisions\/27016"}],"wp:featuredmedia":[{"embeddable":true,"href":"https:\/\/morenoprimero.com.ar\/archivo\/wp-json\/wp\/v2\/media\/26992"}],"wp:attachment":[{"href":"https:\/\/morenoprimero.com.ar\/archivo\/wp-json\/wp\/v2\/media?parent=26991"}],"wp:term":[{"taxonomy":"category","embeddable":true,"href":"https:\/\/morenoprimero.com.ar\/archivo\/wp-json\/wp\/v2\/categories?post=26991"},{"taxonomy":"post_tag","embeddable":true,"href":"https:\/\/morenoprimero.com.ar\/archivo\/wp-json\/wp\/v2\/tags?post=26991"}],"curies":[{"name":"wp","href":"https:\/\/api.w.org\/{rel}","templated":true}]}}