{"id":2675,"date":"2020-09-16T15:04:06","date_gmt":"2020-09-16T15:04:06","guid":{"rendered":"https:\/\/morenoprimero.com.ar\/?p=2675"},"modified":"2020-09-16T16:47:05","modified_gmt":"2020-09-16T16:47:05","slug":"reporte-diario-sobre-coronavirus-en-moreno-191-casos-nuevos","status":"publish","type":"post","link":"https:\/\/morenoprimero.com.ar\/archivo\/reporte-diario-sobre-coronavirus-en-moreno-191-casos-nuevos\/","title":{"rendered":"CORONAVIRUS EN MORENO: 191 CASOS NUEVOS"},"content":{"rendered":"\n<h4 class=\"wp-block-heading\">Los datos fueron brindados por la Secretar\u00eda de Salud del Municipio de Moreno.&nbsp;<\/h4>\n\n\n\n<p>\u00a0 El reporte del d\u00eda 15 de septiembre se confirm\u00f3 <strong>191 nuevos casos<\/strong>. En total,<strong> los casos confirmados en el municipio de Moreno son 11380<\/strong>, mientras que<strong> los casos descartados suman un total de 13765.<\/strong> Por su parte,<strong> los casos sospechosos son 2065.\u00a0<\/strong><\/p>\n\n\n\n<p>\u00a0<strong>\u00a0Las personas recuperadas\u00a0seg\u00fan el \u00faltimo reporte son 214<\/strong>.<strong> En total, 8808 personas fueron hisopadas y certificadas de la ausencia del virus<\/strong>.\u00a0<\/p>\n\n\n\n<p>\u00a0 Por \u00faltimo,<strong> se inform\u00f3 la defunci\u00f3n de 7 personas<\/strong>, cuyo fallecimiento se encuentra asociado a Covid-19.<strong> Ya son 192 decesos en el Municipio, de los cuales 147 est\u00e1n asociados a Covid-19.\u00a0<\/strong><\/p>\n\n\n\n<p><strong>&nbsp;<\/strong>&nbsp;&nbsp;Las \u00faltimas defunciones se tratan de 4 hombres de 71, 51, 62 y 64 a\u00f1os, los \u00faltimos tres con antecedentes de comorbilidad; y&nbsp;3 mujeres de 64, 65 y 80 a\u00f1os, las dos \u00faltimas con antecedentes de comorbilidad.&nbsp;&nbsp;&nbsp;<\/p>\n","protected":false},"excerpt":{"rendered":"<p>Los datos fueron brindados por la Secretar\u00eda de Salud del Municipio de Moreno.&nbsp; \u00a0 El reporte del d\u00eda 15 de septiembre se confirm\u00f3 191 nuevos casos. En total, los casos confirmados en el municipio de Moreno son 11380, mientras que &hellip; <a href=\"https:\/\/morenoprimero.com.ar\/archivo\/reporte-diario-sobre-coronavirus-en-moreno-191-casos-nuevos\/\">Sigue leyendo <span class=\"meta-nav\">&rarr;<\/span><\/a><\/p>\n","protected":false},"author":6,"featured_media":2430,"comment_status":"open","ping_status":"open","sticky":false,"template":"","format":"standard","meta":{"footnotes":""},"categories":[21,536],"tags":[568],"class_list":["post-2675","post","type-post","status-publish","format-standard","has-post-thumbnail","hentry","category-interes-general","category-salud","tag-reporte-covid-19"],"_links":{"self":[{"href":"https:\/\/morenoprimero.com.ar\/archivo\/wp-json\/wp\/v2\/posts\/2675","targetHints":{"allow":["GET"]}}],"collection":[{"href":"https:\/\/morenoprimero.com.ar\/archivo\/wp-json\/wp\/v2\/posts"}],"about":[{"href":"https:\/\/morenoprimero.com.ar\/archivo\/wp-json\/wp\/v2\/types\/post"}],"author":[{"embeddable":true,"href":"https:\/\/morenoprimero.com.ar\/archivo\/wp-json\/wp\/v2\/users\/6"}],"replies":[{"embeddable":true,"href":"https:\/\/morenoprimero.com.ar\/archivo\/wp-json\/wp\/v2\/comments?post=2675"}],"version-history":[{"count":2,"href":"https:\/\/morenoprimero.com.ar\/archivo\/wp-json\/wp\/v2\/posts\/2675\/revisions"}],"predecessor-version":[{"id":2687,"href":"https:\/\/morenoprimero.com.ar\/archivo\/wp-json\/wp\/v2\/posts\/2675\/revisions\/2687"}],"wp:featuredmedia":[{"embeddable":true,"href":"https:\/\/morenoprimero.com.ar\/archivo\/wp-json\/wp\/v2\/media\/2430"}],"wp:attachment":[{"href":"https:\/\/morenoprimero.com.ar\/archivo\/wp-json\/wp\/v2\/media?parent=2675"}],"wp:term":[{"taxonomy":"category","embeddable":true,"href":"https:\/\/morenoprimero.com.ar\/archivo\/wp-json\/wp\/v2\/categories?post=2675"},{"taxonomy":"post_tag","embeddable":true,"href":"https:\/\/morenoprimero.com.ar\/archivo\/wp-json\/wp\/v2\/tags?post=2675"}],"curies":[{"name":"wp","href":"https:\/\/api.w.org\/{rel}","templated":true}]}}