{"id":2672,"date":"2020-09-18T13:17:46","date_gmt":"2020-09-18T13:17:46","guid":{"rendered":"https:\/\/morenoprimero.com.ar\/?p=2672"},"modified":"2020-09-18T13:17:46","modified_gmt":"2020-09-18T13:17:46","slug":"campana-de-donacion-voluntaria-de-plasma-para-salvar-vidas","status":"publish","type":"post","link":"https:\/\/morenoprimero.com.ar\/archivo\/campana-de-donacion-voluntaria-de-plasma-para-salvar-vidas\/","title":{"rendered":"CAMPA\u00d1A DE DONACI\u00d3N VOLUNTARIA DE PLASMA PARA SALVAR VIDAS"},"content":{"rendered":"\n<h4 class=\"wp-block-heading\"><strong>Comenz\u00f3 la campa\u00f1a para la donaci\u00f3n voluntaria de sangre para obtener plasma de pacientes recuperados de COVID19 en Moreno.<\/strong><\/h4>\n\n\n\n<figure class=\"wp-block-image size-large\"><img loading=\"lazy\" decoding=\"async\" width=\"660\" height=\"371\" src=\"https:\/\/morenoprimero.com.ar\/wp-content\/uploads\/2020\/09\/donaci\u00f3n.jpg\" alt=\"\" class=\"wp-image-2674\" srcset=\"https:\/\/morenoprimero.com.ar\/archivo\/wp-content\/uploads\/2020\/09\/donaci\u00f3n.jpg 660w, https:\/\/morenoprimero.com.ar\/archivo\/wp-content\/uploads\/2020\/09\/donaci\u00f3n-300x169.jpg 300w\" sizes=\"auto, (max-width: 660px) 100vw, 660px\" \/><\/figure>\n\n\n\n<p>Las personas recuperadas de <strong>COVID-19<\/strong> poseen en el plasma de su sangre <strong>anticuerpos<\/strong> que podr\u00edan <strong>beneficiar<\/strong> a quienes est\u00e1n cursando la enfermedad.<\/p>\n\n\n\n<p>El plasma es un l\u00edquido transparente y ligeramente amarillento que representa el 55% del volumen total de la sangre. En el plasma se encuentran suspendidas las c\u00e9lulas sangu\u00edneas: gl\u00f3bulos rojos, blancos y plaquetas. <\/p>\n\n\n\n<p>El tiempo del proceso de extracci\u00f3n de plasma dura <strong>entre 45 minutos y una hora<\/strong>. La extracci\u00f3n se realiza desde la vena de un brazo y la sangre ingresa a un separador celular. All\u00ed la sangre es centrifugada y separa gl\u00f3bulos, plasma y plaquetas. Luego de obtener el plasma, los gl\u00f3bulos y plaquetas <strong>vuelven a ingresar al paciente mediante soluci\u00f3n fisiol\u00f3gica<\/strong>.<\/p>\n\n\n\n<p>Para ser donante de plasma:<\/p>\n\n\n\n<ul class=\"wp-block-list\"><li>Tienen que haber pasado <strong>28 d\u00edas<\/strong> desde el alta m\u00e9dica.<\/li><li>Gozar de buena salud<\/li><li>Tener entre 18 y 65 a\u00f1os<\/li><li>No haber recibido <strong>transfusiones previamente ni tener antecedentes gestacionales o abortos.<\/strong><\/li><li>Pesar m\u00e1s de 50kg<\/li><li>No estar en ayunas<\/li><li>No haberse hecho<strong> tatuajes ni piercings<\/strong> en el \u00faltimo a\u00f1o.<\/li><\/ul>\n\n\n\n<p>La pre-incripci\u00f3n se puede realizar comunic\u00e1ndose con la Maternidad Estela de Carlotto (<strong>No asistir sin turno previo<\/strong>)<\/p>\n\n\n\n<ul class=\"wp-block-list\"><li>Tel\u00e9fono: 0237- 461-0236\/ 461-0322<\/li><li>Mail: Maternidad-moreno@ms.gba.gov.ar<\/li><\/ul>\n\n\n\n<p>Tambi\u00e9n podes pre-inscribirte en el Hospital Mariano y Luciano de la Vega (<strong>No asistir sin turno previo<\/strong>)<\/p>\n\n\n\n<ul class=\"wp-block-list\"><li>Tel\u00e9fono: 0237- 460- 1228<\/li><li>Mail: Hmyldelavega.comunicaci\u00f3n@gmail.com<\/li><\/ul>\n\n\n\n<p><\/p>\n","protected":false},"excerpt":{"rendered":"<p>Comenz\u00f3 la campa\u00f1a para la donaci\u00f3n voluntaria de sangre para obtener plasma de pacientes recuperados de COVID19 en Moreno. Las personas recuperadas de COVID-19 poseen en el plasma de su sangre anticuerpos que podr\u00edan beneficiar a quienes est\u00e1n cursando la &hellip; <a href=\"https:\/\/morenoprimero.com.ar\/archivo\/campana-de-donacion-voluntaria-de-plasma-para-salvar-vidas\/\">Sigue leyendo <span class=\"meta-nav\">&rarr;<\/span><\/a><\/p>\n","protected":false},"author":6,"featured_media":2676,"comment_status":"open","ping_status":"open","sticky":false,"template":"","format":"standard","meta":{"footnotes":""},"categories":[536,20],"tags":[698,26,94,6],"class_list":["post-2672","post","type-post","status-publish","format-standard","has-post-thumbnail","hentry","category-salud","category-sociedad","tag-campana-de-donacion","tag-coronavirus","tag-covid-19","tag-moreno"],"_links":{"self":[{"href":"https:\/\/morenoprimero.com.ar\/archivo\/wp-json\/wp\/v2\/posts\/2672","targetHints":{"allow":["GET"]}}],"collection":[{"href":"https:\/\/morenoprimero.com.ar\/archivo\/wp-json\/wp\/v2\/posts"}],"about":[{"href":"https:\/\/morenoprimero.com.ar\/archivo\/wp-json\/wp\/v2\/types\/post"}],"author":[{"embeddable":true,"href":"https:\/\/morenoprimero.com.ar\/archivo\/wp-json\/wp\/v2\/users\/6"}],"replies":[{"embeddable":true,"href":"https:\/\/morenoprimero.com.ar\/archivo\/wp-json\/wp\/v2\/comments?post=2672"}],"version-history":[{"count":2,"href":"https:\/\/morenoprimero.com.ar\/archivo\/wp-json\/wp\/v2\/posts\/2672\/revisions"}],"predecessor-version":[{"id":2783,"href":"https:\/\/morenoprimero.com.ar\/archivo\/wp-json\/wp\/v2\/posts\/2672\/revisions\/2783"}],"wp:featuredmedia":[{"embeddable":true,"href":"https:\/\/morenoprimero.com.ar\/archivo\/wp-json\/wp\/v2\/media\/2676"}],"wp:attachment":[{"href":"https:\/\/morenoprimero.com.ar\/archivo\/wp-json\/wp\/v2\/media?parent=2672"}],"wp:term":[{"taxonomy":"category","embeddable":true,"href":"https:\/\/morenoprimero.com.ar\/archivo\/wp-json\/wp\/v2\/categories?post=2672"},{"taxonomy":"post_tag","embeddable":true,"href":"https:\/\/morenoprimero.com.ar\/archivo\/wp-json\/wp\/v2\/tags?post=2672"}],"curies":[{"name":"wp","href":"https:\/\/api.w.org\/{rel}","templated":true}]}}