{"id":26678,"date":"2022-04-11T12:15:11","date_gmt":"2022-04-11T15:15:11","guid":{"rendered":"https:\/\/morenoprimero.com.ar\/?p=26678"},"modified":"2022-04-12T13:46:44","modified_gmt":"2022-04-12T16:46:44","slug":"tarjeta-alimentar-en-mayo-aumentaran-un-50-los-montos-de-cada-titular","status":"publish","type":"post","link":"https:\/\/morenoprimero.com.ar\/archivo\/tarjeta-alimentar-en-mayo-aumentaran-un-50-los-montos-de-cada-titular\/","title":{"rendered":"Tarjeta Alimentar: En mayo aumentar\u00e1n un 50% los montos de cada titular"},"content":{"rendered":"\n<h5 class=\"wp-block-heading\">El incremento, que se cobrar\u00e1 en los primeros d\u00edas de mayo, corresponde al pago de abril. Los beneficiarios ser\u00e1n unos 2,4 millones titulares y alcanza a 4,1 millones de personas.<\/h5>\n\n\n\n<p>El presidente Alberto Fern\u00e1ndez y el ministro de Desarrollo Social de la Naci\u00f3n, Juan Zabaleta, anunciaron un aumento del 50% de la Prestaci\u00f3n Alimentar, que perciben<strong> 2,4 millones de beneficiarios titulares y alcanza a 4,1 millones de personas.<\/strong><\/p>\n\n\n\n<p>El incremento, que se cobrar\u00e1 en los primeros d\u00edas de mayo, corresponde al pago de abril y <strong>se depositar\u00e1 en la cuenta de la Asignaci\u00f3n Universal por Hijo (AUH)<\/strong>, informaron fuentes oficiales.<\/p>\n\n\n\n<p>La Tarjeta Alimentar se otorga desde enero de 2020 a madres o padres con hijos e hijas de hasta 14 a\u00f1os de edad que reciben la Asignaci\u00f3n Universal por Hijo (AUH), embarazadas a partir del tercer mes que reciben AUH, personas con discapacidad que reciben AUH y madres con m\u00e1s de 7 hijos.<\/p>\n\n\n\n<p><strong>Los nuevos montos quedar\u00e1n en $9.000 para las familias con un hijo o hija de hasta 14 a\u00f1os de edad o con discapacidad; $13.500 en el caso de familias que tienen dos hijos o hijas en la misma franja etaria o con discapacidad; $9.000 para quienes perciben la asignaci\u00f3n por embarazo; y $18.000 en el caso de familias con tres hijos o m\u00e1s menores de catorce a\u00f1os de edad.<\/strong><\/p>\n\n\n\n<p>La Tarjeta Alimentar es una iniciativa del Gobierno nacional como parte del Plan Argentina contra el Hambre que, desde enero de 2020, busca garantizar a las familias argentinas el acceso a la canasta b\u00e1sica alimentaria.<\/p>\n\n\n\n<p>El anuncio se dio en el marco de la recorrida del Presidente junto al funcionario por el Centro de Desarrollo Productivo \u00abIncuba Brown\u00bb, ubicado en el municipio bonaerense de Almirante Brown.<\/p>\n","protected":false},"excerpt":{"rendered":"<p>El incremento, que se cobrar\u00e1 en los primeros d\u00edas de mayo, corresponde al pago de abril. Los beneficiarios ser\u00e1n unos 2,4 millones titulares y alcanza a 4,1 millones de personas. El presidente Alberto Fern\u00e1ndez y el ministro de Desarrollo Social &hellip; <a href=\"https:\/\/morenoprimero.com.ar\/archivo\/tarjeta-alimentar-en-mayo-aumentaran-un-50-los-montos-de-cada-titular\/\">Sigue leyendo <span class=\"meta-nav\">&rarr;<\/span><\/a><\/p>\n","protected":false},"author":6,"featured_media":26766,"comment_status":"closed","ping_status":"closed","sticky":false,"template":"","format":"standard","meta":{"footnotes":""},"categories":[2330],"tags":[722],"class_list":["post-26678","post","type-post","status-publish","format-standard","has-post-thumbnail","hentry","category-nacional","tag-tarjeta-alimentar"],"_links":{"self":[{"href":"https:\/\/morenoprimero.com.ar\/archivo\/wp-json\/wp\/v2\/posts\/26678","targetHints":{"allow":["GET"]}}],"collection":[{"href":"https:\/\/morenoprimero.com.ar\/archivo\/wp-json\/wp\/v2\/posts"}],"about":[{"href":"https:\/\/morenoprimero.com.ar\/archivo\/wp-json\/wp\/v2\/types\/post"}],"author":[{"embeddable":true,"href":"https:\/\/morenoprimero.com.ar\/archivo\/wp-json\/wp\/v2\/users\/6"}],"replies":[{"embeddable":true,"href":"https:\/\/morenoprimero.com.ar\/archivo\/wp-json\/wp\/v2\/comments?post=26678"}],"version-history":[{"count":1,"href":"https:\/\/morenoprimero.com.ar\/archivo\/wp-json\/wp\/v2\/posts\/26678\/revisions"}],"predecessor-version":[{"id":26680,"href":"https:\/\/morenoprimero.com.ar\/archivo\/wp-json\/wp\/v2\/posts\/26678\/revisions\/26680"}],"wp:featuredmedia":[{"embeddable":true,"href":"https:\/\/morenoprimero.com.ar\/archivo\/wp-json\/wp\/v2\/media\/26766"}],"wp:attachment":[{"href":"https:\/\/morenoprimero.com.ar\/archivo\/wp-json\/wp\/v2\/media?parent=26678"}],"wp:term":[{"taxonomy":"category","embeddable":true,"href":"https:\/\/morenoprimero.com.ar\/archivo\/wp-json\/wp\/v2\/categories?post=26678"},{"taxonomy":"post_tag","embeddable":true,"href":"https:\/\/morenoprimero.com.ar\/archivo\/wp-json\/wp\/v2\/tags?post=26678"}],"curies":[{"name":"wp","href":"https:\/\/api.w.org\/{rel}","templated":true}]}}