{"id":26674,"date":"2022-04-07T16:46:02","date_gmt":"2022-04-07T19:46:02","guid":{"rendered":"https:\/\/morenoprimero.com.ar\/?p=26674"},"modified":"2022-04-07T16:47:01","modified_gmt":"2022-04-07T19:47:01","slug":"nuevo-puente-vehicular-habra-cambios-en-el-sentido-del-transito","status":"publish","type":"post","link":"https:\/\/morenoprimero.com.ar\/archivo\/nuevo-puente-vehicular-habra-cambios-en-el-sentido-del-transito\/","title":{"rendered":"Nuevo Puente Vehicular: Habr\u00e1 cambios en el sentido del tr\u00e1nsito"},"content":{"rendered":"\n<h5 class=\"wp-block-heading\">En 15 d\u00edas se pondr\u00e1 en funcionamiento el nuevo Puente Vehicular y en esta nota te contamos los cambios de sentido del tr\u00e1fico para su correcto funcionamiento. Esta obra, har\u00e1 que el tr\u00e1fico en Moreno sea seguro y \u00e1gil para todos y todas las vecinas del municipio.<\/h5>\n\n\n\n<p>Para que el tr\u00e1fico funcione bien, <strong>es necesario que se sepa que el puente corre de norte a sur, la subida del mismo es por la calle Uruguay y la bajada es por la calle Asseff, calle en la cual estar\u00e1 prohibido estacionar.<\/strong><\/p>\n\n\n\n<p>El Ministerio de Obras P\u00fablicas, a trav\u00e9s de Vialidad Nacional, avanza con la construcci\u00f3n de la Autopista Presidente Per\u00f3n, una de las obras viales m\u00e1s importantes que se realiza en la Provincia de Buenos Aires, que conformar\u00e1 el tercer anillo de circunvalaci\u00f3n del AMBA, <strong>integrar\u00e1 12 municipios y beneficiar\u00e1 a 12 millones de personas.&nbsp;<\/strong><\/p>\n\n\n\n<figure class=\"wp-block-image size-large\"><a href=\"https:\/\/morenoprimero.com.ar\/wp-content\/uploads\/2022\/04\/WhatsApp_Image_2022-04-07_at_10.22.51_AM.jpg\"><img loading=\"lazy\" decoding=\"async\" width=\"1024\" height=\"1024\" src=\"https:\/\/morenoprimero.com.ar\/wp-content\/uploads\/2022\/04\/WhatsApp_Image_2022-04-07_at_10.22.51_AM-1024x1024.jpg\" alt=\"\" class=\"wp-image-26676\" srcset=\"https:\/\/morenoprimero.com.ar\/archivo\/wp-content\/uploads\/2022\/04\/WhatsApp_Image_2022-04-07_at_10.22.51_AM-1024x1024.jpg 1024w, https:\/\/morenoprimero.com.ar\/archivo\/wp-content\/uploads\/2022\/04\/WhatsApp_Image_2022-04-07_at_10.22.51_AM-300x300.jpg 300w, https:\/\/morenoprimero.com.ar\/archivo\/wp-content\/uploads\/2022\/04\/WhatsApp_Image_2022-04-07_at_10.22.51_AM-150x150.jpg 150w, https:\/\/morenoprimero.com.ar\/archivo\/wp-content\/uploads\/2022\/04\/WhatsApp_Image_2022-04-07_at_10.22.51_AM-768x767.jpg 768w, https:\/\/morenoprimero.com.ar\/archivo\/wp-content\/uploads\/2022\/04\/WhatsApp_Image_2022-04-07_at_10.22.51_AM.jpg 1280w\" sizes=\"auto, (max-width: 1024px) 100vw, 1024px\" \/><\/a><\/figure>\n\n\n\n<p>En ese sentido, avanza la construcci\u00f3n del puente que se extender\u00e1 sobre las v\u00edas del Ferrocarril Sarmiento y conectar\u00e1 el Acceso Oeste con la Ruta Provincial 7. En alrededor de 15 d\u00edas, ya se podr\u00e1 disfrutar del puente vehicular.<\/p>\n\n\n\n<p>Por otra parte, el Honorable Concejo Deliberante morenense aprob\u00f3 el proyecto, presentado por el Bloque de Todos, que busca designar con el nombre \u201cH\u00e9roes de Malvinas\u201d al puente vehicular sobre la l\u00ednea Sarmiento<strong>. \u201cEsta humilde distinci\u00f3n es parte del compromiso que tenemos hacia ellos despu\u00e9s de tantos a\u00f1os de olvido, los veteranos de guerra asistieron a la batalla por la recuperaci\u00f3n de la soberan\u00eda de nuestras islas Malvinas con plena conciencia del amor a la bandera, a pesar de su corta edad\u201d<\/strong>, mencion\u00f3 Alberto Fra\u00edz en el recinto.<\/p>\n","protected":false},"excerpt":{"rendered":"<p>En 15 d\u00edas se pondr\u00e1 en funcionamiento el nuevo Puente Vehicular y en esta nota te contamos los cambios de sentido del tr\u00e1fico para su correcto funcionamiento. Esta obra, har\u00e1 que el tr\u00e1fico en Moreno sea seguro y \u00e1gil para &hellip; <a href=\"https:\/\/morenoprimero.com.ar\/archivo\/nuevo-puente-vehicular-habra-cambios-en-el-sentido-del-transito\/\">Sigue leyendo <span class=\"meta-nav\">&rarr;<\/span><\/a><\/p>\n","protected":false},"author":6,"featured_media":26675,"comment_status":"closed","ping_status":"closed","sticky":false,"template":"","format":"standard","meta":{"footnotes":""},"categories":[3,2328],"tags":[6,102,3603],"class_list":["post-26674","post","type-post","status-publish","format-standard","has-post-thumbnail","hentry","category-importantes","category-local","tag-moreno","tag-municipio-de-moreno","tag-puente-vehicular"],"_links":{"self":[{"href":"https:\/\/morenoprimero.com.ar\/archivo\/wp-json\/wp\/v2\/posts\/26674","targetHints":{"allow":["GET"]}}],"collection":[{"href":"https:\/\/morenoprimero.com.ar\/archivo\/wp-json\/wp\/v2\/posts"}],"about":[{"href":"https:\/\/morenoprimero.com.ar\/archivo\/wp-json\/wp\/v2\/types\/post"}],"author":[{"embeddable":true,"href":"https:\/\/morenoprimero.com.ar\/archivo\/wp-json\/wp\/v2\/users\/6"}],"replies":[{"embeddable":true,"href":"https:\/\/morenoprimero.com.ar\/archivo\/wp-json\/wp\/v2\/comments?post=26674"}],"version-history":[{"count":3,"href":"https:\/\/morenoprimero.com.ar\/archivo\/wp-json\/wp\/v2\/posts\/26674\/revisions"}],"predecessor-version":[{"id":26682,"href":"https:\/\/morenoprimero.com.ar\/archivo\/wp-json\/wp\/v2\/posts\/26674\/revisions\/26682"}],"wp:featuredmedia":[{"embeddable":true,"href":"https:\/\/morenoprimero.com.ar\/archivo\/wp-json\/wp\/v2\/media\/26675"}],"wp:attachment":[{"href":"https:\/\/morenoprimero.com.ar\/archivo\/wp-json\/wp\/v2\/media?parent=26674"}],"wp:term":[{"taxonomy":"category","embeddable":true,"href":"https:\/\/morenoprimero.com.ar\/archivo\/wp-json\/wp\/v2\/categories?post=26674"},{"taxonomy":"post_tag","embeddable":true,"href":"https:\/\/morenoprimero.com.ar\/archivo\/wp-json\/wp\/v2\/tags?post=26674"}],"curies":[{"name":"wp","href":"https:\/\/api.w.org\/{rel}","templated":true}]}}