{"id":2663,"date":"2020-09-16T16:50:31","date_gmt":"2020-09-16T16:50:31","guid":{"rendered":"https:\/\/morenoprimero.com.ar\/?p=2663"},"modified":"2020-09-16T16:50:31","modified_gmt":"2020-09-16T16:50:31","slug":"comienza-la-inscripcion-en-la-unm-para-el-ciclo-lectivo-2021","status":"publish","type":"post","link":"https:\/\/morenoprimero.com.ar\/archivo\/comienza-la-inscripcion-en-la-unm-para-el-ciclo-lectivo-2021\/","title":{"rendered":"COMIENZA LA INSCRIPCI\u00d3N EN LA UNM PARA EL CICLO LECTIVO 2021"},"content":{"rendered":"\n<p>La Universidad Nacional de Moreno&nbsp;llevar\u00e1 adelante la inscripci\u00f3n al&nbsp;<strong>Ciclo lectivo 2021&nbsp;desde el d\u00eda lunes 21 de septiembre hasta el s\u00e1bado 14 de noviembre<\/strong>&nbsp;con una propuesta acad\u00e9mica de 10 carreras de grado universitario, 2 ciclos de licenciatura y 4 tecnicaturas universitarias.<\/p>\n\n\n\n<p>   Conoc\u00e9 la propuesta acad\u00e9mica de la UNM:<\/p>\n\n\n\n<ul class=\"wp-block-list\"><li><em><\/em><a href=\"http:\/\/www.unm.edu.ar\/index.php\/carreras\/ciencias-aplicadas-y-tecnologia\" target=\"_blank\" rel=\"noreferrer noopener\">DEPARTAMENTO DE CIENCIAS APLICADAS Y TECNOLOG\u00cdA<\/a>&nbsp;<br>&nbsp;<br><em><\/em><a href=\"http:\/\/www.unm.edu.ar\/index.php\/carreras\/ciencias-aplicadas-y-tecnologia\/ingenieria-en-electronica\" target=\"_blank\" rel=\"noreferrer noopener\"><strong>Ingenier\u00eda en Electr\u00f3nica<\/strong><\/a><em><\/em>&nbsp;<\/li><\/ul>\n\n\n\n<p>-Con orientaci\u00f3n en Redes&nbsp;<\/p>\n\n\n\n<p>-Con orientaci\u00f3n en Multimedios&nbsp;<\/p>\n\n\n\n<p>-Con orientaci\u00f3n en Aplicaciones Agropecuarias&nbsp;<\/p>\n\n\n\n<p>T\u00edtulo que otorga: Ingeniero en Electr\u00f3nica (5 a\u00f1os y medio)&nbsp;<br><a href=\"http:\/\/www.unm.edu.ar\/index.php\/carreras\/ciencias-aplicadas-y-tecnologia\/tecnicatura-universitaria-en-electronica\" target=\"_blank\" rel=\"noreferrer noopener\">Tecnicatura Universitaria en Electr\u00f3nica<\/a>&nbsp;<br>T\u00edtulo que otorga: T\u00e9cnico Universitario en Electr\u00f3nica (3 a\u00f1os)&nbsp;<br>&nbsp;&nbsp;<\/p>\n\n\n\n<p><a href=\"http:\/\/www.unm.edu.ar\/index.php\/carreras\/ciencias-aplicadas-y-tecnologia\/licenciatura-en-gestion-ambiental\" target=\"_blank\" rel=\"noreferrer noopener\"><strong>Licenciatura en Gesti\u00f3n Ambiental<\/strong><\/a><strong><\/strong>&nbsp;<br>T\u00edtulo que otorga: Licenciado en Gesti\u00f3n Ambiental (5 a\u00f1os)&nbsp;<br><a href=\"http:\/\/www.unm.edu.ar\/index.php\/carreras\/ciencias-aplicadas-y-tecnologia\/tecnicatura-universitaria-en-gestion-ambiental\" target=\"_blank\" rel=\"noreferrer noopener\">Tecnicatura Universitaria en Gesti\u00f3n Ambiental<\/a>&nbsp;<br>T\u00edtulo que otorga: T\u00e9cnico Universitario en Gesti\u00f3n Ambiental (3 a\u00f1os)&nbsp;<\/p>\n\n\n\n<p>&nbsp;<br><a href=\"http:\/\/www.unm.edu.ar\/index.php\/carreras\/ciencias-aplicadas-y-tecnologia\/arquitectura\" target=\"_blank\" rel=\"noreferrer noopener\"><strong>Arquitectura<\/strong><\/a><strong><\/strong>&nbsp;<br>T\u00edtulo que otorga: Arquitecto (6 a\u00f1os)&nbsp; &nbsp; &nbsp; &nbsp; &nbsp;&nbsp;<br>&nbsp; &nbsp; &nbsp; &nbsp; &nbsp; &nbsp; &nbsp; &nbsp; &nbsp; &nbsp; &nbsp; &nbsp; &nbsp; &nbsp; &nbsp; &nbsp; &nbsp; &nbsp; &nbsp; &nbsp; &nbsp; &nbsp; &nbsp; &nbsp; &nbsp; &nbsp; &nbsp; &nbsp; &nbsp; &nbsp; &nbsp; &nbsp; &nbsp; &nbsp; &nbsp; &nbsp; &nbsp; &nbsp; &nbsp; &nbsp; &nbsp; &nbsp; &nbsp; &nbsp; &nbsp; &nbsp; &nbsp; &nbsp; &nbsp; &nbsp; &nbsp; &nbsp; &nbsp;&nbsp;&nbsp;<\/p>\n\n\n\n<p><a href=\"http:\/\/www.unm.edu.ar\/index.php\/carreras\/ciencias-aplicadas-y-tecnologia\/licenciatura-en-biotecnologia\" target=\"_blank\" rel=\"noreferrer noopener\"><strong>Licenciatura en Biotecnolog\u00eda<\/strong>&nbsp;<br><\/a>T\u00edtulo que otorga: Licenciado en Biotecnolog\u00eda (5 a\u00f1os)&nbsp;<br><a href=\"http:\/\/www.unm.edu.ar\/index.php\/carreras\/ciencias-aplicadas-y-tecnologia\/tecnicatura-universitaria-en-biotecnologia\" target=\"_blank\" rel=\"noreferrer noopener\">Tecnicatura Universitaria en Biotecnolog\u00eda&nbsp;<br><\/a>T\u00edtulo que otorga: T\u00e9cnico Universitario en Biotecnolog\u00eda (3 a\u00f1os)&nbsp;<\/p>\n\n\n\n<ul class=\"wp-block-list\"><li><em><\/em><a href=\"http:\/\/www.unm.edu.ar\/index.php\/carreras\/economia-y-administracion\" target=\"_blank\" rel=\"noreferrer noopener\">DEPARTAMENTO DE ECONOM\u00cdA Y ADMINISTRACI\u00d3N<\/a><em><\/em>&nbsp;<\/li><\/ul>\n\n\n\n<p><a href=\"http:\/\/www.unm.edu.ar\/index.php\/carreras\/economia-y-administracion\/licenciatura-en-relaciones-del-trabajo\" target=\"_blank\" rel=\"noreferrer noopener\"><strong>Licenciatura en Relaciones del Trabajo<\/strong><\/a><strong><\/strong>&nbsp;<br>T\u00edtulo que otorga: Licenciado en Relaciones del Trabajo (5 a\u00f1os)&nbsp;<\/p>\n\n\n\n<p><a href=\"http:\/\/www.unm.edu.ar\/index.php\/carreras\/economia-y-administracion\/licenciatura-en-administracion\" target=\"_blank\" rel=\"noreferrer noopener\"><strong>Licenciatura en Administraci\u00f3n<\/strong><\/a><strong><\/strong>&nbsp;<br>T\u00edtulo que otorga: Licenciado en Administraci\u00f3n (5 a\u00f1os)&nbsp;<\/p>\n\n\n\n<p><a href=\"http:\/\/www.unm.edu.ar\/index.php\/carreras\/economia-y-administracion\/licenciatura-en-economia\" target=\"_blank\" rel=\"noreferrer noopener\"><strong>Licenciatura en Econom\u00eda<\/strong><\/a><strong><\/strong>&nbsp;<br>T\u00edtulo que otorga: Licenciado en Econom\u00eda (5 a\u00f1os)&nbsp;<\/p>\n\n\n\n<p><a href=\"http:\/\/www.unm.edu.ar\/index.php\/carreras\/economia-y-administracion\/contador-publico-nacional\" target=\"_blank\" rel=\"noreferrer noopener\"><strong>Contador P\u00fablico Nacional<\/strong><\/a><strong><\/strong>&nbsp;<br>T\u00edtulo que otorga: Contador P\u00fablico Nacional (5 a\u00f1os)&nbsp;<br><a href=\"http:\/\/www.unm.edu.ar\/index.php\/carreras\/economia-y-administracion\/tecnicatura-universitaria-impositivo-contable\" target=\"_blank\" rel=\"noreferrer noopener\">Tecnicatura Universitaria Impositivo Contable<\/a>&nbsp;<br>T\u00edtulo que otorga: T\u00e9cnico Universitario Impositivo Contable (3 a\u00f1os)&nbsp;<\/p>\n\n\n\n<ul class=\"wp-block-list\"><li><em><\/em><a href=\"http:\/\/www.unm.edu.ar\/index.php\/carreras\/humanidades-y-ciencias-sociales\" target=\"_blank\" rel=\"noreferrer noopener\">DEPARTAMENTO DE HUMANIDADES Y CIENCIAS SOCIALES<\/a><em><\/em>&nbsp;<\/li><\/ul>\n\n\n\n<p><a href=\"http:\/\/www.unm.edu.ar\/index.php\/carreras\/humanidades-y-ciencias-sociales\/licenciatura-en-trabajo-social\" target=\"_blank\" rel=\"noreferrer noopener\"><strong>Licenciatura en Trabajo Social<\/strong><\/a><strong><\/strong>&nbsp;<br>T\u00edtulo que otorga: Licenciado en Trabajo Social (5 a\u00f1os)&nbsp;<\/p>\n\n\n\n<p><a href=\"http:\/\/www.unm.edu.ar\/index.php\/carreras\/humanidades-y-ciencias-sociales\/licenciatura-en-comunicacion-social\" target=\"_blank\" rel=\"noreferrer noopener\"><strong>Licenciatura en Comunicaci\u00f3n Social<\/strong><\/a>&nbsp;<\/p>\n\n\n\n<p>-Con orientaci\u00f3n Cient\u00edfica&nbsp;<\/p>\n\n\n\n<p>-Con orientaci\u00f3n en Producci\u00f3n Multimedial&nbsp;<\/p>\n\n\n\n<p>T\u00edtulo que otorga: Licenciado en Comunicaci\u00f3n Social (5 a\u00f1os)&nbsp;<\/p>\n\n\n\n<p><a href=\"http:\/\/www.unm.edu.ar\/index.php\/carreras\/humanidades-y-ciencias-sociales\/licenciatura-en-educacion-secundaria\" target=\"_blank\" rel=\"noreferrer noopener\"><strong>Licenciatura en Educaci\u00f3n Secundaria (Ciclo de Licenciatura)<\/strong><\/a><strong><\/strong>&nbsp;<br>T\u00edtulo que otorga: Licenciado en Educaci\u00f3n Secundaria (2 a\u00f1os)&nbsp;<\/p>\n\n\n\n<p><a href=\"http:\/\/www.unm.edu.ar\/index.php\/carreras\/humanidades-y-ciencias-sociales\/licenciatura-en-educacion-inicial\" target=\"_blank\" rel=\"noreferrer noopener\"><strong>Licenciatura en Educaci\u00f3n Inicial (Ciclo de Licenciatura)<\/strong><\/a><strong><\/strong>&nbsp;<br>T\u00edtulo que otorga: Licenciado en Educaci\u00f3n Inicial (2 a\u00f1os)&nbsp;<\/p>\n\n\n\n<p>Ante cualquier consulta, escribir a&nbsp;<strong>orientacion@unm<\/strong><strong>.edu.ar<\/strong>&nbsp;o bien a&nbsp;<strong>alumnos@unm.edu.ar<\/strong>&nbsp;<\/p>\n","protected":false},"excerpt":{"rendered":"<p>La Universidad Nacional de Moreno&nbsp;llevar\u00e1 adelante la inscripci\u00f3n al&nbsp;Ciclo lectivo 2021&nbsp;desde el d\u00eda lunes 21 de septiembre hasta el s\u00e1bado 14 de noviembre&nbsp;con una propuesta acad\u00e9mica de 10 carreras de grado universitario, 2 ciclos de licenciatura y 4 tecnicaturas universitarias. &hellip; <a href=\"https:\/\/morenoprimero.com.ar\/archivo\/comienza-la-inscripcion-en-la-unm-para-el-ciclo-lectivo-2021\/\">Sigue leyendo <span class=\"meta-nav\">&rarr;<\/span><\/a><\/p>\n","protected":false},"author":6,"featured_media":2664,"comment_status":"open","ping_status":"open","sticky":false,"template":"","format":"standard","meta":{"footnotes":""},"categories":[578,21,5,20],"tags":[700,699,84],"class_list":["post-2663","post","type-post","status-publish","format-standard","has-post-thumbnail","hentry","category-educacion","category-interes-general","category-recomendadas","category-sociedad","tag-700","tag-inscripcion","tag-unm"],"_links":{"self":[{"href":"https:\/\/morenoprimero.com.ar\/archivo\/wp-json\/wp\/v2\/posts\/2663","targetHints":{"allow":["GET"]}}],"collection":[{"href":"https:\/\/morenoprimero.com.ar\/archivo\/wp-json\/wp\/v2\/posts"}],"about":[{"href":"https:\/\/morenoprimero.com.ar\/archivo\/wp-json\/wp\/v2\/types\/post"}],"author":[{"embeddable":true,"href":"https:\/\/morenoprimero.com.ar\/archivo\/wp-json\/wp\/v2\/users\/6"}],"replies":[{"embeddable":true,"href":"https:\/\/morenoprimero.com.ar\/archivo\/wp-json\/wp\/v2\/comments?post=2663"}],"version-history":[{"count":2,"href":"https:\/\/morenoprimero.com.ar\/archivo\/wp-json\/wp\/v2\/posts\/2663\/revisions"}],"predecessor-version":[{"id":2688,"href":"https:\/\/morenoprimero.com.ar\/archivo\/wp-json\/wp\/v2\/posts\/2663\/revisions\/2688"}],"wp:featuredmedia":[{"embeddable":true,"href":"https:\/\/morenoprimero.com.ar\/archivo\/wp-json\/wp\/v2\/media\/2664"}],"wp:attachment":[{"href":"https:\/\/morenoprimero.com.ar\/archivo\/wp-json\/wp\/v2\/media?parent=2663"}],"wp:term":[{"taxonomy":"category","embeddable":true,"href":"https:\/\/morenoprimero.com.ar\/archivo\/wp-json\/wp\/v2\/categories?post=2663"},{"taxonomy":"post_tag","embeddable":true,"href":"https:\/\/morenoprimero.com.ar\/archivo\/wp-json\/wp\/v2\/tags?post=2663"}],"curies":[{"name":"wp","href":"https:\/\/api.w.org\/{rel}","templated":true}]}}