{"id":2654,"date":"2020-09-16T12:42:50","date_gmt":"2020-09-16T12:42:50","guid":{"rendered":"https:\/\/morenoprimero.com.ar\/?p=2654"},"modified":"2020-09-16T12:42:51","modified_gmt":"2020-09-16T12:42:51","slug":"a-44-anos-de-la-noche-de-los-lapices","status":"publish","type":"post","link":"https:\/\/morenoprimero.com.ar\/archivo\/a-44-anos-de-la-noche-de-los-lapices\/","title":{"rendered":"A 44 A\u00d1OS DE \u00abLA NOCHE DE LOS L\u00c1PICES\u00bb"},"content":{"rendered":"\n<h4 class=\"wp-block-heading\"><strong>La noche del 16 de septiembre de 1976 y d\u00edas sucesivos, un grupo de j\u00f3venes militantes de la Uni\u00f3n de Estudiantes Secundarios y de la Juventud Guevarista fueron secuestrados en la ciudad de La Plata.<\/strong><\/h4>\n\n\n\n<figure class=\"wp-block-image size-large is-resized\"><img loading=\"lazy\" decoding=\"async\" src=\"https:\/\/morenoprimero.com.ar\/wp-content\/uploads\/2020\/09\/NOCHE-DE-LOS-LAPICES-1024x683.jpg\" alt=\"\" class=\"wp-image-2657\" width=\"594\" height=\"395\" srcset=\"https:\/\/morenoprimero.com.ar\/archivo\/wp-content\/uploads\/2020\/09\/NOCHE-DE-LOS-LAPICES-1024x683.jpg 1024w, https:\/\/morenoprimero.com.ar\/archivo\/wp-content\/uploads\/2020\/09\/NOCHE-DE-LOS-LAPICES-300x200.jpg 300w, https:\/\/morenoprimero.com.ar\/archivo\/wp-content\/uploads\/2020\/09\/NOCHE-DE-LOS-LAPICES-768x512.jpg 768w, https:\/\/morenoprimero.com.ar\/archivo\/wp-content\/uploads\/2020\/09\/NOCHE-DE-LOS-LAPICES.jpg 1200w\" sizes=\"auto, (max-width: 594px) 100vw, 594px\" \/><\/figure>\n\n\n\n<p>Para septiembre de 1976, a menos de seis meses de la instalaci\u00f3n de la \u00faltima dictadura argentina, la represi\u00f3n ilegal \u2013comandada por el jefe de la Polic\u00eda Bonaerense, coronel Ram\u00f3n Camps, secundado por el comisario Miguel Etchecolatz\u2013 estaba haciendo estragos en la ciudad de La Plata y uno de sus focos eran los estudiantes universitarios y secundarios.<\/p>\n\n\n\n<p><strong>Entre el 9 y el 21 de septiembre, los grupos de tareas secuestraron a diez estudiantes de colegios secundarios de la ciudad<\/strong> de La Plata, militantes de la Uni\u00f3n de Estudiantes Secundarios (UES) y de la Juventud Guevarista, en un hecho que qued\u00f3 escrito con sangre en la historia argentina reciente como \u00abLa noche de los l\u00e1pices\u00bb. Por la noche del 16, cuando perpetraron la mayor\u00eda de los secuestros.<\/p>\n\n\n\n<p><br>De los diez secuestrados,&nbsp;<strong>Mar\u00eda Claudia Falcone, Mar\u00eda Clara Ciochini, Horacio Ungaro, Claudio de Acha, Daniel Racero y Francisco Muntaner contin\u00faan desaparecidos<\/strong>, mientras que&nbsp;<strong>Emilce Moler, Pablo D\u00edaz, Gustavo Calotti y Patricia Miranda fueron finalmente \u00abblanqueados\u00bb por la dictadura y quedaron a disposici\u00f3n del PEN (Poder Ejecutivo Nacional) como la dictadura catalogaba a los presos pol\u00edticos sin proceso<\/strong>.<\/p>\n\n\n\n<p>Durante su secuestro, los j\u00f3venes fueron sometidos a torturas en distintos centros clandestinos, entre ellos el <strong>Pozo de Arana<\/strong>, el <strong>Pozo de Banfield, la Brigada de Investigaciones de Quilmes y la Brigada de Avellaneda.<\/strong><\/p>\n\n\n\n<p>En reconocimiento de la lucha de este grupo de j\u00f3venes militantes desaparecidos se conmemora cada 16 de septiembre, desde el 2006, el D\u00eda de los Derechos de los Estudiantes Secundarios, un homenaje para que \u201clos l\u00e1pices sigan escribiendo\u201d<\/p>\n","protected":false},"excerpt":{"rendered":"<p>La noche del 16 de septiembre de 1976 y d\u00edas sucesivos, un grupo de j\u00f3venes militantes de la Uni\u00f3n de Estudiantes Secundarios y de la Juventud Guevarista fueron secuestrados en la ciudad de La Plata. Para septiembre de 1976, a &hellip; <a href=\"https:\/\/morenoprimero.com.ar\/archivo\/a-44-anos-de-la-noche-de-los-lapices\/\">Sigue leyendo <span class=\"meta-nav\">&rarr;<\/span><\/a><\/p>\n","protected":false},"author":6,"featured_media":2658,"comment_status":"open","ping_status":"open","sticky":false,"template":"","format":"standard","meta":{"footnotes":""},"categories":[578,27],"tags":[696,695],"class_list":["post-2654","post","type-post","status-publish","format-standard","has-post-thumbnail","hentry","category-educacion","category-politica","tag-dia-de-los-derechos-de-los-estudiantes-secundarios","tag-historia-argentina"],"_links":{"self":[{"href":"https:\/\/morenoprimero.com.ar\/archivo\/wp-json\/wp\/v2\/posts\/2654","targetHints":{"allow":["GET"]}}],"collection":[{"href":"https:\/\/morenoprimero.com.ar\/archivo\/wp-json\/wp\/v2\/posts"}],"about":[{"href":"https:\/\/morenoprimero.com.ar\/archivo\/wp-json\/wp\/v2\/types\/post"}],"author":[{"embeddable":true,"href":"https:\/\/morenoprimero.com.ar\/archivo\/wp-json\/wp\/v2\/users\/6"}],"replies":[{"embeddable":true,"href":"https:\/\/morenoprimero.com.ar\/archivo\/wp-json\/wp\/v2\/comments?post=2654"}],"version-history":[{"count":2,"href":"https:\/\/morenoprimero.com.ar\/archivo\/wp-json\/wp\/v2\/posts\/2654\/revisions"}],"predecessor-version":[{"id":2671,"href":"https:\/\/morenoprimero.com.ar\/archivo\/wp-json\/wp\/v2\/posts\/2654\/revisions\/2671"}],"wp:featuredmedia":[{"embeddable":true,"href":"https:\/\/morenoprimero.com.ar\/archivo\/wp-json\/wp\/v2\/media\/2658"}],"wp:attachment":[{"href":"https:\/\/morenoprimero.com.ar\/archivo\/wp-json\/wp\/v2\/media?parent=2654"}],"wp:term":[{"taxonomy":"category","embeddable":true,"href":"https:\/\/morenoprimero.com.ar\/archivo\/wp-json\/wp\/v2\/categories?post=2654"},{"taxonomy":"post_tag","embeddable":true,"href":"https:\/\/morenoprimero.com.ar\/archivo\/wp-json\/wp\/v2\/tags?post=2654"}],"curies":[{"name":"wp","href":"https:\/\/api.w.org\/{rel}","templated":true}]}}