{"id":26495,"date":"2022-04-04T16:02:08","date_gmt":"2022-04-04T19:02:08","guid":{"rendered":"https:\/\/morenoprimero.com.ar\/?p=26495"},"modified":"2022-04-04T17:33:39","modified_gmt":"2022-04-04T20:33:39","slug":"comenzo-la-segunda-etapa-de-vacunacion-contra-la-gripe-en-moreno","status":"publish","type":"post","link":"https:\/\/morenoprimero.com.ar\/archivo\/comenzo-la-segunda-etapa-de-vacunacion-contra-la-gripe-en-moreno\/","title":{"rendered":"Comenz\u00f3 la segunda etapa de vacunaci\u00f3n contra la gripe en Moreno"},"content":{"rendered":"\n<h5 class=\"wp-block-heading\">Las dosis est\u00e1n disponibles en las Unidades Sanitarias del distrito<\/h5>\n\n\n\n<p>En el marco de la segunda etapa del Plan Anual de Vacunaci\u00f3n Bonaerense contra la gripe, a partir del 4 de abril tienen prioridad y podr\u00e1n vacunarse contra la gripe <strong>las personas gestantes y las ni\u00f1as y ni\u00f1os de 6 meses a 2 a\u00f1os, y de 2 a 3 a\u00f1os que posean factores de riesgo<\/strong> en todas las Unidades Sanitarias del distrito.<\/p>\n\n\n\n<p>La campa\u00f1a antigripal se realiza por etapas y se inici\u00f3 con la convocatoria al personal de salud, <strong>en la siguiente etapa se priorizar\u00e1 a personas de 4 a 64 a\u00f1os con factores de riesgo, pu\u00e9rperas y personas mayores de 65 a\u00f1os.<\/strong><\/p>\n\n\n\n<figure class=\"wp-block-image size-large\"><a href=\"https:\/\/morenoprimero.com.ar\/wp-content\/uploads\/2022\/04\/WhatsApp_Image_2022-04-04_at_3.49.40_PM.jpg\"><img loading=\"lazy\" decoding=\"async\" width=\"1024\" height=\"1024\" src=\"https:\/\/morenoprimero.com.ar\/wp-content\/uploads\/2022\/04\/WhatsApp_Image_2022-04-04_at_3.49.40_PM-1024x1024.jpg\" alt=\"\" class=\"wp-image-26509\" srcset=\"https:\/\/morenoprimero.com.ar\/archivo\/wp-content\/uploads\/2022\/04\/WhatsApp_Image_2022-04-04_at_3.49.40_PM-1024x1024.jpg 1024w, https:\/\/morenoprimero.com.ar\/archivo\/wp-content\/uploads\/2022\/04\/WhatsApp_Image_2022-04-04_at_3.49.40_PM-300x300.jpg 300w, https:\/\/morenoprimero.com.ar\/archivo\/wp-content\/uploads\/2022\/04\/WhatsApp_Image_2022-04-04_at_3.49.40_PM-150x150.jpg 150w, https:\/\/morenoprimero.com.ar\/archivo\/wp-content\/uploads\/2022\/04\/WhatsApp_Image_2022-04-04_at_3.49.40_PM-768x768.jpg 768w, https:\/\/morenoprimero.com.ar\/archivo\/wp-content\/uploads\/2022\/04\/WhatsApp_Image_2022-04-04_at_3.49.40_PM.jpg 1080w\" sizes=\"auto, (max-width: 1024px) 100vw, 1024px\" \/><\/a><\/figure>\n\n\n\n<p>Es fundamental aplicarse estas vacunas ya que ponen en marcha las defensas naturales del organismo, reducen el riesgo de contraer enfermedades y salvan vidas. <strong>Vacunarse es un acto de cuidado y solidaridad para protegerse uno mismo y a las personas m\u00e1s queridas.<\/strong><\/p>\n\n\n\n<p><strong>La vacuna de la gripe y la del Covid-19 son compatibles<\/strong>, se pueden aplicar sin intervalos entre s\u00ed y no se requiere orden m\u00e9dica. Las vecinas y vecinos que deseen aplicarse la vacuna podr\u00e1n hacerlo en cualquier Unidad Sanitaria.<\/p>\n","protected":false},"excerpt":{"rendered":"<p>Las dosis est\u00e1n disponibles en las Unidades Sanitarias del distrito En el marco de la segunda etapa del Plan Anual de Vacunaci\u00f3n Bonaerense contra la gripe, a partir del 4 de abril tienen prioridad y podr\u00e1n vacunarse contra la gripe &hellip; <a href=\"https:\/\/morenoprimero.com.ar\/archivo\/comenzo-la-segunda-etapa-de-vacunacion-contra-la-gripe-en-moreno\/\">Sigue leyendo <span class=\"meta-nav\">&rarr;<\/span><\/a><\/p>\n","protected":false},"author":6,"featured_media":26496,"comment_status":"closed","ping_status":"closed","sticky":false,"template":"","format":"standard","meta":{"footnotes":""},"categories":[3,2328,536],"tags":[539,6,23,1470],"class_list":["post-26495","post","type-post","status-publish","format-standard","has-post-thumbnail","hentry","category-importantes","category-local","category-salud","tag-gripe","tag-moreno","tag-salud","tag-vacunacion-2"],"_links":{"self":[{"href":"https:\/\/morenoprimero.com.ar\/archivo\/wp-json\/wp\/v2\/posts\/26495","targetHints":{"allow":["GET"]}}],"collection":[{"href":"https:\/\/morenoprimero.com.ar\/archivo\/wp-json\/wp\/v2\/posts"}],"about":[{"href":"https:\/\/morenoprimero.com.ar\/archivo\/wp-json\/wp\/v2\/types\/post"}],"author":[{"embeddable":true,"href":"https:\/\/morenoprimero.com.ar\/archivo\/wp-json\/wp\/v2\/users\/6"}],"replies":[{"embeddable":true,"href":"https:\/\/morenoprimero.com.ar\/archivo\/wp-json\/wp\/v2\/comments?post=26495"}],"version-history":[{"count":2,"href":"https:\/\/morenoprimero.com.ar\/archivo\/wp-json\/wp\/v2\/posts\/26495\/revisions"}],"predecessor-version":[{"id":26510,"href":"https:\/\/morenoprimero.com.ar\/archivo\/wp-json\/wp\/v2\/posts\/26495\/revisions\/26510"}],"wp:featuredmedia":[{"embeddable":true,"href":"https:\/\/morenoprimero.com.ar\/archivo\/wp-json\/wp\/v2\/media\/26496"}],"wp:attachment":[{"href":"https:\/\/morenoprimero.com.ar\/archivo\/wp-json\/wp\/v2\/media?parent=26495"}],"wp:term":[{"taxonomy":"category","embeddable":true,"href":"https:\/\/morenoprimero.com.ar\/archivo\/wp-json\/wp\/v2\/categories?post=26495"},{"taxonomy":"post_tag","embeddable":true,"href":"https:\/\/morenoprimero.com.ar\/archivo\/wp-json\/wp\/v2\/tags?post=26495"}],"curies":[{"name":"wp","href":"https:\/\/api.w.org\/{rel}","templated":true}]}}