{"id":2623,"date":"2020-09-15T14:46:43","date_gmt":"2020-09-15T14:46:43","guid":{"rendered":"https:\/\/morenoprimero.com.ar\/?p=2623"},"modified":"2020-09-15T14:47:42","modified_gmt":"2020-09-15T14:47:42","slug":"tragico-incendio-en-el-complejo-de-cabanas-la-fiaca-murieron-una-mujer-y-sus-dos-hijos-menores-de-edad","status":"publish","type":"post","link":"https:\/\/morenoprimero.com.ar\/archivo\/tragico-incendio-en-el-complejo-de-cabanas-la-fiaca-murieron-una-mujer-y-sus-dos-hijos-menores-de-edad\/","title":{"rendered":"TR\u00c1GICO INCENDIO EN MORENO SUR: MURIERON UNA MUJER Y SUS DOS HIJOS MENORES DE EDAD"},"content":{"rendered":"\n<h4 class=\"wp-block-heading\"><strong>El fuego comenz\u00f3 a las 8 de la ma\u00f1ana del lunes 14 de septiembre en el complejo de caba\u00f1as \u00abLa fiaca\u00bb, en<\/strong> <strong>Moreno Sur. Murieron una mujer, su hija de 3 y su hijo de 9. El esposo de la mujer, se encuentra internado en el Hospital Mariano y Luciano de la Vega, con graves quemaduras. <\/strong><\/h4>\n\n\n\n<figure class=\"wp-block-image size-large\"><img loading=\"lazy\" decoding=\"async\" width=\"960\" height=\"640\" src=\"https:\/\/morenoprimero.com.ar\/wp-content\/uploads\/2020\/09\/hospital-mariano-uy-luciano-960x640-1-2.jpg\" alt=\"\" class=\"wp-image-2630\" srcset=\"https:\/\/morenoprimero.com.ar\/archivo\/wp-content\/uploads\/2020\/09\/hospital-mariano-uy-luciano-960x640-1-2.jpg 960w, https:\/\/morenoprimero.com.ar\/archivo\/wp-content\/uploads\/2020\/09\/hospital-mariano-uy-luciano-960x640-1-2-300x200.jpg 300w, https:\/\/morenoprimero.com.ar\/archivo\/wp-content\/uploads\/2020\/09\/hospital-mariano-uy-luciano-960x640-1-2-768x512.jpg 768w\" sizes=\"auto, (max-width: 960px) 100vw, 960px\" \/><\/figure>\n\n\n\n<p>A ra\u00edz de un incendio que se produjo el lunes en un complejo de caba\u00f1as \u00abLa fiaca\u00bb en Moreno Sur, murieron una mujer y sus dos hijos menores de edad. <\/p>\n\n\n\n<p>La mujer fallecida, <strong>Patricia Estefan\u00eda Aranda<\/strong>, era madre de <strong>Benjam\u00edn Aranda<\/strong> de 9 y de &nbsp;<strong>Isabella Aranda<\/strong>, de 3 a\u00f1os que tambi\u00e9n murieron en el incendio. <\/p>\n\n\n\n<p>Por su parte,\u00a0<strong>Mart\u00edn Capazzo<\/strong>, quien figura como esposo de Patricia, sufri\u00f3 quemaduras graves y se encuentra internado en el Hospital Mariano y Luciano de la Vega.<\/p>\n","protected":false},"excerpt":{"rendered":"<p>El fuego comenz\u00f3 a las 8 de la ma\u00f1ana del lunes 14 de septiembre en el complejo de caba\u00f1as \u00abLa fiaca\u00bb, en Moreno Sur. Murieron una mujer, su hija de 3 y su hijo de 9. El esposo de la &hellip; <a href=\"https:\/\/morenoprimero.com.ar\/archivo\/tragico-incendio-en-el-complejo-de-cabanas-la-fiaca-murieron-una-mujer-y-sus-dos-hijos-menores-de-edad\/\">Sigue leyendo <span class=\"meta-nav\">&rarr;<\/span><\/a><\/p>\n","protected":false},"author":6,"featured_media":2630,"comment_status":"open","ping_status":"open","sticky":false,"template":"","format":"standard","meta":{"footnotes":""},"categories":[3,8,20],"tags":[139,367],"class_list":["post-2623","post","type-post","status-publish","format-standard","has-post-thumbnail","hentry","category-importantes","category-policiales","category-sociedad","tag-hospital-mariano-y-luciano-de-la-vega","tag-moreno-sur"],"_links":{"self":[{"href":"https:\/\/morenoprimero.com.ar\/archivo\/wp-json\/wp\/v2\/posts\/2623","targetHints":{"allow":["GET"]}}],"collection":[{"href":"https:\/\/morenoprimero.com.ar\/archivo\/wp-json\/wp\/v2\/posts"}],"about":[{"href":"https:\/\/morenoprimero.com.ar\/archivo\/wp-json\/wp\/v2\/types\/post"}],"author":[{"embeddable":true,"href":"https:\/\/morenoprimero.com.ar\/archivo\/wp-json\/wp\/v2\/users\/6"}],"replies":[{"embeddable":true,"href":"https:\/\/morenoprimero.com.ar\/archivo\/wp-json\/wp\/v2\/comments?post=2623"}],"version-history":[{"count":3,"href":"https:\/\/morenoprimero.com.ar\/archivo\/wp-json\/wp\/v2\/posts\/2623\/revisions"}],"predecessor-version":[{"id":2640,"href":"https:\/\/morenoprimero.com.ar\/archivo\/wp-json\/wp\/v2\/posts\/2623\/revisions\/2640"}],"wp:featuredmedia":[{"embeddable":true,"href":"https:\/\/morenoprimero.com.ar\/archivo\/wp-json\/wp\/v2\/media\/2630"}],"wp:attachment":[{"href":"https:\/\/morenoprimero.com.ar\/archivo\/wp-json\/wp\/v2\/media?parent=2623"}],"wp:term":[{"taxonomy":"category","embeddable":true,"href":"https:\/\/morenoprimero.com.ar\/archivo\/wp-json\/wp\/v2\/categories?post=2623"},{"taxonomy":"post_tag","embeddable":true,"href":"https:\/\/morenoprimero.com.ar\/archivo\/wp-json\/wp\/v2\/tags?post=2623"}],"curies":[{"name":"wp","href":"https:\/\/api.w.org\/{rel}","templated":true}]}}