{"id":26192,"date":"2022-03-30T17:56:20","date_gmt":"2022-03-30T20:56:20","guid":{"rendered":"https:\/\/morenoprimero.com.ar\/?p=26192"},"modified":"2022-03-31T08:47:24","modified_gmt":"2022-03-31T11:47:24","slug":"nicolas-diaz-en-cuartel-v-va-a-haber-un-alto-impacto-se-va-a-transformar-la-realidad-de-la-comunidad","status":"publish","type":"post","link":"https:\/\/morenoprimero.com.ar\/archivo\/nicolas-diaz-en-cuartel-v-va-a-haber-un-alto-impacto-se-va-a-transformar-la-realidad-de-la-comunidad\/","title":{"rendered":"Nicol\u00e1s D\u00edaz: \u00abEn Cuartel V va a haber un alto impacto, se va a transformar la realidad de la comunidad\u00bb"},"content":{"rendered":"\n<h5 class=\"wp-block-heading\">El Delegado Municipal asegur\u00f3 que&nbsp;<strong>\u201cse vienen proyectos grand\u00edsimos, que son de mediano plazos. Se concreta este a\u00f1o, y a principios del otro\u201d.<\/strong> Tambi\u00e9n habl\u00f3 sobre el trabajo para garantizar el asfalto en los barrios, las m\u00e1s de 500 luminarias nuevas, la puesta en valor de las instituciones educativas y el rol fundamental de las y los vecinos.<\/h5>\n\n\n\n<p><strong>Las delegaciones Municipales son de mucha importancia<\/strong> en todos los Municipios, pero m\u00e1s a\u00fan, en aquellos que tienen una gran extensi\u00f3n. Al ser espacios de descentralizaci\u00f3n de servicios p\u00fablicos y otras obras peque\u00f1as, como as\u00ed tambi\u00e9n de referencia para la realizaci\u00f3n de diferentes gestiones y tr\u00e1mites, y sobre todo <strong>para acelerar los tiempos de respuestas del Estado.<\/strong> &nbsp;<\/p>\n\n\n\n<p><strong>Fue una decisi\u00f3n pol\u00edtica de Mariel Fern\u00e1ndez, ya en su primer a\u00f1o de gesti\u00f3n, volver a armar las Delegaciones Municipales por localidad, con una impronta comunitaria y un trabajo colaborativo y comunitario<\/strong>. A comienzos del a\u00f1o 2021,<strong> Nicol\u00e1s D\u00edaz es designado como delegado de Cuartel V<\/strong>, y deja una definici\u00f3n ambiciosa pero realista:\u201d La idea es poner a Cuartel V en el lugar donde tiene que estar, porque hab\u00eda quedado olvidado. Con mucho trabajo y paciencia, confiando en la planificaci\u00f3n que tenemos y, fundamentalmente, participando de las reuniones vecinales.\u201d&nbsp;<\/p>\n\n\n\n<p>A un a\u00f1o su llegada a la delegaci\u00f3n, Moreno Primero convers\u00f3 con Nicol\u00e1s D\u00edaz. Se muestra contento y optimista por el logro de los primeros objetivos, que son el resultado de un cambio en las formas de abordar la pol\u00edtica, que precedieron a la actual gesti\u00f3n. &nbsp;<\/p>\n\n\n\n<p>En primer lugar, caracteriza a Cuartel V como<strong> \u201cuna localidad muy grande y a la vez con m\u00e1s de 30 barrios a los que todav\u00eda no le han lle<\/strong>gado servicios\u201d, y eso se da porque<strong> \u201cno hubo un acompa\u00f1amiento del estado\u201d<\/strong>. La desidia del estado fue una realidad, con la que hoy se encuentra la actual gesti\u00f3n y toma una decisi\u00f3n que tiene que ver con <strong>\u201cdar respuestas concretas que son las que est\u00e1n buscando los vecinos y las vecinas, por eso asfaltamos 12 cuadras y por eso instalamos m\u00e1s de 500&nbsp;luminarias\u201d<\/strong>. Frente a la gran cantidad de barrios con demandas hist\u00f3ricas, un primer objetivo es garantizar esos asfaltos y las luminarias en cada entrada y salida del barrio\u201d explica el delegado.&nbsp;<\/p>\n\n\n\n<p>A su vez, se realizaron asfaltos en las calles de las diferentes instituciones educativas donde antes no hab\u00eda: La conexi\u00f3n de la Escuela 69 con la Escuela Media 5, sobre la calle Gabriela Mistral; la calle Escalada donde est\u00e1 ubicado el Jard\u00edn 955 del Barrio el Milenio, la calle Perito Moreno sobre la que se encuentra el Jard\u00edn 966 en el barrio San Alberto. Tambi\u00e9n, se realiz\u00f3 el recuperado de asfalto en la calle Bonpland donde est\u00e1 ubicada la Escuela Primaria N\u00ba 67, y sobre la calle R\u00edo de la Plata, donde se encuentra el Instituto Alfonsina Storni.&nbsp;<\/p>\n\n\n\n<p>Entretanto, una localidad que recibi\u00f3 hist\u00f3ricamente poca inversi\u00f3n estatal, no s\u00f3lo necesita asfalto, tambi\u00e9n luminaria, centros de salud, m\u00e1s seguridad y todas las demandas que los vecinos y las vecinas reclamaban. &nbsp;<\/p>\n\n\n\n<figure class=\"wp-block-image size-full\"><img loading=\"lazy\" decoding=\"async\" width=\"600\" height=\"600\" src=\"https:\/\/morenoprimero.com.ar\/wp-content\/uploads\/2022\/03\/rsz_dm_20220330180132_001.jpg\" alt=\"\" class=\"wp-image-26262\" srcset=\"https:\/\/morenoprimero.com.ar\/archivo\/wp-content\/uploads\/2022\/03\/rsz_dm_20220330180132_001.jpg 600w, https:\/\/morenoprimero.com.ar\/archivo\/wp-content\/uploads\/2022\/03\/rsz_dm_20220330180132_001-300x300.jpg 300w, https:\/\/morenoprimero.com.ar\/archivo\/wp-content\/uploads\/2022\/03\/rsz_dm_20220330180132_001-150x150.jpg 150w\" sizes=\"auto, (max-width: 600px) 100vw, 600px\" \/><\/figure>\n\n\n\n<p>Para abordar la problem\u00e1tica utilizando&nbsp;los escasos recursos con los que se encontraban, y los que se fueron generando, la decisi\u00f3n fue hacerlo de forma integral y comunitaria. <strong>\u00bfQui\u00e9nes, m\u00e1s que los vecinos y vecinas de cada barrio, iban a conocer sus hist\u00f3ricos reclamos y necesidades?<\/strong> &nbsp;<\/p>\n\n\n\n<p>Es por eso que <strong>\u201ccuando Mariel vuelve a armar las delegaciones por localidad, el rol fundamental que cumplen es poder articular con todas las \u00e1reas municipales, que tengan el compromiso de participar en el territorio, y sobre todo de poder dar respuesta\u201d<\/strong>, explica el delegado, y contin\u00faa diciendo que <strong>\u201cen las reuniones que hacemos con los vecinos agendamos las demandas, y en la necesidad de que tenga cada barrio en particular, la idea es que se hagan presentes responsables de las diferentes \u00e1reas.\u201d&nbsp;<\/strong><\/p>\n\n\n\n<p><strong>El protagonismo de los vecinos y vecinas de Cuartel V<\/strong>&nbsp;<\/p>\n\n\n\n<p>El joven delegado expresa su alegr\u00eda, diciendo: <strong>\u201cPor haberme encontrado con referentes que vienen trabajando en la organizaci\u00f3n de Cuartel V hace much\u00edsimos a\u00f1os y me van contando la historia de su barrio y lo que fueron anhelando los vecinos alguna vez\u201d. &nbsp;<\/strong><\/p>\n\n\n\n<p>Desde la delegaci\u00f3n los escuchan, lo anotan en agenda, articulan con las diferentes \u00e1reas y luego llegan las soluciones.<strong> \u201cpoder cumplir con eso es una satisfacci\u00f3n muy grande para m\u00ed, y para esos referentes que vienen laburando hace much\u00edsimo tiempo y nunca se les da porque siempre hubo falta de respuesta del otro lado\u201d<\/strong>, manifiesta, y prosigue <strong>\u201choy los referentes pueden caminar con la cabeza arriba porque saben que del otro lado hay respuesta\u201d.<\/strong>&nbsp;<\/p>\n\n\n\n<p>Es por eso que ante una comunidad <strong>\u201cgolpeada y olvidada por gestiones anteriores, los vecinos toman protagonismo\u201d.&nbsp;<\/strong><\/p>\n\n\n\n<figure class=\"wp-block-image size-full\"><a href=\"https:\/\/morenoprimero.com.ar\/wp-content\/uploads\/2022\/03\/rsz_1nico-diaz-1.jpg\"><img loading=\"lazy\" decoding=\"async\" width=\"720\" height=\"600\" src=\"https:\/\/morenoprimero.com.ar\/wp-content\/uploads\/2022\/03\/rsz_1nico-diaz-1.jpg\" alt=\"\" class=\"wp-image-26258\" srcset=\"https:\/\/morenoprimero.com.ar\/archivo\/wp-content\/uploads\/2022\/03\/rsz_1nico-diaz-1.jpg 720w, https:\/\/morenoprimero.com.ar\/archivo\/wp-content\/uploads\/2022\/03\/rsz_1nico-diaz-1-300x250.jpg 300w\" sizes=\"auto, (max-width: 720px) 100vw, 720px\" \/><\/a><\/figure>\n\n\n\n<p><strong>\u201cEn Cuartel V va a haber un alto impacto, se va a transformar la realidad de la comunidad\u201d<\/strong>&nbsp;<\/p>\n\n\n\n<p>Desde Moreno Primero preguntamos al delegado Municipal cu\u00e1l era la proyecci\u00f3n para el a\u00f1o 2022, y la respuesta fue contundente: <strong>\u201cEn Cuartel V va a haber un alto impacto, se va a transformar la realidad de la comunidad, de la localidad, se vienen proyectos grand\u00edsimos, que son de medianos plazos. Se concreta este a\u00f1o, y a principios del otro\u201d.  <\/strong>As\u00ed, enumera cada avance planificado:&nbsp;<\/p>\n\n\n\n<p><strong>El Cuartel&nbsp;de Bomberos<\/strong>&nbsp;<\/p>\n\n\n\n<p>El nuevo cuartel de los Bomberos voluntarios de Moreno que se construye en cuartel V estar\u00e1 ubicado frente a la Unidad de Pronta Atenci\u00f3n (UPA), dentro del Parque Industrial Municipal II. Nicol\u00e1s D\u00edaz resalta que<strong> \u201ces una necesidad y una demanda hist\u00f3rica de la comunidad ya que el cuartel m\u00e1s cercano est\u00e1 en el centro de Moreno, y siempre llegaba 40 minutos tardes, que es un incendio es un mont\u00f3n\u201d.<\/strong> Con la llegada del cuartel,<strong> \u201cvamos a poder dar respuesta a una alta demanda de la comunidad, y hasta vamos a poder salvar muchas vidas\u201d<\/strong>, asegura.&nbsp;<\/p>\n\n\n\n<figure class=\"wp-block-image size-full\"><a href=\"https:\/\/morenoprimero.com.ar\/wp-content\/uploads\/2022\/03\/Destacamento-de-Bomberos-de-Moreno-en-Cuartel-V.jpg\"><img loading=\"lazy\" decoding=\"async\" width=\"887\" height=\"483\" src=\"https:\/\/morenoprimero.com.ar\/wp-content\/uploads\/2022\/03\/Destacamento-de-Bomberos-de-Moreno-en-Cuartel-V.jpg\" alt=\"\" class=\"wp-image-26197\" srcset=\"https:\/\/morenoprimero.com.ar\/archivo\/wp-content\/uploads\/2022\/03\/Destacamento-de-Bomberos-de-Moreno-en-Cuartel-V.jpg 887w, https:\/\/morenoprimero.com.ar\/archivo\/wp-content\/uploads\/2022\/03\/Destacamento-de-Bomberos-de-Moreno-en-Cuartel-V-300x163.jpg 300w, https:\/\/morenoprimero.com.ar\/archivo\/wp-content\/uploads\/2022\/03\/Destacamento-de-Bomberos-de-Moreno-en-Cuartel-V-768x418.jpg 768w\" sizes=\"auto, (max-width: 887px) 100vw, 887px\" \/><\/a><figcaption>El predio donde se lleva a cabo la obra cuenta con&nbsp;3 mil metros cuadrados, y all\u00ed se va a construir una nave de 400 metros cuadrados para contener las seis autobombas&nbsp;que van a formar parte del lugar.<\/figcaption><\/figure>\n\n\n\n<p><strong>La feria Municipal<\/strong>&nbsp;<\/p>\n\n\n\n<p>El predio de la feria Municipal va a estar ubicado en Av. Derqui y El Teatro. All\u00ed van a estar los feriantes que participan en distintas plazas, y en particular los que se encuentran en la plaza Anderson, la cual<strong> \u201cse va a hacer toda nueva, y se va a recuperar el espacio\u201d<\/strong>, adelanta Nicol\u00e1s.&nbsp;<\/p>\n\n\n\n<p>Con respecto a la propuesta, el delegado municipal explica que<strong> \u201cse va armar una feria municipal donde los feriantes van a poder quedarse permanentemente y est\u00e9n c\u00f3modos tantos ellos como los clientes\u201d<\/strong>. En relaci\u00f3n a la ubicaci\u00f3n, explica que <strong>\u201ces un acceso donde pasan distintos colectivos y est\u00e1 en el l\u00edmite con Jos\u00e9 C. Paz\u201d. &nbsp;<\/strong><\/p>\n\n\n\n<p>\u201cEs un proyecto productivo muy lindo junto\u201d considera, y explica que es en articulaci\u00f3n entre IMDEL y la Coordinaci\u00f3n General de Econom\u00eda Popular.&nbsp;<\/p>\n\n\n\n<p><strong>Las obras de las rutas provinciales<\/strong>&nbsp;<\/p>\n\n\n\n<p>La obra de la Ruta Provincial N\u00ba 24 abarca el tramo desde el Curce Derqui a la conexi\u00f3n con el Barrio El Quijote. \u201cEs una obra con Boulevar, luminaria Led y sem\u00e1foros\u201d detalla Nicol\u00e1s. A esta se suma la ampliaci\u00f3n de la Ruta Provincia N\u00ba 25, hasta San Fernando, en la conexi\u00f3n de la Curva San Enrique. &nbsp;<\/p>\n\n\n\n<p>Ambas obras permitir\u00e1n reducir los tiempos de viaje, tal como lo explica el delegado,<strong> \u201cvan a aliviar mucho el tr\u00e1nsito, porque Cuartel V creci\u00f3 y la ruta qued\u00f3 chica, y en hora pico se genera un embotellamiento enorme. Adem\u00e1s, con estas obras se evitar\u00e1n muchos accidentes\u201d.&nbsp;<\/strong><\/p>\n\n\n\n<p>Tambi\u00e9n, adelanta que<strong> \u201cse viene la pavimentaci\u00f3n de la calle Murillo, desde ruta 24 hasta Lavalle, y desde ah\u00ed hasta Marchena, una pavimentaci\u00f3n con Cord\u00f3n y luminaria Led\u201d. &nbsp;<\/strong><\/p>\n\n\n\n<figure class=\"wp-block-image size-full\"><a href=\"https:\/\/morenoprimero.com.ar\/wp-content\/uploads\/2022\/03\/Nico-Diaz-4.jpg\"><img loading=\"lazy\" decoding=\"async\" width=\"720\" height=\"479\" src=\"https:\/\/morenoprimero.com.ar\/wp-content\/uploads\/2022\/03\/Nico-Diaz-4.jpg\" alt=\"\" class=\"wp-image-26195\" srcset=\"https:\/\/morenoprimero.com.ar\/archivo\/wp-content\/uploads\/2022\/03\/Nico-Diaz-4.jpg 720w, https:\/\/morenoprimero.com.ar\/archivo\/wp-content\/uploads\/2022\/03\/Nico-Diaz-4-300x200.jpg 300w\" sizes=\"auto, (max-width: 720px) 100vw, 720px\" \/><\/a><\/figure>\n\n\n\n<p><strong>Penitenciar\u00eda y Alcald\u00eda, con m\u00e1s de 700 puestos de trabajo<\/strong>&nbsp;<\/p>\n\n\n\n<p>Es parte de las medidas para atender la urgente situaci\u00f3n carcelaria de la Provincia de Buenos Aires, unas de las primeras crisis que estall\u00f3 al Gobernador Axel Kicillof apenas asumi\u00f3 su mandato a partir de las huelgas de hambre de m\u00e1s de diez mil presos en Diciembre del a\u00f1o 2020&nbsp;para reclamar mejores condiciones de alojamiento.&nbsp;<\/p>\n\n\n\n<p>En&nbsp;Moreno los terrenos donde se levantar\u00e1n las unidades penitenciarias est\u00e1n ubicados en Cuartel V,&nbsp;m\u00e1s precisamente entre las calles Sayos, Hernandarias y Triunvirato. Se trata de dos parcelas que limitan con el Arroyo Pinazo y que est\u00e1n a quince cuadras de la rotonda de las Rutas 24 y 25.&nbsp;<\/p>\n\n\n\n<figure class=\"wp-block-image\"><img decoding=\"async\" src=\"https:\/\/morenoprimero.com.ar\/wp-content\/uploads\/2020\/11\/hect%C3%A1rea.jpg\" alt=\"\"\/><figcaption>Nicol\u00e1s D\u00edaz cont\u00f3 a Moreno Primero que la llegada de la penitenciar\u00eda y la alcald\u00eda \u201cva a generar m\u00e1s de 700 puestos de trabajo\u201d y \u00abse van a priorizar a los chicos de Cuartel V\u00bb <\/figcaption><\/figure>\n\n\n\n<p>La llegada de la penitenciar\u00eda y la alcald\u00ed<strong>a \u201cva a generar m\u00e1s de 700 puestos de trabajo\u201d, <\/strong>anuncia Nicol\u00e1s, \u201cy para eso estamos armando una agenda de trabajo para que se pueda abrir la oferta laboral, porque se van a priorizar a los chicos de Cuartel V\u201d contin\u00faa.&nbsp;<\/p>\n\n\n\n<p>Y, si de creaci\u00f3n de puestos de trabajo se trata, es importante destacar la<strong> \u201cla radicalizaci\u00f3n de m\u00e1s de 20 empresas en los parques municipales, donde tambi\u00e9n ya est\u00e1 funcionando la nueva asfaltera municipal que brinda asfalto para todo Moreno\u201d<\/strong>.<\/p>\n\n\n\n<p><strong>La articulaci\u00f3n con la Direcci\u00f3n&nbsp;Adultos Mayores<\/strong>&nbsp;<\/p>\n\n\n\n<p>Hacia el final de la entrevista, Nicol\u00e1s D\u00edaz expresa la necesidad de considerar una pol\u00edtica muy importante que llevan a cabo en articulaci\u00f3n con la direcci\u00f3n de Adultos Mayores, dependiente de la Secretar\u00eda de Desarrollo Comunitario.&nbsp;<\/p>\n\n\n\n<p>Se trata de una red de promotores y promotoras de acompa\u00f1amiento integral de adultos mayores.<strong> \u201cLo que estamos haciendo es una capacitaci\u00f3n que brindan la Direcci\u00f3n de Adultos Mayores a las y los promotores para poder salir al territorio y ver la cantidad de abuelitos que tenemos en cada barrio y poder brindar una serie de actividades para contener a estos abuelos, porque sabemos que despu\u00e9s de la pandemia necesitan poder volver a salir y tener un acompa\u00f1amiento psicol\u00f3gico y emocional\u201d,<\/strong> explica el delegado de Cuartel V.&nbsp;<\/p>\n\n\n\n<p><strong>\u201cNecesitamos armar un centro de jubilados en cada barrio, para contener, para que ellos se referencien all\u00ed y se pueda brindar actividades desde ese centro, que se vuelvan a relacionar con la comunidad y que vuelvan a participar\u201d,<\/strong> expresa Nicol\u00e1s, y cierra, <strong>\u201cEllos son la historia viviente de cada barrio, y por eso hay que brindar acompa\u00f1amiento y asesorarlos en los que necesiten. Est\u00e1 funcionando en la Delegaci\u00f3n de Cuartel V y de aqu\u00ed se expande a otras localidades\u201d.<\/strong>&nbsp;<\/p>\n","protected":false},"excerpt":{"rendered":"<p>El Delegado Municipal asegur\u00f3 que&nbsp;\u201cse vienen proyectos grand\u00edsimos, que son de mediano plazos. Se concreta este a\u00f1o, y a principios del otro\u201d. Tambi\u00e9n habl\u00f3 sobre el trabajo para garantizar el asfalto en los barrios, las m\u00e1s de 500 luminarias nuevas, &hellip; <a href=\"https:\/\/morenoprimero.com.ar\/archivo\/nicolas-diaz-en-cuartel-v-va-a-haber-un-alto-impacto-se-va-a-transformar-la-realidad-de-la-comunidad\/\">Sigue leyendo <span class=\"meta-nav\">&rarr;<\/span><\/a><\/p>\n","protected":false},"author":6,"featured_media":26296,"comment_status":"closed","ping_status":"closed","sticky":false,"template":"","format":"standard","meta":{"footnotes":""},"categories":[2458,2,2328],"tags":[156,3479,276,2605],"class_list":["post-26192","post","type-post","status-publish","format-standard","has-post-thumbnail","hentry","category-cuartelv","category-destacadas","category-local","tag-cuartel-v","tag-delegaciones-municipales","tag-mariel-fernandez","tag-nicolas-diaz-2"],"_links":{"self":[{"href":"https:\/\/morenoprimero.com.ar\/archivo\/wp-json\/wp\/v2\/posts\/26192","targetHints":{"allow":["GET"]}}],"collection":[{"href":"https:\/\/morenoprimero.com.ar\/archivo\/wp-json\/wp\/v2\/posts"}],"about":[{"href":"https:\/\/morenoprimero.com.ar\/archivo\/wp-json\/wp\/v2\/types\/post"}],"author":[{"embeddable":true,"href":"https:\/\/morenoprimero.com.ar\/archivo\/wp-json\/wp\/v2\/users\/6"}],"replies":[{"embeddable":true,"href":"https:\/\/morenoprimero.com.ar\/archivo\/wp-json\/wp\/v2\/comments?post=26192"}],"version-history":[{"count":5,"href":"https:\/\/morenoprimero.com.ar\/archivo\/wp-json\/wp\/v2\/posts\/26192\/revisions"}],"predecessor-version":[{"id":26263,"href":"https:\/\/morenoprimero.com.ar\/archivo\/wp-json\/wp\/v2\/posts\/26192\/revisions\/26263"}],"wp:featuredmedia":[{"embeddable":true,"href":"https:\/\/morenoprimero.com.ar\/archivo\/wp-json\/wp\/v2\/media\/26296"}],"wp:attachment":[{"href":"https:\/\/morenoprimero.com.ar\/archivo\/wp-json\/wp\/v2\/media?parent=26192"}],"wp:term":[{"taxonomy":"category","embeddable":true,"href":"https:\/\/morenoprimero.com.ar\/archivo\/wp-json\/wp\/v2\/categories?post=26192"},{"taxonomy":"post_tag","embeddable":true,"href":"https:\/\/morenoprimero.com.ar\/archivo\/wp-json\/wp\/v2\/tags?post=26192"}],"curies":[{"name":"wp","href":"https:\/\/api.w.org\/{rel}","templated":true}]}}