{"id":26153,"date":"2022-03-28T20:28:54","date_gmt":"2022-03-28T23:28:54","guid":{"rendered":"https:\/\/morenoprimero.com.ar\/?p=26153"},"modified":"2022-03-28T20:29:22","modified_gmt":"2022-03-28T23:29:22","slug":"moreno-talleres-culturales-para-toda-la-comunidad","status":"publish","type":"post","link":"https:\/\/morenoprimero.com.ar\/archivo\/moreno-talleres-culturales-para-toda-la-comunidad\/","title":{"rendered":"Moreno: talleres culturales para toda la comunidad"},"content":{"rendered":"\n<h5 class=\"wp-block-heading\">La Secretar\u00eda de Cultura, Educaci\u00f3n, y Deportes de la municipalidad present\u00f3 una oferta de talleres culturales abiertos al p\u00fablico y para todas las edades. Hay tiempo de inscribirse hasta el 1 de abril.<\/h5>\n\n\n\n<p><br>La subsecretaria de Cultura, Vanina Far\u00edas di\u00e1logo con Moreno Primero y, brind\u00f3 detalles sobre la propuesta: <strong>\u00abAbrimos la inscripci\u00f3n para la cursada de talleres anuales, muchos de estos talleres vienen funcionando hace muchos a\u00f1os dentro de esta secretar\u00eda, durante la pandemia se trabaj\u00f3 desde la virtualidad, pero ahora ya con otro escenario epidemiol\u00f3gico y con todos los protocolos retomamos la presencialidad\u00bb<\/strong>, dijo la subsecretaria. <\/p>\n\n\n\n<p><br><strong>Actualmente los talleres se brindar\u00e1n en la Casa de la Cultura, y las personas interesadas deben inscribirse all\u00ed tambi\u00e9n.<\/strong> La Casa de la Cultura se ubica en Vera 247 y en la Casona de Trujui, Boulogne Sur Mer y Albatros,<strong> de lunes a viernes de 10 a 14hs<\/strong>, pero se est\u00e1 planificando extender la oferta a distintos espacios del territorio.<\/p>\n\n\n\n<p><br>Con mayor\u00eda de docentes de Moreno, <strong>los talleres que se van a brindar son teatro, artes visuales, m\u00fasica, artes pl\u00e1sticas, literatura, danzas y ajedrez.<\/strong><br><strong>\u00abLos talleres son abiertos a la comunidad, no se necesita ning\u00fan conocimiento previo, sino que la idea es que puedan acceder a alg\u00fan lenguaje que le interese experimentar dentro de la propuesta y variedad que ofrecemos\u00bb<\/strong>, concluy\u00f3 Farias.<\/p>\n","protected":false},"excerpt":{"rendered":"<p>La Secretar\u00eda de Cultura, Educaci\u00f3n, y Deportes de la municipalidad present\u00f3 una oferta de talleres culturales abiertos al p\u00fablico y para todas las edades. Hay tiempo de inscribirse hasta el 1 de abril. La subsecretaria de Cultura, Vanina Far\u00edas di\u00e1logo &hellip; <a href=\"https:\/\/morenoprimero.com.ar\/archivo\/moreno-talleres-culturales-para-toda-la-comunidad\/\">Sigue leyendo <span class=\"meta-nav\">&rarr;<\/span><\/a><\/p>\n","protected":false},"author":6,"featured_media":26154,"comment_status":"closed","ping_status":"closed","sticky":false,"template":"","format":"standard","meta":{"footnotes":""},"categories":[2332,3,2328],"tags":[326,6,3812],"class_list":["post-26153","post","type-post","status-publish","format-standard","has-post-thumbnail","hentry","category-cultura","category-importantes","category-local","tag-cultura-2","tag-moreno","tag-vanina-farias-2"],"_links":{"self":[{"href":"https:\/\/morenoprimero.com.ar\/archivo\/wp-json\/wp\/v2\/posts\/26153","targetHints":{"allow":["GET"]}}],"collection":[{"href":"https:\/\/morenoprimero.com.ar\/archivo\/wp-json\/wp\/v2\/posts"}],"about":[{"href":"https:\/\/morenoprimero.com.ar\/archivo\/wp-json\/wp\/v2\/types\/post"}],"author":[{"embeddable":true,"href":"https:\/\/morenoprimero.com.ar\/archivo\/wp-json\/wp\/v2\/users\/6"}],"replies":[{"embeddable":true,"href":"https:\/\/morenoprimero.com.ar\/archivo\/wp-json\/wp\/v2\/comments?post=26153"}],"version-history":[{"count":1,"href":"https:\/\/morenoprimero.com.ar\/archivo\/wp-json\/wp\/v2\/posts\/26153\/revisions"}],"predecessor-version":[{"id":26155,"href":"https:\/\/morenoprimero.com.ar\/archivo\/wp-json\/wp\/v2\/posts\/26153\/revisions\/26155"}],"wp:featuredmedia":[{"embeddable":true,"href":"https:\/\/morenoprimero.com.ar\/archivo\/wp-json\/wp\/v2\/media\/26154"}],"wp:attachment":[{"href":"https:\/\/morenoprimero.com.ar\/archivo\/wp-json\/wp\/v2\/media?parent=26153"}],"wp:term":[{"taxonomy":"category","embeddable":true,"href":"https:\/\/morenoprimero.com.ar\/archivo\/wp-json\/wp\/v2\/categories?post=26153"},{"taxonomy":"post_tag","embeddable":true,"href":"https:\/\/morenoprimero.com.ar\/archivo\/wp-json\/wp\/v2\/tags?post=26153"}],"curies":[{"name":"wp","href":"https:\/\/api.w.org\/{rel}","templated":true}]}}