{"id":26112,"date":"2022-03-25T19:19:18","date_gmt":"2022-03-25T22:19:18","guid":{"rendered":"https:\/\/morenoprimero.com.ar\/?p=26112"},"modified":"2022-03-25T19:28:40","modified_gmt":"2022-03-25T22:28:40","slug":"actividades-culturales-para-el-fin-de-semana-en-moreno","status":"publish","type":"post","link":"https:\/\/morenoprimero.com.ar\/archivo\/actividades-culturales-para-el-fin-de-semana-en-moreno\/","title":{"rendered":"Moreno: Toda la actividad cultural del fin de semana"},"content":{"rendered":"\n<h5 class=\"wp-block-heading\">Luego de una semana atravesada por el aniversario del golpe de estado del 76, donde se realizaron actividades y homenajes de todo tipo, el fin de semana contin\u00faa con una agenda de actividades culturales que no solo invitan al entretenimiento sino a la reflexi\u00f3n, aprendizaje y emoci\u00f3n.<\/h5>\n\n\n\n<p>Las familias morenenses podr\u00e1n disfrutar de dos funciones de <strong>Teatro x La Identidad<\/strong>. Famoso ciclo de teatro que ya cumpli\u00f3 m\u00e1s de 20 a\u00f1os llevando a cada rinc\u00f3n de la Patria historias vinculadas a aquellos a\u00f1os de horror, pero siempre con un mensaje de esperanza y futuro, poniendo el foco en el derecho a la identidad por el que tanto lucharon las <strong>Abuelas de Plaza de Mayo<\/strong>, que adem\u00e1s son parte fundamental de este proyecto. Con la&nbsp; participaci\u00f3n de grandes actores, dramaturgos, y directores. Con entrada libre y gratuita, se realiz\u00f3 la primera funci\u00f3n el mismo 24 de marzo por la noche, y hoy a las 20 hs se realiza la segunda en el<strong> Teatro Marechal.&nbsp;<\/strong><\/p>\n\n\n\n<figure class=\"wp-block-gallery columns-2 is-cropped wp-block-gallery-1 is-layout-flex wp-block-gallery-is-layout-flex\"><ul class=\"blocks-gallery-grid\"><li class=\"blocks-gallery-item\"><figure><a href=\"https:\/\/morenoprimero.com.ar\/wp-content\/uploads\/2022\/03\/WhatsApp_Image_2022-03-25_at_6.14.56_PM-1.jpg\"><img loading=\"lazy\" decoding=\"async\" width=\"1024\" height=\"674\" src=\"https:\/\/morenoprimero.com.ar\/wp-content\/uploads\/2022\/03\/WhatsApp_Image_2022-03-25_at_6.14.56_PM-1-1024x674.jpg\" alt=\"\" data-id=\"26120\" data-full-url=\"https:\/\/morenoprimero.com.ar\/wp-content\/uploads\/2022\/03\/WhatsApp_Image_2022-03-25_at_6.14.56_PM-1.jpg\" data-link=\"https:\/\/morenoprimero.com.ar\/?attachment_id=26120\" class=\"wp-image-26120\" srcset=\"https:\/\/morenoprimero.com.ar\/archivo\/wp-content\/uploads\/2022\/03\/WhatsApp_Image_2022-03-25_at_6.14.56_PM-1-1024x674.jpg 1024w, https:\/\/morenoprimero.com.ar\/archivo\/wp-content\/uploads\/2022\/03\/WhatsApp_Image_2022-03-25_at_6.14.56_PM-1-300x197.jpg 300w, https:\/\/morenoprimero.com.ar\/archivo\/wp-content\/uploads\/2022\/03\/WhatsApp_Image_2022-03-25_at_6.14.56_PM-1-768x505.jpg 768w, https:\/\/morenoprimero.com.ar\/archivo\/wp-content\/uploads\/2022\/03\/WhatsApp_Image_2022-03-25_at_6.14.56_PM-1.jpg 1184w\" sizes=\"auto, (max-width: 1024px) 100vw, 1024px\" \/><\/a><\/figure><\/li><li class=\"blocks-gallery-item\"><figure><a href=\"https:\/\/morenoprimero.com.ar\/wp-content\/uploads\/2022\/03\/WhatsApp_Image_2022-03-25_at_6.14.56_PM.jpg\"><img loading=\"lazy\" decoding=\"async\" width=\"1024\" height=\"684\" src=\"https:\/\/morenoprimero.com.ar\/wp-content\/uploads\/2022\/03\/WhatsApp_Image_2022-03-25_at_6.14.56_PM-1024x684.jpg\" alt=\"\" data-id=\"26116\" data-full-url=\"https:\/\/morenoprimero.com.ar\/wp-content\/uploads\/2022\/03\/WhatsApp_Image_2022-03-25_at_6.14.56_PM.jpg\" data-link=\"https:\/\/morenoprimero.com.ar\/?attachment_id=26116\" class=\"wp-image-26116\" srcset=\"https:\/\/morenoprimero.com.ar\/archivo\/wp-content\/uploads\/2022\/03\/WhatsApp_Image_2022-03-25_at_6.14.56_PM-1024x684.jpg 1024w, https:\/\/morenoprimero.com.ar\/archivo\/wp-content\/uploads\/2022\/03\/WhatsApp_Image_2022-03-25_at_6.14.56_PM-300x200.jpg 300w, https:\/\/morenoprimero.com.ar\/archivo\/wp-content\/uploads\/2022\/03\/WhatsApp_Image_2022-03-25_at_6.14.56_PM-768x513.jpg 768w, https:\/\/morenoprimero.com.ar\/archivo\/wp-content\/uploads\/2022\/03\/WhatsApp_Image_2022-03-25_at_6.14.56_PM.jpg 1280w\" sizes=\"auto, (max-width: 1024px) 100vw, 1024px\" \/><\/a><\/figure><\/li><\/ul><\/figure>\n\n\n\n<p>Otra de las propuestas que surgen desde la secretar\u00eda de cultura, educaci\u00f3n y deportes del municipio de Moreno en articulaci\u00f3n con la <strong>Sociedad Argentina de Escritores<\/strong>, filial Moreno es un encuentro en la casa de la cultura, en el marco del d\u00eda mundial de la poes\u00eda, sobre este evento dialogamos con <strong>Silvina Crespo<\/strong>, Presidenta SADE Filial Moreno y vocal de comisi\u00f3n sade central nacional, que nos coment\u00f3: <strong>\u201cVamos a estar haciendo un encuentro en casa de la cultura, donde van a asistir much\u00edsimos poetas, socios y no socios de la Sade Vamos a estar celebrando el d\u00eda mundial de la poes\u00eda, esta reivindicaci\u00f3n del lenguaje, la preservaci\u00f3n de las lenguas abor\u00edgenes, permanecer y fortalecer en el v\u00ednculo comunicativo lo que significa la poes\u00eda m\u00e1s all\u00e1 de su belleza est\u00e9tica vamos a estar leyendo poetas cl\u00e1sicos, antiguos, y tambi\u00e9n obviamente de producci\u00f3n actual contempor\u00e1nea de los propios autores, y autoras\u00bb,<\/strong> la actividad va a tener tambi\u00e9n&nbsp; artes pl\u00e1sticas, m\u00fasica y danza de la mano de artistas morenenses como Rosa Heine, y Carlos Sanabria y Mart\u00edn Rodr\u00edguez<strong> \u00abel zorba\u00bb<\/strong> bailando con blanca Irma Camargo.&nbsp;<\/p>\n\n\n\n<figure class=\"wp-block-gallery columns-3 is-cropped wp-block-gallery-2 is-layout-flex wp-block-gallery-is-layout-flex\"><ul class=\"blocks-gallery-grid\"><li class=\"blocks-gallery-item\"><figure><a href=\"https:\/\/morenoprimero.com.ar\/wp-content\/uploads\/2022\/03\/WhatsApp_Image_2022-03-25_at_6.19.22_PM.jpg\"><img loading=\"lazy\" decoding=\"async\" width=\"720\" height=\"333\" src=\"https:\/\/morenoprimero.com.ar\/wp-content\/uploads\/2022\/03\/WhatsApp_Image_2022-03-25_at_6.19.22_PM.jpg\" alt=\"\" data-id=\"26113\" data-full-url=\"https:\/\/morenoprimero.com.ar\/wp-content\/uploads\/2022\/03\/WhatsApp_Image_2022-03-25_at_6.19.22_PM.jpg\" data-link=\"https:\/\/morenoprimero.com.ar\/?attachment_id=26113\" class=\"wp-image-26113\" srcset=\"https:\/\/morenoprimero.com.ar\/archivo\/wp-content\/uploads\/2022\/03\/WhatsApp_Image_2022-03-25_at_6.19.22_PM.jpg 720w, https:\/\/morenoprimero.com.ar\/archivo\/wp-content\/uploads\/2022\/03\/WhatsApp_Image_2022-03-25_at_6.19.22_PM-300x139.jpg 300w\" sizes=\"auto, (max-width: 720px) 100vw, 720px\" \/><\/a><\/figure><\/li><li class=\"blocks-gallery-item\"><figure><a href=\"https:\/\/morenoprimero.com.ar\/wp-content\/uploads\/2022\/03\/WhatsApp_Image_2022-03-25_at_6.14.57_PM.jpg\"><img loading=\"lazy\" decoding=\"async\" width=\"1024\" height=\"482\" src=\"https:\/\/morenoprimero.com.ar\/wp-content\/uploads\/2022\/03\/WhatsApp_Image_2022-03-25_at_6.14.57_PM-1024x482.jpg\" alt=\"\" data-id=\"26115\" data-full-url=\"https:\/\/morenoprimero.com.ar\/wp-content\/uploads\/2022\/03\/WhatsApp_Image_2022-03-25_at_6.14.57_PM.jpg\" data-link=\"https:\/\/morenoprimero.com.ar\/?attachment_id=26115\" class=\"wp-image-26115\" srcset=\"https:\/\/morenoprimero.com.ar\/archivo\/wp-content\/uploads\/2022\/03\/WhatsApp_Image_2022-03-25_at_6.14.57_PM-1024x482.jpg 1024w, https:\/\/morenoprimero.com.ar\/archivo\/wp-content\/uploads\/2022\/03\/WhatsApp_Image_2022-03-25_at_6.14.57_PM-300x141.jpg 300w, https:\/\/morenoprimero.com.ar\/archivo\/wp-content\/uploads\/2022\/03\/WhatsApp_Image_2022-03-25_at_6.14.57_PM-768x362.jpg 768w, https:\/\/morenoprimero.com.ar\/archivo\/wp-content\/uploads\/2022\/03\/WhatsApp_Image_2022-03-25_at_6.14.57_PM.jpg 1213w\" sizes=\"auto, (max-width: 1024px) 100vw, 1024px\" \/><\/a><\/figure><\/li><li class=\"blocks-gallery-item\"><figure><a href=\"https:\/\/morenoprimero.com.ar\/wp-content\/uploads\/2022\/03\/WhatsApp_Image_2022-03-25_at_6.14.54_PM.jpg\"><img loading=\"lazy\" decoding=\"async\" width=\"1024\" height=\"490\" src=\"https:\/\/morenoprimero.com.ar\/wp-content\/uploads\/2022\/03\/WhatsApp_Image_2022-03-25_at_6.14.54_PM-1024x490.jpg\" alt=\"\" data-id=\"26117\" data-full-url=\"https:\/\/morenoprimero.com.ar\/wp-content\/uploads\/2022\/03\/WhatsApp_Image_2022-03-25_at_6.14.54_PM.jpg\" data-link=\"https:\/\/morenoprimero.com.ar\/?attachment_id=26117\" class=\"wp-image-26117\" srcset=\"https:\/\/morenoprimero.com.ar\/archivo\/wp-content\/uploads\/2022\/03\/WhatsApp_Image_2022-03-25_at_6.14.54_PM-1024x490.jpg 1024w, https:\/\/morenoprimero.com.ar\/archivo\/wp-content\/uploads\/2022\/03\/WhatsApp_Image_2022-03-25_at_6.14.54_PM-300x144.jpg 300w, https:\/\/morenoprimero.com.ar\/archivo\/wp-content\/uploads\/2022\/03\/WhatsApp_Image_2022-03-25_at_6.14.54_PM-768x367.jpg 768w, https:\/\/morenoprimero.com.ar\/archivo\/wp-content\/uploads\/2022\/03\/WhatsApp_Image_2022-03-25_at_6.14.54_PM.jpg 1185w\" sizes=\"auto, (max-width: 1024px) 100vw, 1024px\" \/><\/a><\/figure><\/li><\/ul><\/figure>\n\n\n\n<p>Por \u00faltimo, y como cada s\u00e1bado se realiza una nueva edici\u00f3n&nbsp; de<strong> La Plaza Rockea<\/strong>, en Plaza San Mart\u00edn a las 19hs, como parte de un proyecto de la Secretar\u00eda de cultura, educaci\u00f3n y deportes&nbsp; para acercar a todos y todas las bandas locales y difundir la cultura morenense.&nbsp;<\/p>\n\n\n\n<p>Las bandas de rock locales de esta manera, se pueden expresar y difundir hacia todo el mundo su obra, adem\u00e1s de generar espacios para que la comunidad de Moreno se re\u00fana.&nbsp;<\/p>\n\n\n\n<p>Este s\u00e1bado se presentan La revoluci\u00f3n de los duendes,Tricomas, y Los ojos de G\u00e9nero.<\/p>\n","protected":false},"excerpt":{"rendered":"<p>Luego de una semana atravesada por el aniversario del golpe de estado del 76, donde se realizaron actividades y homenajes de todo tipo, el fin de semana contin\u00faa con una agenda de actividades culturales que no solo invitan al entretenimiento &hellip; <a href=\"https:\/\/morenoprimero.com.ar\/archivo\/actividades-culturales-para-el-fin-de-semana-en-moreno\/\">Sigue leyendo <span class=\"meta-nav\">&rarr;<\/span><\/a><\/p>\n","protected":false},"author":6,"featured_media":26114,"comment_status":"closed","ping_status":"closed","sticky":false,"template":"","format":"standard","meta":{"footnotes":""},"categories":[2,2328],"tags":[334,326,6,153],"class_list":["post-26112","post","type-post","status-publish","format-standard","has-post-thumbnail","hentry","category-destacadas","category-local","tag-agenda-cultural","tag-cultura-2","tag-moreno","tag-teatro-leopoldo-marechal"],"_links":{"self":[{"href":"https:\/\/morenoprimero.com.ar\/archivo\/wp-json\/wp\/v2\/posts\/26112","targetHints":{"allow":["GET"]}}],"collection":[{"href":"https:\/\/morenoprimero.com.ar\/archivo\/wp-json\/wp\/v2\/posts"}],"about":[{"href":"https:\/\/morenoprimero.com.ar\/archivo\/wp-json\/wp\/v2\/types\/post"}],"author":[{"embeddable":true,"href":"https:\/\/morenoprimero.com.ar\/archivo\/wp-json\/wp\/v2\/users\/6"}],"replies":[{"embeddable":true,"href":"https:\/\/morenoprimero.com.ar\/archivo\/wp-json\/wp\/v2\/comments?post=26112"}],"version-history":[{"count":5,"href":"https:\/\/morenoprimero.com.ar\/archivo\/wp-json\/wp\/v2\/posts\/26112\/revisions"}],"predecessor-version":[{"id":26123,"href":"https:\/\/morenoprimero.com.ar\/archivo\/wp-json\/wp\/v2\/posts\/26112\/revisions\/26123"}],"wp:featuredmedia":[{"embeddable":true,"href":"https:\/\/morenoprimero.com.ar\/archivo\/wp-json\/wp\/v2\/media\/26114"}],"wp:attachment":[{"href":"https:\/\/morenoprimero.com.ar\/archivo\/wp-json\/wp\/v2\/media?parent=26112"}],"wp:term":[{"taxonomy":"category","embeddable":true,"href":"https:\/\/morenoprimero.com.ar\/archivo\/wp-json\/wp\/v2\/categories?post=26112"},{"taxonomy":"post_tag","embeddable":true,"href":"https:\/\/morenoprimero.com.ar\/archivo\/wp-json\/wp\/v2\/tags?post=26112"}],"curies":[{"name":"wp","href":"https:\/\/api.w.org\/{rel}","templated":true}]}}