{"id":26107,"date":"2022-03-25T18:43:28","date_gmt":"2022-03-25T21:43:28","guid":{"rendered":"https:\/\/morenoprimero.com.ar\/?p=26107"},"modified":"2022-03-25T18:43:29","modified_gmt":"2022-03-25T21:43:29","slug":"mariel-fernandez-y-cristina-alvarez-rodriguez-entregaron-actas-de-nacimiento-en-moreno","status":"publish","type":"post","link":"https:\/\/morenoprimero.com.ar\/archivo\/mariel-fernandez-y-cristina-alvarez-rodriguez-entregaron-actas-de-nacimiento-en-moreno\/","title":{"rendered":"Mariel Fern\u00e1ndez y Cristina \u00c1lvarez Rodr\u00edguez entregaron actas de nacimiento en Moreno"},"content":{"rendered":"\n<h5 class=\"wp-block-heading\">Las partidas pertenecen a siete personas adultas que realizaron la inscripci\u00f3n tard\u00eda y podr\u00e1n acceder por primera vez a su DNI<\/h5>\n\n\n\n<p>En el municipio de Moreno, la ministra de Gobierno, Cristina \u00c1lvarez Rodr\u00edguez; la intendenta local, Mariel Fern\u00e1ndez; y el director del Registro Provincial de las Personas, Mariano R\u00edos Ordo\u00f1ez, hicieron entrega de partidas de nacimiento tramitadas en el marco del programa Mi Identidad Mi Derecho.<\/p>\n\n\n\n<p>Las actas de nacimiento resultaron de la inscripci\u00f3n tard\u00eda de siete personas de entre 23 y 28 a\u00f1os que a partir de este programa tendr\u00e1n por primera vez su DNI,<strong> lo que les posibilitar\u00e1 acceder a un trabajo registrado y realizar diferentes tr\u00e1mites en ANSES, entre otros beneficios.<\/strong><\/p>\n\n\n\n<figure class=\"wp-block-gallery columns-2 is-cropped wp-block-gallery-1 is-layout-flex wp-block-gallery-is-layout-flex\"><ul class=\"blocks-gallery-grid\"><li class=\"blocks-gallery-item\"><figure><a href=\"https:\/\/morenoprimero.com.ar\/wp-content\/uploads\/2022\/03\/WhatsApp_Image_2022-03-25_at_2.16.06_PM.jpg\"><img loading=\"lazy\" decoding=\"async\" width=\"1024\" height=\"682\" src=\"https:\/\/morenoprimero.com.ar\/wp-content\/uploads\/2022\/03\/WhatsApp_Image_2022-03-25_at_2.16.06_PM.jpg\" alt=\"\" data-id=\"26110\" data-full-url=\"https:\/\/morenoprimero.com.ar\/wp-content\/uploads\/2022\/03\/WhatsApp_Image_2022-03-25_at_2.16.06_PM.jpg\" data-link=\"https:\/\/morenoprimero.com.ar\/?attachment_id=26110\" class=\"wp-image-26110\" srcset=\"https:\/\/morenoprimero.com.ar\/archivo\/wp-content\/uploads\/2022\/03\/WhatsApp_Image_2022-03-25_at_2.16.06_PM.jpg 1024w, https:\/\/morenoprimero.com.ar\/archivo\/wp-content\/uploads\/2022\/03\/WhatsApp_Image_2022-03-25_at_2.16.06_PM-300x200.jpg 300w, https:\/\/morenoprimero.com.ar\/archivo\/wp-content\/uploads\/2022\/03\/WhatsApp_Image_2022-03-25_at_2.16.06_PM-768x512.jpg 768w\" sizes=\"auto, (max-width: 1024px) 100vw, 1024px\" \/><\/a><\/figure><\/li><li class=\"blocks-gallery-item\"><figure><a href=\"https:\/\/morenoprimero.com.ar\/wp-content\/uploads\/2022\/03\/WhatsApp_Image_2022-03-25_at_2.16.07_PM.jpg\"><img loading=\"lazy\" decoding=\"async\" width=\"1024\" height=\"682\" src=\"https:\/\/morenoprimero.com.ar\/wp-content\/uploads\/2022\/03\/WhatsApp_Image_2022-03-25_at_2.16.07_PM.jpg\" alt=\"\" data-id=\"26109\" data-full-url=\"https:\/\/morenoprimero.com.ar\/wp-content\/uploads\/2022\/03\/WhatsApp_Image_2022-03-25_at_2.16.07_PM.jpg\" data-link=\"https:\/\/morenoprimero.com.ar\/?attachment_id=26109\" class=\"wp-image-26109\" srcset=\"https:\/\/morenoprimero.com.ar\/archivo\/wp-content\/uploads\/2022\/03\/WhatsApp_Image_2022-03-25_at_2.16.07_PM.jpg 1024w, https:\/\/morenoprimero.com.ar\/archivo\/wp-content\/uploads\/2022\/03\/WhatsApp_Image_2022-03-25_at_2.16.07_PM-300x200.jpg 300w, https:\/\/morenoprimero.com.ar\/archivo\/wp-content\/uploads\/2022\/03\/WhatsApp_Image_2022-03-25_at_2.16.07_PM-768x512.jpg 768w\" sizes=\"auto, (max-width: 1024px) 100vw, 1024px\" \/><\/a><\/figure><\/li><\/ul><\/figure>\n\n\n\n<p>Al respecto, la ministra expres\u00f3 que<strong> \u201cdesde el Registro estamos impulsando distintos operativos para agilizar los tr\u00e1mites como la entrega de actas. Nuestro principal objetivo es lograr que cada bonaerense tenga la documentaci\u00f3n necesaria para garantizar su derecho a la identidad\u201d.<\/strong><\/p>\n\n\n\n<p><strong>\u201cSiempre es un placer recibir a la compa\u00f1era y ministra Cristina \u00c1lvarez Rodr\u00edguez\u201d<\/strong>, indic\u00f3 por su parte la intendenta Mariel Fern\u00e1ndez, al tiempo que remarc\u00f3: <strong>\u201cNos da mucha alegr\u00eda poder resolver estas situaciones porque garantizamos el derecho a la identidad y esto permite acceder a otros derechos fundamentales como el acceso a la salud, la educaci\u00f3n y el trabajo\u201d.<\/strong><\/p>\n\n\n\n<p>Adem\u00e1s, las autoridades repasaron el estado de las obras de refacci\u00f3n de la Delegaci\u00f3n Cuartel V del Registro en Moreno, que se realizan en el marco del plan 6&#215;6 de reconstrucci\u00f3n y transformaci\u00f3n provincial impulsado por el gobernador Axel Kicillof. Cabe destacar que la delegaci\u00f3n hab\u00eda sido cerrada durante el gobierno anterior y su inminente reapertura mejorar\u00e1 la atenci\u00f3n para los vecinos y las vecinas de la regi\u00f3n.<\/p>\n\n\n\n<p><strong>\u201cTenemos un Estado presente en Moreno, como dijo Mariel, trabajamos de manera articulada con el municipio para mejorar la calidad de vida de las personas. Nuestro compromiso es con cada una y cada uno de los 17 millones de bonaerenses que se esfuerzan d\u00eda a d\u00eda por salir adelante\u201d<\/strong>, manifest\u00f3 \u00c1lvarez Rodr\u00edguez.<\/p>\n\n\n\n<p>De las actividades participaron tambi\u00e9n el jefe de Gabinete del ministerio de Gobierno, Omar Furl\u00e1n; el secretario de Justicia y Derechos Humanos de Moreno, Nahuel Berguier; y el subsecretario de Acceso a la Justicia municipal, Ismael Castro.<\/p>\n","protected":false},"excerpt":{"rendered":"<p>Las partidas pertenecen a siete personas adultas que realizaron la inscripci\u00f3n tard\u00eda y podr\u00e1n acceder por primera vez a su DNI En el municipio de Moreno, la ministra de Gobierno, Cristina \u00c1lvarez Rodr\u00edguez; la intendenta local, Mariel Fern\u00e1ndez; y el &hellip; <a href=\"https:\/\/morenoprimero.com.ar\/archivo\/mariel-fernandez-y-cristina-alvarez-rodriguez-entregaron-actas-de-nacimiento-en-moreno\/\">Sigue leyendo <span class=\"meta-nav\">&rarr;<\/span><\/a><\/p>\n","protected":false},"author":6,"featured_media":26108,"comment_status":"closed","ping_status":"closed","sticky":false,"template":"","format":"standard","meta":{"footnotes":""},"categories":[2,2328],"tags":[36,3808,276,6],"class_list":["post-26107","post","type-post","status-publish","format-standard","has-post-thumbnail","hentry","category-destacadas","category-local","tag-anses","tag-mariano-rios-ordonez","tag-mariel-fernandez","tag-moreno"],"_links":{"self":[{"href":"https:\/\/morenoprimero.com.ar\/archivo\/wp-json\/wp\/v2\/posts\/26107","targetHints":{"allow":["GET"]}}],"collection":[{"href":"https:\/\/morenoprimero.com.ar\/archivo\/wp-json\/wp\/v2\/posts"}],"about":[{"href":"https:\/\/morenoprimero.com.ar\/archivo\/wp-json\/wp\/v2\/types\/post"}],"author":[{"embeddable":true,"href":"https:\/\/morenoprimero.com.ar\/archivo\/wp-json\/wp\/v2\/users\/6"}],"replies":[{"embeddable":true,"href":"https:\/\/morenoprimero.com.ar\/archivo\/wp-json\/wp\/v2\/comments?post=26107"}],"version-history":[{"count":1,"href":"https:\/\/morenoprimero.com.ar\/archivo\/wp-json\/wp\/v2\/posts\/26107\/revisions"}],"predecessor-version":[{"id":26111,"href":"https:\/\/morenoprimero.com.ar\/archivo\/wp-json\/wp\/v2\/posts\/26107\/revisions\/26111"}],"wp:featuredmedia":[{"embeddable":true,"href":"https:\/\/morenoprimero.com.ar\/archivo\/wp-json\/wp\/v2\/media\/26108"}],"wp:attachment":[{"href":"https:\/\/morenoprimero.com.ar\/archivo\/wp-json\/wp\/v2\/media?parent=26107"}],"wp:term":[{"taxonomy":"category","embeddable":true,"href":"https:\/\/morenoprimero.com.ar\/archivo\/wp-json\/wp\/v2\/categories?post=26107"},{"taxonomy":"post_tag","embeddable":true,"href":"https:\/\/morenoprimero.com.ar\/archivo\/wp-json\/wp\/v2\/tags?post=26107"}],"curies":[{"name":"wp","href":"https:\/\/api.w.org\/{rel}","templated":true}]}}