{"id":2610,"date":"2020-09-15T14:44:42","date_gmt":"2020-09-15T14:44:42","guid":{"rendered":"https:\/\/morenoprimero.com.ar\/?p=2610"},"modified":"2020-09-15T14:44:42","modified_gmt":"2020-09-15T14:44:42","slug":"orgullo-morenense-la-pelicula-corralon-entre-las-mas-vistas-en-agosto","status":"publish","type":"post","link":"https:\/\/morenoprimero.com.ar\/archivo\/orgullo-morenense-la-pelicula-corralon-entre-las-mas-vistas-en-agosto\/","title":{"rendered":"ORGULLO MORENENSE: LA PEL\u00cdCULA \u00abCORRAL\u00d3N\u00bb ENTRE LAS M\u00c1S VISTAS EN AGOSTO"},"content":{"rendered":"\n<h4 class=\"wp-block-heading\"> \u00abCorral\u00f3n\u00bb es una pel\u00edcula de los hermanos morenenses Pabo y Eduardo Pinto, filmada \u00edntegramente en Moreno.<\/h4>\n\n\n\n<p>\u00a0 \u00a0 Luciano C\u00e1ceres, Pablo pinto (co-director), Joaqu\u00edn\u00a0Berthold, Brenda Gandini, Carlos\u00a0Portaluppi, se encuentran entre los principales actores y actrices de renombre que participan y protagonizan el largometraje.\u00a0<\/p>\n\n\n\n<p>&nbsp; &nbsp; Lanzado en noviembre del 2017 tuvo un gran \u00e9xito. Ya en 2018 fue premiada como la mejor pel\u00edcula de la Competencia de Largometrajes Nacional en el Festival de cine de Santiago del Estero.&nbsp;<\/p>\n\n\n\n<p>&nbsp; &nbsp; La pel\u00edcula, grabada en blanco y negro, cuenta la historia de dos empleados de un corral\u00f3n que comparten una amistad muy grande. Tras un altercado con un cliente, toman decisiones para nada agradables.&nbsp;&nbsp;<\/p>\n\n\n\n<p>&nbsp; Bajo la direcci\u00f3n de los hermanos&nbsp;morenenses, Pablo y Eduardo Pinto, el largometraje fue filmado \u00edntegramente en Moreno y en blanco y negro.<\/p>\n\n\n\n<p>&nbsp;<\/p>\n\n\n\n<figure class=\"wp-block-image size-large\"><img loading=\"lazy\" decoding=\"async\" width=\"720\" height=\"404\" src=\"https:\/\/morenoprimero.com.ar\/wp-content\/uploads\/2020\/09\/Eduardo-pinto-director-de-cine.jpg\" alt=\"\" class=\"wp-image-2612\" srcset=\"https:\/\/morenoprimero.com.ar\/archivo\/wp-content\/uploads\/2020\/09\/Eduardo-pinto-director-de-cine.jpg 720w, https:\/\/morenoprimero.com.ar\/archivo\/wp-content\/uploads\/2020\/09\/Eduardo-pinto-director-de-cine-300x168.jpg 300w\" sizes=\"auto, (max-width: 720px) 100vw, 720px\" \/><\/figure>\n\n\n\n<p>&nbsp; La pel\u00edcula fue escalando \u00e9xitos hasta su llegada a la plataforma de Cine Ar Play. All\u00ed se en una de las pel\u00edculas m\u00e1s vistas durante la pandemia, hasta llegar a ser la n\u00famero 1 en el mes de agosto, durante dos semanas.&nbsp;<\/p>\n","protected":false},"excerpt":{"rendered":"<p>\u00abCorral\u00f3n\u00bb es una pel\u00edcula de los hermanos morenenses Pabo y Eduardo Pinto, filmada \u00edntegramente en Moreno. \u00a0 \u00a0 Luciano C\u00e1ceres, Pablo pinto (co-director), Joaqu\u00edn\u00a0Berthold, Brenda Gandini, Carlos\u00a0Portaluppi, se encuentran entre los principales actores y actrices de renombre que participan y &hellip; <a href=\"https:\/\/morenoprimero.com.ar\/archivo\/orgullo-morenense-la-pelicula-corralon-entre-las-mas-vistas-en-agosto\/\">Sigue leyendo <span class=\"meta-nav\">&rarr;<\/span><\/a><\/p>\n","protected":false},"author":6,"featured_media":2619,"comment_status":"open","ping_status":"open","sticky":false,"template":"","format":"standard","meta":{"footnotes":""},"categories":[5,20],"tags":[688,689,690],"class_list":["post-2610","post","type-post","status-publish","format-standard","has-post-thumbnail","hentry","category-recomendadas","category-sociedad","tag-cine-ar-play","tag-eduardo-pinto","tag-pelicula"],"_links":{"self":[{"href":"https:\/\/morenoprimero.com.ar\/archivo\/wp-json\/wp\/v2\/posts\/2610","targetHints":{"allow":["GET"]}}],"collection":[{"href":"https:\/\/morenoprimero.com.ar\/archivo\/wp-json\/wp\/v2\/posts"}],"about":[{"href":"https:\/\/morenoprimero.com.ar\/archivo\/wp-json\/wp\/v2\/types\/post"}],"author":[{"embeddable":true,"href":"https:\/\/morenoprimero.com.ar\/archivo\/wp-json\/wp\/v2\/users\/6"}],"replies":[{"embeddable":true,"href":"https:\/\/morenoprimero.com.ar\/archivo\/wp-json\/wp\/v2\/comments?post=2610"}],"version-history":[{"count":2,"href":"https:\/\/morenoprimero.com.ar\/archivo\/wp-json\/wp\/v2\/posts\/2610\/revisions"}],"predecessor-version":[{"id":2638,"href":"https:\/\/morenoprimero.com.ar\/archivo\/wp-json\/wp\/v2\/posts\/2610\/revisions\/2638"}],"wp:featuredmedia":[{"embeddable":true,"href":"https:\/\/morenoprimero.com.ar\/archivo\/wp-json\/wp\/v2\/media\/2619"}],"wp:attachment":[{"href":"https:\/\/morenoprimero.com.ar\/archivo\/wp-json\/wp\/v2\/media?parent=2610"}],"wp:term":[{"taxonomy":"category","embeddable":true,"href":"https:\/\/morenoprimero.com.ar\/archivo\/wp-json\/wp\/v2\/categories?post=2610"},{"taxonomy":"post_tag","embeddable":true,"href":"https:\/\/morenoprimero.com.ar\/archivo\/wp-json\/wp\/v2\/tags?post=2610"}],"curies":[{"name":"wp","href":"https:\/\/api.w.org\/{rel}","templated":true}]}}