{"id":2609,"date":"2020-09-16T16:56:46","date_gmt":"2020-09-16T16:56:46","guid":{"rendered":"https:\/\/morenoprimero.com.ar\/?p=2609"},"modified":"2020-09-16T16:56:47","modified_gmt":"2020-09-16T16:56:47","slug":"la-ocupacion-de-camas-del-hospital-de-moreno-es-del-55","status":"publish","type":"post","link":"https:\/\/morenoprimero.com.ar\/archivo\/la-ocupacion-de-camas-del-hospital-de-moreno-es-del-55\/","title":{"rendered":"LA OCUPACI\u00d3N DE CAMAS DEL HOSPITAL DE MORENO ES DEL 55%"},"content":{"rendered":"\n<h4 class=\"wp-block-heading\"><strong>El parte semanal sobre coronavirus de Moreno informa que ha bajado la ocupaci\u00f3n de camas en la Unidad de Terapia Intensiva del Hospital.<\/strong><\/h4>\n\n\n\n<figure class=\"wp-block-image size-large is-resized\"><img loading=\"lazy\" decoding=\"async\" src=\"https:\/\/morenoprimero.com.ar\/wp-content\/uploads\/2020\/09\/WhatsApp-Image-2020-09-15-at-10.22.52-1.jpeg\" alt=\"\" class=\"wp-image-2616\" width=\"572\" height=\"294\" srcset=\"https:\/\/morenoprimero.com.ar\/archivo\/wp-content\/uploads\/2020\/09\/WhatsApp-Image-2020-09-15-at-10.22.52-1.jpeg 480w, https:\/\/morenoprimero.com.ar\/archivo\/wp-content\/uploads\/2020\/09\/WhatsApp-Image-2020-09-15-at-10.22.52-1-300x154.jpeg 300w\" sizes=\"auto, (max-width: 572px) 100vw, 572px\" \/><\/figure>\n\n\n\n<p>La situaci\u00f3n epidemiol\u00f3gica correspondiente a la semana 37 (del 7 al 13 de septiembre) muestra que la UTI (Unidad de Terapia Intensiva) se encuentra con m\u00e1s camas liberadas a comparaci\u00f3n del parte sobre coronavirus de la semana 36. Es decir, teniendo un total de 15 camas, <strong>4 se encuentran libres<\/strong> y 11 ocupadas, a diferencia de la semana 36 donde s\u00f3lo hab\u00edan dos camas libres.<\/p>\n\n\n\n<p>Por otro lado tambi\u00e9n se puede observar que la sala COVID en total tiene 21 camas y por el momento <strong>s\u00f3lo tiene 3 ocupadas<\/strong> teniendo un 18.8%  de sus camas ocupadas.<\/p>\n","protected":false},"excerpt":{"rendered":"<p>El parte semanal sobre coronavirus de Moreno informa que ha bajado la ocupaci\u00f3n de camas en la Unidad de Terapia Intensiva del Hospital. La situaci\u00f3n epidemiol\u00f3gica correspondiente a la semana 37 (del 7 al 13 de septiembre) muestra que la &hellip; <a href=\"https:\/\/morenoprimero.com.ar\/archivo\/la-ocupacion-de-camas-del-hospital-de-moreno-es-del-55\/\">Sigue leyendo <span class=\"meta-nav\">&rarr;<\/span><\/a><\/p>\n","protected":false},"author":6,"featured_media":2367,"comment_status":"open","ping_status":"open","sticky":false,"template":"","format":"standard","meta":{"footnotes":""},"categories":[5,536],"tags":[139,6,598],"class_list":["post-2609","post","type-post","status-publish","format-standard","has-post-thumbnail","hentry","category-recomendadas","category-salud","tag-hospital-mariano-y-luciano-de-la-vega","tag-moreno","tag-parte-semanal-por-coronavirus"],"_links":{"self":[{"href":"https:\/\/morenoprimero.com.ar\/archivo\/wp-json\/wp\/v2\/posts\/2609","targetHints":{"allow":["GET"]}}],"collection":[{"href":"https:\/\/morenoprimero.com.ar\/archivo\/wp-json\/wp\/v2\/posts"}],"about":[{"href":"https:\/\/morenoprimero.com.ar\/archivo\/wp-json\/wp\/v2\/types\/post"}],"author":[{"embeddable":true,"href":"https:\/\/morenoprimero.com.ar\/archivo\/wp-json\/wp\/v2\/users\/6"}],"replies":[{"embeddable":true,"href":"https:\/\/morenoprimero.com.ar\/archivo\/wp-json\/wp\/v2\/comments?post=2609"}],"version-history":[{"count":2,"href":"https:\/\/morenoprimero.com.ar\/archivo\/wp-json\/wp\/v2\/posts\/2609\/revisions"}],"predecessor-version":[{"id":2622,"href":"https:\/\/morenoprimero.com.ar\/archivo\/wp-json\/wp\/v2\/posts\/2609\/revisions\/2622"}],"wp:featuredmedia":[{"embeddable":true,"href":"https:\/\/morenoprimero.com.ar\/archivo\/wp-json\/wp\/v2\/media\/2367"}],"wp:attachment":[{"href":"https:\/\/morenoprimero.com.ar\/archivo\/wp-json\/wp\/v2\/media?parent=2609"}],"wp:term":[{"taxonomy":"category","embeddable":true,"href":"https:\/\/morenoprimero.com.ar\/archivo\/wp-json\/wp\/v2\/categories?post=2609"},{"taxonomy":"post_tag","embeddable":true,"href":"https:\/\/morenoprimero.com.ar\/archivo\/wp-json\/wp\/v2\/tags?post=2609"}],"curies":[{"name":"wp","href":"https:\/\/api.w.org\/{rel}","templated":true}]}}