{"id":26058,"date":"2022-03-28T12:16:44","date_gmt":"2022-03-28T15:16:44","guid":{"rendered":"https:\/\/morenoprimero.com.ar\/?p=26058"},"modified":"2022-03-28T12:16:44","modified_gmt":"2022-03-28T15:16:44","slug":"jovenes-de-moreno-organizaron-una-actividad-por-el-dia-nacional-de-la-memoria-por-la-verdad-y-la-justicia","status":"publish","type":"post","link":"https:\/\/morenoprimero.com.ar\/archivo\/jovenes-de-moreno-organizaron-una-actividad-por-el-dia-nacional-de-la-memoria-por-la-verdad-y-la-justicia\/","title":{"rendered":"J\u00f3venes de Moreno organizaron una actividad por el D\u00eda Nacional de la Memoria por la Verdad y la Justicia"},"content":{"rendered":"\n<p>Desde los diversos espacios de las juventudes de Moreno se realiz\u00f3 una actividad en la plaza San Mart\u00edn donde se descubri\u00f3 la obra del artista morenense Daniel \u201cToluca\u201d Farias en homenaje a los 30 000 mil detenidos y desaparecidos por la \u00faltima dictadura c\u00edvico militar. Estuvieron presentes la intendenta Mariel Fern\u00e1ndez y el secretario de Derechos Humanos de la Naci\u00f3n, Horacio Pietragalla Corti.<\/p>\n\n\n\n<p>Los motivos del encuentro fueron relatados por la directora de Juventudes de Moreno, Diana Villaruel. \u201cSe cumplen 46 a\u00f1os del golpe de Estado que impuso a la dictadura m\u00e1s sangrienta de nuestro pa\u00eds, donde fueron detenidos y desaparecidos 30000 compa\u00f1eros que luchaban por los mimos sue\u00f1os colectivos que hoy son el motivo por el cual elegimos nuestra unidad de las juventudes\u201d expres\u00f3 la directora, y agrego \u201ces importante poder reivindicar y recordar en este d\u00eda y cada d\u00eda, con nuestra militancia, en los barrios, con los pibes y las pibas, levantando esa bandera de lucha por una patria justa, libre y soberana. En este d\u00eda, y cada d\u00eda, decimos nunca m\u00e1s.\u201d&nbsp;<\/p>\n\n\n\n<div class=\"wp-block-image\"><figure class=\"aligncenter\"><img decoding=\"async\" src=\"https:\/\/scontent.fepa1-1.fna.fbcdn.net\/v\/t39.30808-6\/277298385_522546502568641_1575247825129117248_n.jpg?_nc_cat=109&amp;ccb=1-5&amp;_nc_sid=730e14&amp;_nc_eui2=AeFc9OKSE_x3v2wlUeFjFnx9Tim3a69WvBBOKbdrr1a8EBa1u_5j3QviYjufyO4OZMY&amp;_nc_ohc=LEsItXLhtLwAX_eQdkQ&amp;_nc_ht=scontent.fepa1-1.fna&amp;oh=00_AT_3Y9RMfhVKX0o4L3zbeu6qCNzpbPaANlBpSmNTSDuBjw&amp;oe=62430924\" alt=\"Puede ser una imagen de 12 personas, personas de pie y al aire libre\"\/><\/figure><\/div>\n\n\n\n<p><strong>\u201cUna historia de lucha, pero principalmente de amor\u201d<\/strong>&nbsp;<\/p>\n\n\n\n<p>La intendenta Mariel Fern\u00e1ndez estuvo en el escenario y felicit\u00f3 \u201ca toda la juventud que se puso al hombro esta actividad, con esa escultura hermosa que nos hizo Toluca\u201d como as\u00ed tambi\u00e9n&nbsp;\u201cal compa\u00f1ero Horacio (Pietragalla) por acompa\u00f1arme, con quien ya hemos hecho otras actividades en Moreno y ser\u00e1n muchas m\u00e1s\u201d. Tambi\u00e9n agradeci\u00f3 \u201ca todos los familiares de desaparecidos, que hoy tuvimos una reuni\u00f3n en el sal\u00f3n latinoamericano, y a Horacio tambi\u00e9n, como familiar.\u201d&nbsp;<\/p>\n\n\n\n<p>Fern\u00e1ndez resalt\u00f3 la importancia de \u201crecordar siempre por qu\u00e9 luchaban nuestros compa\u00f1eros y compa\u00f1eras\u201d. Explic\u00f3 que \u201cla Argentina tiene una historia muy fuerte de lucha, con la fuerza que nos dio el peronismo, aunque hay familiares de militantes que no eran todos peronistas, pero si era del movimiento obrero de una Argentina donde hab\u00eda mucho trabajo y, por tanto, mucha distribuci\u00f3n de la riqueza\u201d. As\u00ed, apunt\u00f3 contra la dictadura militar, quienes dieron un \u201cgolpe econ\u00f3mico principalmente, para terminar con ese reparto \u201c50-50\u201d, porque quer\u00edan mucha m\u00e1s concentraci\u00f3n de la riqueza y se aliaron con intereses y capitales extranjeros\u201d.&nbsp;<\/p>\n\n\n\n<p>Sin embargo, se\u00f1al\u00f3, \u201cse encontraron con una Argentina con un movimiento fuerte,&nbsp;donde hab\u00eda persecuci\u00f3n al&nbsp;general Per\u00f3n -como en el golpe del 55- y hostigamiento al movimiento obrero, pero estaba organizado, resist\u00eda en la f\u00e1brica, eso no era f\u00e1cil. Por eso la dictadura militar en Argentina fue una de las m\u00e1s sangrientas de Latinoam\u00e9rica y el mundo, con la desaparici\u00f3n sistem\u00e1tica de personas.\u201d&nbsp;<\/p>\n\n\n\n<p>Luego de reivindicar que \u201cnuestros compa\u00f1eros y compa\u00f1eras luchaban por un pa\u00eds m\u00e1s justo, para que ese modelo no se pueda instaurar en la argentina\u201d y caracterizarla como \u201cla gran pelea que daban\u201d, se\u00f1al\u00f3 que \u201cel triunfo de la dictadura fue por nuestras peleas internas, producto de las peleas que todo nuestro frente nacional y popular ten\u00edan.\u201d &nbsp;<\/p>\n\n\n\n<p>Fern\u00e1ndez expres\u00f3 tambi\u00e9n su alegr\u00eda por ver la cantidad de j\u00f3venes y asegur\u00f3 que \u201chay un recambio generacional en la pol\u00edtica, en Moreno, que tienen participaci\u00f3n y que organizan el acto\u201d. En clave comparativa entre pasado y presente, sostuvo que \u201ctodos nuestros compa\u00f1eros y compa\u00f1eras luchaban&nbsp;por un pa\u00eds m\u00e1s justo y ten\u00edan compromiso con los m\u00e1s humildes de nuestra patria\u201d y asegur\u00f3 que para un militante eso nunca cambia, tenemos un compromiso con los m\u00e1s humildes que son los que m\u00e1s sufren las crisis que atravesamos.\u201d&nbsp;<\/p>\n\n\n\n<p>A modo de reflexi\u00f3n, la intendenta de Moreno concluy\u00f3,&nbsp;\u201cpor eso nuestra construcci\u00f3n debe ser amorosa, porque el compa\u00f1ero que venga debe sentir que lleg\u00f3 al mejor lugar que pod\u00eda estar\u201d, y ejemplific\u00f3: \u201cCuando se suma un compa\u00f1ero a la casa del partido -que ya recuperamos-, de nuestro partido justicialista, una casa para todos, nuestra pr\u00e1ctica pol\u00edtica jam\u00e1s puede hacer que se sienta inc\u00f3modo, porque nosotros tenemos que hacer que sienta que est\u00e1 en el mejor lugar donde pod\u00eda estar. Siempre pensemos la construcci\u00f3n pol\u00edtica como una construcci\u00f3n amorosa. La militancia tiene que ser el mejor lugar. \u201cNuestra una historia de lucha, pero principalmente de amor, tenemos que sentir que estamos en el mejor lugar del mundo\u201d, cerr\u00f3 la jefa comunal.&nbsp;<\/p>\n\n\n\n<div class=\"wp-block-image\"><figure class=\"aligncenter\"><img decoding=\"async\" src=\"https:\/\/scontent.fepa1-1.fna.fbcdn.net\/v\/t39.30808-6\/277296088_522546495901975_2570617263835734946_n.jpg?_nc_cat=108&amp;ccb=1-5&amp;_nc_sid=730e14&amp;_nc_eui2=AeH8oeIPaRXuou8qD-mfcE9teIxB8MuB_it4jEHwy4H-KzyLdkE74Ymcr7SYb8htLD8&amp;_nc_ohc=fr69i7q1MkwAX-VdnX4&amp;_nc_ht=scontent.fepa1-1.fna&amp;oh=00_AT8p1NO1ahWzIqrXt2wbBjOafttYawe2Sa-0U83Pky2hTg&amp;oe=62430D24\" alt=\"Puede ser una imagen de 6 personas, personas de pie y al aire libre\"\/><\/figure><\/div>\n\n\n\n<p><strong>30.000 j\u00f3venes que \u201cno quer\u00edan morir, porque amaban la vida, pero si estaban a resistir ese modelo econ\u00f3mico que se instalaba\u201d<\/strong>&nbsp;<\/p>\n\n\n\n<p>El secretario de Derechos Humanos, Horacio Pietragalla, por su parte, expres\u00f3 que \u201ccuando uno va a un municipio y ve tanta gente joven, piensa que parte de esas compa\u00f1eras y compa\u00f1eros detenidos y desaparecidos ten\u00edan muchos la edad de ustedes, gente muy joven con sue\u00f1os, proyectos, que amaban la vida, que ten\u00edan mucho amor y lo convert\u00edan en un compromiso con el pr\u00f3jimo, y ayudaban con un compromiso pol\u00edtico muy fuerte\u201d.&nbsp;<\/p>\n\n\n\n<p>\u201cRecordar a los 30 mil es mirar un poco que hacemos como militantes pol\u00edticos, cuando nos levantamos y proyectamos nuestra militancia\u201d sostuvo, y aseguro que \u201cese es el mejor homenaje que le podemos hacer a cada una y cada uno de nuestros compa\u00f1eros detenidos y desaparecidos.\u201d&nbsp;<\/p>\n\n\n\n<p>En su discurso, brindado directamente a los j\u00f3venes que se encontraban en la plaza San Mart\u00edn, asegur\u00f3 que esos mismos j\u00f3venes \u201cson el futuro de la patria, sin dudas\u201d. \u201cA veces se pueden frustrar por un momento pol\u00edtico, momentos econ\u00f3micos complejos, y hasta cuestiones que tienen que ver con lo personal en un grupo, y ah\u00ed digo que hay que mirarlos a ellos, a los 30 mil, que no aflojaron nunca, que pusieron el patrimonio m\u00e1s grande que ten\u00eda un ser humano que es la vida\u201d reflexion\u00f3. &nbsp;<\/p>\n\n\n\n<p>Por \u00faltimo, asegur\u00f3 que esos militantes detenidos y desaparecidos \u201cno quer\u00edan morir, porque amaban la vida, pero si estaban a resistir ese modelo econ\u00f3mico que se instalaba, con todo el compromiso que puede tener el ser humano, el amor al otro, el no rendirse, y toda la entrega que tiene un militante\u201d, y cerr\u00f3 \u201cen esos momentos que podemos tener de frustraci\u00f3n, miremos a nuestras madres y abuelas, a ellas les arrancaron todo, hay madres que le desaparecieron tres o cuatro hijos, su marido se mor\u00eda de tanto dolor, y la mujer lo transformaba en lucha.\u201d&nbsp;<\/p>\n","protected":false},"excerpt":{"rendered":"<p>Desde los diversos espacios de las juventudes de Moreno se realiz\u00f3 una actividad en la plaza San Mart\u00edn donde se descubri\u00f3 la obra del artista morenense Daniel \u201cToluca\u201d Farias en homenaje a los 30 000 mil detenidos y desaparecidos por &hellip; <a href=\"https:\/\/morenoprimero.com.ar\/archivo\/jovenes-de-moreno-organizaron-una-actividad-por-el-dia-nacional-de-la-memoria-por-la-verdad-y-la-justicia\/\">Sigue leyendo <span class=\"meta-nav\">&rarr;<\/span><\/a><\/p>\n","protected":false},"author":6,"featured_media":26065,"comment_status":"closed","ping_status":"closed","sticky":false,"template":"","format":"standard","meta":{"footnotes":""},"categories":[2,2328],"tags":[1898,3802,3069,276],"class_list":["post-26058","post","type-post","status-publish","format-standard","has-post-thumbnail","hentry","category-destacadas","category-local","tag-24-de-marzo","tag-horacio-pietragalla","tag-juventudes-moreno","tag-mariel-fernandez"],"_links":{"self":[{"href":"https:\/\/morenoprimero.com.ar\/archivo\/wp-json\/wp\/v2\/posts\/26058","targetHints":{"allow":["GET"]}}],"collection":[{"href":"https:\/\/morenoprimero.com.ar\/archivo\/wp-json\/wp\/v2\/posts"}],"about":[{"href":"https:\/\/morenoprimero.com.ar\/archivo\/wp-json\/wp\/v2\/types\/post"}],"author":[{"embeddable":true,"href":"https:\/\/morenoprimero.com.ar\/archivo\/wp-json\/wp\/v2\/users\/6"}],"replies":[{"embeddable":true,"href":"https:\/\/morenoprimero.com.ar\/archivo\/wp-json\/wp\/v2\/comments?post=26058"}],"version-history":[{"count":3,"href":"https:\/\/morenoprimero.com.ar\/archivo\/wp-json\/wp\/v2\/posts\/26058\/revisions"}],"predecessor-version":[{"id":26129,"href":"https:\/\/morenoprimero.com.ar\/archivo\/wp-json\/wp\/v2\/posts\/26058\/revisions\/26129"}],"wp:featuredmedia":[{"embeddable":true,"href":"https:\/\/morenoprimero.com.ar\/archivo\/wp-json\/wp\/v2\/media\/26065"}],"wp:attachment":[{"href":"https:\/\/morenoprimero.com.ar\/archivo\/wp-json\/wp\/v2\/media?parent=26058"}],"wp:term":[{"taxonomy":"category","embeddable":true,"href":"https:\/\/morenoprimero.com.ar\/archivo\/wp-json\/wp\/v2\/categories?post=26058"},{"taxonomy":"post_tag","embeddable":true,"href":"https:\/\/morenoprimero.com.ar\/archivo\/wp-json\/wp\/v2\/tags?post=26058"}],"curies":[{"name":"wp","href":"https:\/\/api.w.org\/{rel}","templated":true}]}}