{"id":2603,"date":"2020-09-15T14:03:08","date_gmt":"2020-09-15T14:03:08","guid":{"rendered":"https:\/\/morenoprimero.com.ar\/?p=2603"},"modified":"2020-09-15T14:03:08","modified_gmt":"2020-09-15T14:03:08","slug":"moreno-norte-se-mantiene-como-zona-sanitaria-de-mayor-contagio","status":"publish","type":"post","link":"https:\/\/morenoprimero.com.ar\/archivo\/moreno-norte-se-mantiene-como-zona-sanitaria-de-mayor-contagio\/","title":{"rendered":"MORENO NORTE SE MANTIENE COMO ZONA SANITARIA DE MAYOR CONTAGIO"},"content":{"rendered":"\n<h4 class=\"wp-block-heading\">En el mapa de zonas sanitarias del reporte semanal de salud se puede observar como est\u00e1n distribuidos los casos de covid-19 en el Municipio.<\/h4>\n\n\n\n<p>&nbsp; Seg\u00fan el reporte semanal que brinda la Secretar\u00eda de Salud del Municipio, <strong>Moreno Norte se mantiene como la zona sanitaria de mayor contagio, seguida por Trujui.&nbsp;<\/strong><\/p>\n\n\n\n<figure class=\"wp-block-image size-large\"><img loading=\"lazy\" decoding=\"async\" width=\"596\" height=\"425\" src=\"https:\/\/morenoprimero.com.ar\/wp-content\/uploads\/2020\/09\/WhatsApp-Image-2020-09-15-at-9.13.14-AM-1.jpeg\" alt=\"\" class=\"wp-image-2606\" srcset=\"https:\/\/morenoprimero.com.ar\/archivo\/wp-content\/uploads\/2020\/09\/WhatsApp-Image-2020-09-15-at-9.13.14-AM-1.jpeg 596w, https:\/\/morenoprimero.com.ar\/archivo\/wp-content\/uploads\/2020\/09\/WhatsApp-Image-2020-09-15-at-9.13.14-AM-1-300x214.jpeg 300w\" sizes=\"auto, (max-width: 596px) 100vw, 596px\" \/><\/figure>\n\n\n\n<p>&nbsp; Por su parte, <strong>Moreno Sur no volvi\u00f3 a presentar una fuerte concentraci\u00f3n de contagios <\/strong>tal como hab\u00eda sucedido semanas atr\u00e1s, sino que, por el contrario, presenta casos m\u00e1s dispersos.&nbsp;<\/p>\n\n\n\n<p>\u00a0 \u00a0Junto a la zona Sur de Moreno, s<strong>e observan casos m\u00e1s dispersos, tambi\u00e9n, en la zona de Francisco \u00c1lvarez Paso del Rey y Cuartel V.\u00a0<\/strong><\/p>\n\n\n\n<p>En total suman 11189 casos confirmados, 2023 en estudio y 13545 descartados.<\/p>\n","protected":false},"excerpt":{"rendered":"<p>En el mapa de zonas sanitarias del reporte semanal de salud se puede observar como est\u00e1n distribuidos los casos de covid-19 en el Municipio. &nbsp; Seg\u00fan el reporte semanal que brinda la Secretar\u00eda de Salud del Municipio, Moreno Norte se &hellip; <a href=\"https:\/\/morenoprimero.com.ar\/archivo\/moreno-norte-se-mantiene-como-zona-sanitaria-de-mayor-contagio\/\">Sigue leyendo <span class=\"meta-nav\">&rarr;<\/span><\/a><\/p>\n","protected":false},"author":6,"featured_media":2606,"comment_status":"open","ping_status":"open","sticky":false,"template":"","format":"standard","meta":{"footnotes":""},"categories":[5,536,1],"tags":[94,6,596,568],"class_list":["post-2603","post","type-post","status-publish","format-standard","has-post-thumbnail","hentry","category-recomendadas","category-salud","category-sin-categoria","tag-covid-19","tag-moreno","tag-moreno-norte","tag-reporte-covid-19"],"_links":{"self":[{"href":"https:\/\/morenoprimero.com.ar\/archivo\/wp-json\/wp\/v2\/posts\/2603","targetHints":{"allow":["GET"]}}],"collection":[{"href":"https:\/\/morenoprimero.com.ar\/archivo\/wp-json\/wp\/v2\/posts"}],"about":[{"href":"https:\/\/morenoprimero.com.ar\/archivo\/wp-json\/wp\/v2\/types\/post"}],"author":[{"embeddable":true,"href":"https:\/\/morenoprimero.com.ar\/archivo\/wp-json\/wp\/v2\/users\/6"}],"replies":[{"embeddable":true,"href":"https:\/\/morenoprimero.com.ar\/archivo\/wp-json\/wp\/v2\/comments?post=2603"}],"version-history":[{"count":3,"href":"https:\/\/morenoprimero.com.ar\/archivo\/wp-json\/wp\/v2\/posts\/2603\/revisions"}],"predecessor-version":[{"id":2624,"href":"https:\/\/morenoprimero.com.ar\/archivo\/wp-json\/wp\/v2\/posts\/2603\/revisions\/2624"}],"wp:featuredmedia":[{"embeddable":true,"href":"https:\/\/morenoprimero.com.ar\/archivo\/wp-json\/wp\/v2\/media\/2606"}],"wp:attachment":[{"href":"https:\/\/morenoprimero.com.ar\/archivo\/wp-json\/wp\/v2\/media?parent=2603"}],"wp:term":[{"taxonomy":"category","embeddable":true,"href":"https:\/\/morenoprimero.com.ar\/archivo\/wp-json\/wp\/v2\/categories?post=2603"},{"taxonomy":"post_tag","embeddable":true,"href":"https:\/\/morenoprimero.com.ar\/archivo\/wp-json\/wp\/v2\/tags?post=2603"}],"curies":[{"name":"wp","href":"https:\/\/api.w.org\/{rel}","templated":true}]}}