{"id":260,"date":"2020-07-11T11:00:31","date_gmt":"2020-07-11T11:00:31","guid":{"rendered":"https:\/\/morenoprimero.com.ar\/?p=260"},"modified":"2020-07-09T23:10:42","modified_gmt":"2020-07-09T23:10:42","slug":"la-fundacion-garrahan-dono-insumos-al-hospital-de-moreno","status":"publish","type":"post","link":"https:\/\/morenoprimero.com.ar\/archivo\/la-fundacion-garrahan-dono-insumos-al-hospital-de-moreno\/","title":{"rendered":"LA FUNDACI\u00d3N GARRAHAN DON\u00d3 INSUMOS AL HOSPITAL DE MORENO"},"content":{"rendered":"\n<p>La fundaci\u00f3n Garrahan don\u00f3 al Hospital provincial Luciano y Mariano de la Vega 6 sillas de ruedas, 300 m\u00e1scaras de protecci\u00f3n y 4 mil barbijos.&nbsp;&nbsp;<\/p>\n\n\n\n<p>\u201cDesde el hospital Mariano y Luciano de la Vega queremos agradecer a la Fundaci\u00f3n Garrahan por la generosa donaci\u00f3n de 6 sillas de ruedas pedi\u00e1tricas, 300 m\u00e1scaras de protecci\u00f3n y 4.000 barbijos realizada a trav\u00e9s de la referente del Programa de Reciclado y Medio Ambiente de la Fundaci\u00f3n Garrahan, Silvia Gomez. Este gran gesto de solidaridad es recibido con alegr\u00eda en un momento tan d\u00edficil como el que estamos atravesando actualmente debido a la pandemia por Coronavirus y, nos deja un claro aprendizaje con respecto a la importancia de actuar colectivamente frente a la adversidad\u201d, expresaron autoridades de la instituci\u00f3n en un comunicado.<\/p>\n","protected":false},"excerpt":{"rendered":"<p>La fundaci\u00f3n Garrahan don\u00f3 al Hospital provincial Luciano y Mariano de la Vega 6 sillas de ruedas, 300 m\u00e1scaras de protecci\u00f3n y 4 mil barbijos.&nbsp;&nbsp; \u201cDesde el hospital Mariano y Luciano de la Vega queremos agradecer a la Fundaci\u00f3n Garrahan &hellip; <a href=\"https:\/\/morenoprimero.com.ar\/archivo\/la-fundacion-garrahan-dono-insumos-al-hospital-de-moreno\/\">Sigue leyendo <span class=\"meta-nav\">&rarr;<\/span><\/a><\/p>\n","protected":false},"author":6,"featured_media":261,"comment_status":"open","ping_status":"open","sticky":false,"template":"","format":"standard","meta":{"footnotes":""},"categories":[21,20],"tags":[160,138,139],"class_list":["post-260","post","type-post","status-publish","format-standard","has-post-thumbnail","hentry","category-interes-general","category-sociedad","tag-fundacion-garrahan","tag-hospital-de-moreno","tag-hospital-mariano-y-luciano-de-la-vega"],"_links":{"self":[{"href":"https:\/\/morenoprimero.com.ar\/archivo\/wp-json\/wp\/v2\/posts\/260","targetHints":{"allow":["GET"]}}],"collection":[{"href":"https:\/\/morenoprimero.com.ar\/archivo\/wp-json\/wp\/v2\/posts"}],"about":[{"href":"https:\/\/morenoprimero.com.ar\/archivo\/wp-json\/wp\/v2\/types\/post"}],"author":[{"embeddable":true,"href":"https:\/\/morenoprimero.com.ar\/archivo\/wp-json\/wp\/v2\/users\/6"}],"replies":[{"embeddable":true,"href":"https:\/\/morenoprimero.com.ar\/archivo\/wp-json\/wp\/v2\/comments?post=260"}],"version-history":[{"count":2,"href":"https:\/\/morenoprimero.com.ar\/archivo\/wp-json\/wp\/v2\/posts\/260\/revisions"}],"predecessor-version":[{"id":278,"href":"https:\/\/morenoprimero.com.ar\/archivo\/wp-json\/wp\/v2\/posts\/260\/revisions\/278"}],"wp:featuredmedia":[{"embeddable":true,"href":"https:\/\/morenoprimero.com.ar\/archivo\/wp-json\/wp\/v2\/media\/261"}],"wp:attachment":[{"href":"https:\/\/morenoprimero.com.ar\/archivo\/wp-json\/wp\/v2\/media?parent=260"}],"wp:term":[{"taxonomy":"category","embeddable":true,"href":"https:\/\/morenoprimero.com.ar\/archivo\/wp-json\/wp\/v2\/categories?post=260"},{"taxonomy":"post_tag","embeddable":true,"href":"https:\/\/morenoprimero.com.ar\/archivo\/wp-json\/wp\/v2\/tags?post=260"}],"curies":[{"name":"wp","href":"https:\/\/api.w.org\/{rel}","templated":true}]}}