{"id":25939,"date":"2022-03-22T17:44:41","date_gmt":"2022-03-22T20:44:41","guid":{"rendered":"https:\/\/morenoprimero.com.ar\/?p=25939"},"modified":"2022-03-22T17:44:42","modified_gmt":"2022-03-22T20:44:42","slug":"se-presentaron-los-nuevos-moviles-y-oficiales-de-la-policia-bonaerense-para-moreno","status":"publish","type":"post","link":"https:\/\/morenoprimero.com.ar\/archivo\/se-presentaron-los-nuevos-moviles-y-oficiales-de-la-policia-bonaerense-para-moreno\/","title":{"rendered":"Se presentaron los nuevos m\u00f3viles y oficiales de la polic\u00eda bonaerense para Moreno"},"content":{"rendered":"\n<h5 class=\"wp-block-heading\">Van a reforzar las tareas de prevenci\u00f3n y de seguridad en los distintos barrios<\/h5>\n\n\n\n<p>El gobierno municipal <strong>present\u00f3 12 nuevas camionetas<\/strong> que fueron adquiridas a trav\u00e9s del programa de Fortalecimiento de Seguridad de la Provincia y entregadas a la Polic\u00eda Bonaerense. Con el nuevo equipamiento, <strong>el Municipio de Moreno cuenta con un total de 92 m\u00f3viles a partir de la gesti\u00f3n de Mariel Fern\u00e1ndez.<\/strong><\/p>\n\n\n\n<p><strong>Adem\u00e1s, autoridades municipales y provinciales les dieron la bienvenida a 69 oficiales de la Polic\u00eda Bonaerense que se suman a trabajar en el Municipio<\/strong>. Las y los nuevos agentes son parte de la primera camada de polic\u00eda de proximidad de la Provincia, ya que fueron formados en Moreno y conocen las problem\u00e1ticas de los barrios y de las vecinas y los vecinos.<\/p>\n\n\n\n<figure class=\"wp-block-gallery columns-2 is-cropped wp-block-gallery-1 is-layout-flex wp-block-gallery-is-layout-flex\"><ul class=\"blocks-gallery-grid\"><li class=\"blocks-gallery-item\"><figure><a href=\"https:\/\/morenoprimero.com.ar\/wp-content\/uploads\/2022\/03\/WhatsApp_Image_2022-03-22_at_3.54.46_PM.jpg\"><img loading=\"lazy\" decoding=\"async\" width=\"1024\" height=\"682\" src=\"https:\/\/morenoprimero.com.ar\/wp-content\/uploads\/2022\/03\/WhatsApp_Image_2022-03-22_at_3.54.46_PM-1024x682.jpg\" alt=\"\" data-id=\"25940\" data-full-url=\"https:\/\/morenoprimero.com.ar\/wp-content\/uploads\/2022\/03\/WhatsApp_Image_2022-03-22_at_3.54.46_PM.jpg\" data-link=\"https:\/\/morenoprimero.com.ar\/?attachment_id=25940\" class=\"wp-image-25940\" srcset=\"https:\/\/morenoprimero.com.ar\/archivo\/wp-content\/uploads\/2022\/03\/WhatsApp_Image_2022-03-22_at_3.54.46_PM-1024x682.jpg 1024w, https:\/\/morenoprimero.com.ar\/archivo\/wp-content\/uploads\/2022\/03\/WhatsApp_Image_2022-03-22_at_3.54.46_PM-300x200.jpg 300w, https:\/\/morenoprimero.com.ar\/archivo\/wp-content\/uploads\/2022\/03\/WhatsApp_Image_2022-03-22_at_3.54.46_PM-768x512.jpg 768w, https:\/\/morenoprimero.com.ar\/archivo\/wp-content\/uploads\/2022\/03\/WhatsApp_Image_2022-03-22_at_3.54.46_PM.jpg 1280w\" sizes=\"auto, (max-width: 1024px) 100vw, 1024px\" \/><\/a><\/figure><\/li><li class=\"blocks-gallery-item\"><figure><a href=\"https:\/\/morenoprimero.com.ar\/wp-content\/uploads\/2022\/03\/WhatsApp_Image_2022-03-22_at_3.54.47_PM-1.jpg\"><img loading=\"lazy\" decoding=\"async\" width=\"1024\" height=\"682\" src=\"https:\/\/morenoprimero.com.ar\/wp-content\/uploads\/2022\/03\/WhatsApp_Image_2022-03-22_at_3.54.47_PM-1-1024x682.jpg\" alt=\"\" data-id=\"25941\" data-full-url=\"https:\/\/morenoprimero.com.ar\/wp-content\/uploads\/2022\/03\/WhatsApp_Image_2022-03-22_at_3.54.47_PM-1.jpg\" data-link=\"https:\/\/morenoprimero.com.ar\/?attachment_id=25941\" class=\"wp-image-25941\" srcset=\"https:\/\/morenoprimero.com.ar\/archivo\/wp-content\/uploads\/2022\/03\/WhatsApp_Image_2022-03-22_at_3.54.47_PM-1-1024x682.jpg 1024w, https:\/\/morenoprimero.com.ar\/archivo\/wp-content\/uploads\/2022\/03\/WhatsApp_Image_2022-03-22_at_3.54.47_PM-1-300x200.jpg 300w, https:\/\/morenoprimero.com.ar\/archivo\/wp-content\/uploads\/2022\/03\/WhatsApp_Image_2022-03-22_at_3.54.47_PM-1-768x512.jpg 768w, https:\/\/morenoprimero.com.ar\/archivo\/wp-content\/uploads\/2022\/03\/WhatsApp_Image_2022-03-22_at_3.54.47_PM-1.jpg 1280w\" sizes=\"auto, (max-width: 1024px) 100vw, 1024px\" \/><\/a><\/figure><\/li><\/ul><\/figure>\n\n\n\n<p>Las nuevas herramientas y las y los trabajadores que se suman, permiten fortalecer las tareas de prevenci\u00f3n que el Estado municipal realiza junto al Estado provincial, en el marco de un abordaje integral de la seguridad.<\/p>\n\n\n\n<p>Estuvieron presentes el secretario de Gobierno, <strong>Alberto Conca<\/strong>, el secretario de Seguridad<strong> Juan Ciucio<\/strong> y el secretario de Justicia y Derechos Humanos, <strong>Nahuel Berguier<\/strong> por parte del Municipio; el jefe de Estaci\u00f3n de la Polic\u00eda Local <strong>Miguel Salazar<\/strong>; y el director AMBA Oeste de Fiscalizaci\u00f3n y Control Policial del Ministerio de Seguridad de la Provincia de Buenos Aires,<strong> Joaqu\u00edn Lopez Acotto.<\/strong><\/p>\n","protected":false},"excerpt":{"rendered":"<p>Van a reforzar las tareas de prevenci\u00f3n y de seguridad en los distintos barrios El gobierno municipal present\u00f3 12 nuevas camionetas que fueron adquiridas a trav\u00e9s del programa de Fortalecimiento de Seguridad de la Provincia y entregadas a la Polic\u00eda &hellip; <a href=\"https:\/\/morenoprimero.com.ar\/archivo\/se-presentaron-los-nuevos-moviles-y-oficiales-de-la-policia-bonaerense-para-moreno\/\">Sigue leyendo <span class=\"meta-nav\">&rarr;<\/span><\/a><\/p>\n","protected":false},"author":6,"featured_media":25942,"comment_status":"closed","ping_status":"closed","sticky":false,"template":"","format":"standard","meta":{"footnotes":""},"categories":[2,2328,8],"tags":[276,6,1774,32],"class_list":["post-25939","post","type-post","status-publish","format-standard","has-post-thumbnail","hentry","category-destacadas","category-local","category-policiales","tag-mariel-fernandez","tag-moreno","tag-policial","tag-seguridad"],"_links":{"self":[{"href":"https:\/\/morenoprimero.com.ar\/archivo\/wp-json\/wp\/v2\/posts\/25939","targetHints":{"allow":["GET"]}}],"collection":[{"href":"https:\/\/morenoprimero.com.ar\/archivo\/wp-json\/wp\/v2\/posts"}],"about":[{"href":"https:\/\/morenoprimero.com.ar\/archivo\/wp-json\/wp\/v2\/types\/post"}],"author":[{"embeddable":true,"href":"https:\/\/morenoprimero.com.ar\/archivo\/wp-json\/wp\/v2\/users\/6"}],"replies":[{"embeddable":true,"href":"https:\/\/morenoprimero.com.ar\/archivo\/wp-json\/wp\/v2\/comments?post=25939"}],"version-history":[{"count":1,"href":"https:\/\/morenoprimero.com.ar\/archivo\/wp-json\/wp\/v2\/posts\/25939\/revisions"}],"predecessor-version":[{"id":25944,"href":"https:\/\/morenoprimero.com.ar\/archivo\/wp-json\/wp\/v2\/posts\/25939\/revisions\/25944"}],"wp:featuredmedia":[{"embeddable":true,"href":"https:\/\/morenoprimero.com.ar\/archivo\/wp-json\/wp\/v2\/media\/25942"}],"wp:attachment":[{"href":"https:\/\/morenoprimero.com.ar\/archivo\/wp-json\/wp\/v2\/media?parent=25939"}],"wp:term":[{"taxonomy":"category","embeddable":true,"href":"https:\/\/morenoprimero.com.ar\/archivo\/wp-json\/wp\/v2\/categories?post=25939"},{"taxonomy":"post_tag","embeddable":true,"href":"https:\/\/morenoprimero.com.ar\/archivo\/wp-json\/wp\/v2\/tags?post=25939"}],"curies":[{"name":"wp","href":"https:\/\/api.w.org\/{rel}","templated":true}]}}