{"id":25802,"date":"2022-03-21T08:46:31","date_gmt":"2022-03-21T11:46:31","guid":{"rendered":"https:\/\/morenoprimero.com.ar\/?p=25802"},"modified":"2022-03-23T17:13:10","modified_gmt":"2022-03-23T20:13:10","slug":"las-acciones-de-concientizacion-para-la-construccion-de-un-moreno-verde","status":"publish","type":"post","link":"https:\/\/morenoprimero.com.ar\/archivo\/las-acciones-de-concientizacion-para-la-construccion-de-un-moreno-verde\/","title":{"rendered":"Las acciones de concientizaci\u00f3n para la construcci\u00f3n de un \u201cMoreno Verde\u00bb"},"content":{"rendered":"\n<p>La Direcci\u00f3n General de Articulaci\u00f3n Territorial, dependiente de la Secretar\u00eda de Ambiente, viene llevando adelante diferentes acciones para concientizar sobre el medio ambiente, y para hacer efectivas las pol\u00edticas ambientales en Moreno. En di\u00e1logo con Moreno Primero, Xenia Abad, se refiri\u00f3 a los achique de residuos, los Puntos Verdes y los Jueves de Reciclaje, entre otras cosas.<\/p>\n\n\n\n<p>El gobierno municipal encabezado por Mariel Fern\u00e1ndez encar\u00f3 la tarea, ya en el 2020 de sacar el problema de ra\u00edz, respecto de la gesti\u00f3n de residuos en Moreno. Con el proyecto GIRSU, adem\u00e1s de no renovar el contrato con la empresa de recolecci\u00f3n de residuos El Tr\u00e9bol.&nbsp;<\/p>\n\n\n\n<p><strong>En noviembre se cumplen 2 a\u00f1os de una&nbsp;pol\u00edtica p\u00fablica de recolecci\u00f3n de residuos que vir\u00f3 180 grados, y dej\u00f3 atr\u00e1s un sistema privado, millonario e ineficiente,&nbsp;que le costaba al municipio el gasto del 20% del presupuesto anual \u2013casi el 50% de la recaudaci\u00f3n municipal-, garantizando la continuidad de todos los puestos y las condiciones de trabajo.&nbsp;<\/strong><\/p>\n\n\n\n<p>Adem\u00e1s, el proyecto contempla diferentes estrategias para disminuir la cantidad de basura en el distrito. M\u00faltiples acciones son coordinadas desde la Secretar\u00eda de Ambiente, la cual tiene dos subsecretar\u00edas. &nbsp;<\/p>\n\n\n\n<p>Una de ellas, es la gesti\u00f3n integral de residuos s\u00f3lidos y urbanos, que se encarga de la fiscalizaci\u00f3n de la recolecci\u00f3n de residuos domiciliarios, con un \u00e1rea que se encarga de la articulaci\u00f3n territorial con proyectos en territorio, limpieza de puntos de arrojo, creaci\u00f3n de puntos verdes, estaciones ambientales y m\u00e1s.&nbsp; La otra subsecretar\u00eda, de seguridad ambiental y alimentaria, se encarga de la fiscalizaci\u00f3n de las industrias, del transporte de alimentos, el control de plagas, la desinfecci\u00f3n, entre otras.&nbsp;<\/p>\n\n\n\n<p>Un rol clave en este camino hacia un <strong>\u201cMoreno verde\u201d<\/strong>, se encuentra en la <strong>Direcci\u00f3n General de Articulaci\u00f3n Territorial, dependiente de la Secretar\u00eda de Ambiente y encabezada por Xenia Abad<\/strong>, quien trabaja con el \u00e1rea de educaci\u00f3n ambiental orientada a las instituciones escolares y con el \u00e1rea de comunicaci\u00f3n de la Secretar\u00eda. &nbsp;<\/p>\n\n\n\n<figure class=\"wp-block-image size-full\"><a href=\"https:\/\/morenoprimero.com.ar\/wp-content\/uploads\/2022\/03\/Moreno-Verde-3.jpg\"><img loading=\"lazy\" decoding=\"async\" width=\"924\" height=\"600\" src=\"https:\/\/morenoprimero.com.ar\/wp-content\/uploads\/2022\/03\/Moreno-Verde-3.jpg\" alt=\"\" class=\"wp-image-25804\" srcset=\"https:\/\/morenoprimero.com.ar\/archivo\/wp-content\/uploads\/2022\/03\/Moreno-Verde-3.jpg 924w, https:\/\/morenoprimero.com.ar\/archivo\/wp-content\/uploads\/2022\/03\/Moreno-Verde-3-300x195.jpg 300w, https:\/\/morenoprimero.com.ar\/archivo\/wp-content\/uploads\/2022\/03\/Moreno-Verde-3-768x499.jpg 768w\" sizes=\"auto, (max-width: 924px) 100vw, 924px\" \/><\/a><\/figure>\n\n\n\n<p>A trav\u00e9s de diferentes estrategias, desde la direcci\u00f3n buscan visualizar, promover, y expandir las pol\u00edticas impulsadas por la secretar\u00eda. Al respecto, Xenia cont\u00f3 a Moreno Primero de qu\u00e9 se tratan <strong>\u201cLos jueves de reciclaje\u201d<\/strong>, una iniciativa dise\u00f1ada por la direcci\u00f3n.&nbsp;<\/p>\n\n\n\n<blockquote class=\"wp-block-quote is-layout-flow wp-block-quote-is-layout-flow\"><p>\u201cLa idea es poder visualizar un poco m\u00e1s el trabajo que se viene haciendo con puntos verdes y estaciones ambientales y devolverle un poco al vecino ese compromiso que asume cada vez que lleva una bolsa de materiales reciclables a los puntos verdes o a las estaciones ambientales\u201d, explic\u00f3.&nbsp;<\/p><\/blockquote>\n\n\n\n<p>Con ese fin, detall\u00f3 la directora, \u201c<strong>los jueves en un determinado horario estamos en las estaciones ambientales, el vecino se puede acercar con su material reciclable y se lleva un kit de reciclaje que tiene una bolsa de tela, algunos instructivos de como reciclar correctamente, y ven\u00edamos entregando algunos productos hechos de reciclado para que la gente pueda ver qu\u00e9 se puede hacer y c\u00f3mo se reutilizan esos materiales reciclables para poder darle otro uso.<\/strong>\u201d&nbsp;<\/p>\n\n\n\n<figure class=\"wp-block-image size-full\"><a href=\"https:\/\/morenoprimero.com.ar\/wp-content\/uploads\/2022\/03\/Moreno-Verde-4.jpg\"><img loading=\"lazy\" decoding=\"async\" width=\"911\" height=\"604\" src=\"https:\/\/morenoprimero.com.ar\/wp-content\/uploads\/2022\/03\/Moreno-Verde-4.jpg\" alt=\"\" class=\"wp-image-25806\" srcset=\"https:\/\/morenoprimero.com.ar\/archivo\/wp-content\/uploads\/2022\/03\/Moreno-Verde-4.jpg 911w, https:\/\/morenoprimero.com.ar\/archivo\/wp-content\/uploads\/2022\/03\/Moreno-Verde-4-300x199.jpg 300w, https:\/\/morenoprimero.com.ar\/archivo\/wp-content\/uploads\/2022\/03\/Moreno-Verde-4-768x509.jpg 768w\" sizes=\"auto, (max-width: 911px) 100vw, 911px\" \/><\/a><figcaption>Xenia Abad: \u00bb Muchos vecinos van porque vieron en las redes que estaban los jueves de reciclaje as\u00ed que un poco fue cumpliendo el objetivo de esta tarea que era darle algo a los vecinos a cambio del compromiso que vienen asumiendo y difundir un poco la existencia de estos puntos\u00bb.<\/figcaption><\/figure>\n\n\n\n<p>Dicha iniciativa lleg\u00f3 a articular con la escuela Creciendo Juntos. \u201c<strong>Ellos tienen una cooperativa que produce art\u00edculos con materiales reciclables, y nosotros le compramos algunos de esos productos para poder entreg\u00e1rselos a la gente y que vean el resultado de poder reutilizar los materiales<\/strong>\u201d.&nbsp;<\/p>\n\n\n\n<p>Sin embargo, los kits van variando cada jueves, y la directora menciona otro ejemplo, \u201c<strong>tambi\u00e9n estuvimos entregando unos frascos de vidrio para la az\u00facar y la yerba, decorado por las promotoras ambientales que es otra \u00e1rea, con compa\u00f1eras que trabajan con nosotros<\/strong>\u201d.&nbsp;<\/p>\n\n\n\n<p>Cada pol\u00edtica, cada acci\u00f3n, cada trabajo realizado, deja ver su efectividad una vez hecho, analizando los resultados y observando si los objetivos planteados fueron obtenidos. Xenia asegura que \u201clos vecinos y las vecinas se van muy contentos\u201d y que \u201chay muchos puntos puntos verdes que funcionan muy bien, como las estaciones ambientales de la Plaza Buj\u00e1n en Paso del Rey, o de Francisco \u00c1lvarez, algunas delegaciones, y algunos puntos verdes m\u00e1s descentralizados como en el Teatro Roma\u201d. Adem\u00e1s, la directora observa que&nbsp;\u201cmuchos de ellos van porque vieron en las redes que estaban los jueves de reciclaje as\u00ed que un poco fue cumpliendo el objetivo de esta tarea que era darle algo a los vecinos a cambio del compromiso que vienen asumiendo y difundir un poco la existencia de estos puntos.\u201d&nbsp;<\/p>\n\n\n\n<p><strong>Multiplicar es la tarea: En busca de la concientizaci\u00f3n de j\u00f3venes, vecinos y vecinas<\/strong>&nbsp;<\/p>\n\n\n\n<p>Para este a\u00f1o no s\u00f3lo se va a continuar con acciones que ya viene realizando la direcci\u00f3n, sino tambi\u00e9n, ya se generaron nuevas propuestas que apuntan a la concientizaci\u00f3n de los j\u00f3venes.&nbsp;<\/p>\n\n\n\n<p>Por un lado, ya se viene trabajando, y \u201cse va a continuar trabajando fuertemente en la campa\u00f1a de achique de residuos\u201d. La campa\u00f1a consiste en que \u201clo que nosotros sacamos a la calle para que se lo lleve el recolector y termina en el CEAMSE, sea la menor cantidad posible, porque ah\u00ed ya no tiene trato diferenciado\u201d explica la directora.&nbsp;<\/p>\n\n\n\n<figure class=\"wp-block-image size-full\"><a href=\"https:\/\/morenoprimero.com.ar\/wp-content\/uploads\/2022\/03\/Moreno-Verde-2.jpg\"><img loading=\"lazy\" decoding=\"async\" width=\"956\" height=\"620\" src=\"https:\/\/morenoprimero.com.ar\/wp-content\/uploads\/2022\/03\/Moreno-Verde-2.jpg\" alt=\"\" class=\"wp-image-25807\" srcset=\"https:\/\/morenoprimero.com.ar\/archivo\/wp-content\/uploads\/2022\/03\/Moreno-Verde-2.jpg 956w, https:\/\/morenoprimero.com.ar\/archivo\/wp-content\/uploads\/2022\/03\/Moreno-Verde-2-300x195.jpg 300w, https:\/\/morenoprimero.com.ar\/archivo\/wp-content\/uploads\/2022\/03\/Moreno-Verde-2-768x498.jpg 768w\" sizes=\"auto, (max-width: 956px) 100vw, 956px\" \/><\/a><\/figure>\n\n\n\n<p>Pero, la tarea es m\u00e1s compleja a\u00fan, porque requiere de un trabajo de concientizaci\u00f3n. En ese sentido, \u201cel trabajo fuerte que se viene haciendo desde la secretar\u00eda es impulsar que cada vecino y vecina separe en su casa los&nbsp;residuos, para que cada uno pueda ir al lugar que mejor provecho se le pueda sacar. El material org\u00e1nico, por ejemplo, a la compostera de las casas o comunitarias, y los materiales reciclables a la planta de revalorizaci\u00f3n de residuos ubicada en el Barrio La Porte\u00f1a, para que puedan volver a reinsertarse en el circuito\u201d, detalla Xenia.&nbsp;<\/p>\n\n\n\n<p>Por otro lado, en busca de la concientizaci\u00f3n de los j\u00f3venes, este a\u00f1o articular\u00e1n con las escuelas del distrito para llevar adelante un trabajo integral de educaci\u00f3n ambiental. Al respecto, Xenia adelant\u00f3 que \u201cya estamos trabajando con algunas escuelas porque creemos que los chicos son multiplicadores de las conductas y si ellos empiezan a tomar esta costumbre del reciclaje y de clasificar sus residuos, pueden tener un impacto mucho m\u00e1s grande en la comunidad\u201d.&nbsp;<\/p>\n","protected":false},"excerpt":{"rendered":"<p>La Direcci\u00f3n General de Articulaci\u00f3n Territorial, dependiente de la Secretar\u00eda de Ambiente, viene llevando adelante diferentes acciones para concientizar sobre el medio ambiente, y para hacer efectivas las pol\u00edticas ambientales en Moreno. En di\u00e1logo con Moreno Primero, Xenia Abad, se &hellip; <a href=\"https:\/\/morenoprimero.com.ar\/archivo\/las-acciones-de-concientizacion-para-la-construccion-de-un-moreno-verde\/\">Sigue leyendo <span class=\"meta-nav\">&rarr;<\/span><\/a><\/p>\n","protected":false},"author":6,"featured_media":25803,"comment_status":"closed","ping_status":"closed","sticky":false,"template":"","format":"standard","meta":{"footnotes":""},"categories":[1],"tags":[],"class_list":["post-25802","post","type-post","status-publish","format-standard","has-post-thumbnail","hentry","category-sin-categoria"],"_links":{"self":[{"href":"https:\/\/morenoprimero.com.ar\/archivo\/wp-json\/wp\/v2\/posts\/25802","targetHints":{"allow":["GET"]}}],"collection":[{"href":"https:\/\/morenoprimero.com.ar\/archivo\/wp-json\/wp\/v2\/posts"}],"about":[{"href":"https:\/\/morenoprimero.com.ar\/archivo\/wp-json\/wp\/v2\/types\/post"}],"author":[{"embeddable":true,"href":"https:\/\/morenoprimero.com.ar\/archivo\/wp-json\/wp\/v2\/users\/6"}],"replies":[{"embeddable":true,"href":"https:\/\/morenoprimero.com.ar\/archivo\/wp-json\/wp\/v2\/comments?post=25802"}],"version-history":[{"count":4,"href":"https:\/\/morenoprimero.com.ar\/archivo\/wp-json\/wp\/v2\/posts\/25802\/revisions"}],"predecessor-version":[{"id":26015,"href":"https:\/\/morenoprimero.com.ar\/archivo\/wp-json\/wp\/v2\/posts\/25802\/revisions\/26015"}],"wp:featuredmedia":[{"embeddable":true,"href":"https:\/\/morenoprimero.com.ar\/archivo\/wp-json\/wp\/v2\/media\/25803"}],"wp:attachment":[{"href":"https:\/\/morenoprimero.com.ar\/archivo\/wp-json\/wp\/v2\/media?parent=25802"}],"wp:term":[{"taxonomy":"category","embeddable":true,"href":"https:\/\/morenoprimero.com.ar\/archivo\/wp-json\/wp\/v2\/categories?post=25802"},{"taxonomy":"post_tag","embeddable":true,"href":"https:\/\/morenoprimero.com.ar\/archivo\/wp-json\/wp\/v2\/tags?post=25802"}],"curies":[{"name":"wp","href":"https:\/\/api.w.org\/{rel}","templated":true}]}}