{"id":2580,"date":"2020-09-15T14:41:47","date_gmt":"2020-09-15T14:41:47","guid":{"rendered":"https:\/\/morenoprimero.com.ar\/?p=2580"},"modified":"2020-09-15T14:41:47","modified_gmt":"2020-09-15T14:41:47","slug":"la-cruz-roja-ya-tiene-su-sede-en-moreno","status":"publish","type":"post","link":"https:\/\/morenoprimero.com.ar\/archivo\/la-cruz-roja-ya-tiene-su-sede-en-moreno\/","title":{"rendered":"LA CRUZ ROJA YA TIENE SU SEDE EN MORENO"},"content":{"rendered":"\n<h4 class=\"wp-block-heading\">  Luis Villanueva, responsable de la filial de la Cruz Roja Moreno, dialog\u00f3 con Moreno Primero sobre la nueva sede y las expectativas que tienen de aqu\u00ed en m\u00e1s.<\/h4>\n\n\n\n<p>&nbsp; Los voluntarios de la Cruz Roja realizan tareas&nbsp;imprescindibles&nbsp;durante la pandemia, entre ellos, campa\u00f1as de donaci\u00f3n de sangre que los laboratorios no est\u00e1n pudiendo realizar, acompa\u00f1amiento a las familias afectadas por la pandemia, incluso, se acercaron al Parque Sanitario Tecn\u00f3polis a brindar un curso de primeros auxilios y RCP.&nbsp;<\/p>\n\n\n\n<p><strong>&nbsp;La filial de la Cruz Roja Moreno, con&nbsp;m\u00e1s de 30 voluntarios, lleva a cabo diferentes actividades desde comienzos de la pandemia.<\/strong> Desde Moreno Primero nos comunicamos con Luis Villanueva, responsable de la filial en el distrito, quien nos cuenta algunas de las actividades que realizan.&nbsp;&nbsp;<\/p>\n\n\n\n<p>&nbsp; Entre ellas,<strong> el trabajo en conjunto con la organizaci\u00f3n \u201cManos a la Olla\u201d <\/strong>que, seg\u00fan explic\u00f3 Villanueva, \u201c<strong>consta de dos etapas, la primera&nbsp;etapa tiene que ver con el acompa\u00f1amiento de lo que es alimentos, y en una segunda etapa se busca fortalecer a las personas que van a esa olla para que consigan un trabajo y no tengan que recurrir a esa olla\u201d.<\/strong>&nbsp;&nbsp;<\/p>\n\n\n\n<p>&nbsp;<strong>Esta semana tienen el agrado de comunicar que cuentan con un edificio propio en Moreno<\/strong>.<strong> Se trata de la vieja casona que se encuentra sobre las calles Belgrano y Mitre, en el centro de Moreno Norte<\/strong>. En estos momentos ya tienen posesi\u00f3n del edificio y deben comenzar con las refacciones necesarias para dar utilidad a la sede.&nbsp;<\/p>\n\n\n\n<p>&nbsp; El responsable de la filial explica que \u201cel edificio es un apoyo que nos dio el municipio, en conjunto Secretar\u00eda de Protecci\u00f3n Civil y la Secretar\u00eda de Salud\u201d con quienes vienen trabajando articuladamente.&nbsp;&nbsp;&nbsp;<\/p>\n\n\n\n<blockquote class=\"wp-block-quote is-layout-flow wp-block-quote-is-layout-flow\"><p>  El edificio es un apoyo que nos dio el municipio, en conjunto Secretar\u00eda de Protecci\u00f3n Civil y la Secretar\u00eda de Salud.<\/p><\/blockquote>\n\n\n\n<p>&nbsp; &nbsp;\u201cEl espacio estar\u00e1 destinado a funcionar como centro de operaciones especiales, donde monitoreamos todo los que tiene que ver con la emergencia sanitaria\u201d explica Villanueva.&nbsp;&nbsp;<\/p>\n\n\n\n<p>&nbsp;Adem\u00e1s, el responsable de la Cruz Roja en Moreno cuenta que \u201cen el espacio vamos a brindar los cursos de primeros auxilios, RCP y dem\u00e1s\u201d. Y por \u00faltimo explica que \u201ces el lugar de nuestros voluntarios para organizar las actividades\u201d.&nbsp;<\/p>\n\n\n\n<p>&nbsp; En relaci\u00f3n con las expectativas de la Cruz Roja de aqu\u00ed en adelante Villanueva explica: <strong>\u201cen principio queremos fortalecer diferentes comunidades otorgando herramientas para que las personas puedan salir adelante en mejores condiciones y dictar cursos de&nbsp;primeros auxilios y RCP.&nbsp; Por otro lado, en el largo plazo queremos abrir la escuela de enfermer\u00eda que tambi\u00e9n es muy necesaria para el municipio\u201d<\/strong>&nbsp;<\/p>\n\n\n\n<blockquote class=\"wp-block-quote is-layout-flow wp-block-quote-is-layout-flow\"><p>   Queremos abrir la escuela de enfermer\u00eda que tambi\u00e9n es muy necesaria para el municipio.<\/p><\/blockquote>\n\n\n\n<p>&nbsp; &nbsp;La nueva sede ya tiene sus banners puestos en la entrada y se espera que en la pr\u00f3xima semana se ponga en funcionamiento.<strong>&nbsp;El vecino o vecina que quiera sumarse puede contactarse a trav\u00e9s de las redes sociales de Facebook o Instagram \u00abCruz Roja Argentina Filial Moreno\u00bb y enviar un mensaje con la solicitud.<\/strong><\/p>\n","protected":false},"excerpt":{"rendered":"<p>Luis Villanueva, responsable de la filial de la Cruz Roja Moreno, dialog\u00f3 con Moreno Primero sobre la nueva sede y las expectativas que tienen de aqu\u00ed en m\u00e1s. &nbsp; Los voluntarios de la Cruz Roja realizan tareas&nbsp;imprescindibles&nbsp;durante la pandemia, entre &hellip; <a href=\"https:\/\/morenoprimero.com.ar\/archivo\/la-cruz-roja-ya-tiene-su-sede-en-moreno\/\">Sigue leyendo <span class=\"meta-nav\">&rarr;<\/span><\/a><\/p>\n","protected":false},"author":6,"featured_media":2584,"comment_status":"open","ping_status":"open","sticky":false,"template":"","format":"standard","meta":{"footnotes":""},"categories":[21,536,20],"tags":[685,6,342],"class_list":["post-2580","post","type-post","status-publish","format-standard","has-post-thumbnail","hentry","category-interes-general","category-salud","category-sociedad","tag-cruz-roja","tag-moreno","tag-moreno-centro"],"_links":{"self":[{"href":"https:\/\/morenoprimero.com.ar\/archivo\/wp-json\/wp\/v2\/posts\/2580","targetHints":{"allow":["GET"]}}],"collection":[{"href":"https:\/\/morenoprimero.com.ar\/archivo\/wp-json\/wp\/v2\/posts"}],"about":[{"href":"https:\/\/morenoprimero.com.ar\/archivo\/wp-json\/wp\/v2\/types\/post"}],"author":[{"embeddable":true,"href":"https:\/\/morenoprimero.com.ar\/archivo\/wp-json\/wp\/v2\/users\/6"}],"replies":[{"embeddable":true,"href":"https:\/\/morenoprimero.com.ar\/archivo\/wp-json\/wp\/v2\/comments?post=2580"}],"version-history":[{"count":3,"href":"https:\/\/morenoprimero.com.ar\/archivo\/wp-json\/wp\/v2\/posts\/2580\/revisions"}],"predecessor-version":[{"id":2636,"href":"https:\/\/morenoprimero.com.ar\/archivo\/wp-json\/wp\/v2\/posts\/2580\/revisions\/2636"}],"wp:featuredmedia":[{"embeddable":true,"href":"https:\/\/morenoprimero.com.ar\/archivo\/wp-json\/wp\/v2\/media\/2584"}],"wp:attachment":[{"href":"https:\/\/morenoprimero.com.ar\/archivo\/wp-json\/wp\/v2\/media?parent=2580"}],"wp:term":[{"taxonomy":"category","embeddable":true,"href":"https:\/\/morenoprimero.com.ar\/archivo\/wp-json\/wp\/v2\/categories?post=2580"},{"taxonomy":"post_tag","embeddable":true,"href":"https:\/\/morenoprimero.com.ar\/archivo\/wp-json\/wp\/v2\/tags?post=2580"}],"curies":[{"name":"wp","href":"https:\/\/api.w.org\/{rel}","templated":true}]}}