{"id":2576,"date":"2020-09-15T14:38:38","date_gmt":"2020-09-15T14:38:38","guid":{"rendered":"https:\/\/morenoprimero.com.ar\/?p=2576"},"modified":"2020-09-15T14:40:46","modified_gmt":"2020-09-15T14:40:46","slug":"oscar-rayo-y-una-historia-que-noquea","status":"publish","type":"post","link":"https:\/\/morenoprimero.com.ar\/archivo\/oscar-rayo-y-una-historia-que-noquea\/","title":{"rendered":"BOXEO MORENENSE: OSCAR RAYO Y UNA HISTORIA QUE NOQUEA"},"content":{"rendered":"\n<h4 class=\"wp-block-heading\"><strong>Oscar Rayo es un exitoso boxeador retirado, director t\u00e9cnico y profesor de boxeo. Tiene 92 a\u00f1os y en una conversaci\u00f3n exclusiva con Moreno Primero, coment\u00f3 sus comienzos, victorias, fracasos y recuerdos. <\/strong><\/h4>\n\n\n\n<figure class=\"wp-block-image size-large\"><img loading=\"lazy\" decoding=\"async\" width=\"540\" height=\"540\" src=\"https:\/\/morenoprimero.com.ar\/wp-content\/uploads\/2020\/09\/Oscar-contento.jpg\" alt=\"\" class=\"wp-image-2577\" srcset=\"https:\/\/morenoprimero.com.ar\/archivo\/wp-content\/uploads\/2020\/09\/Oscar-contento.jpg 540w, https:\/\/morenoprimero.com.ar\/archivo\/wp-content\/uploads\/2020\/09\/Oscar-contento-300x300.jpg 300w, https:\/\/morenoprimero.com.ar\/archivo\/wp-content\/uploads\/2020\/09\/Oscar-contento-150x150.jpg 150w\" sizes=\"auto, (max-width: 540px) 100vw, 540px\" \/><\/figure>\n\n\n\n<p><strong>Moreno Primero:&nbsp;A los 8 a\u00f1os te pusiste los guantes por primera vez. \u00bfRecord\u00e1s&nbsp;que te atrajo del boxeo, qu\u00e9 fue lo que te cautiv\u00f3 para que le dediques tu vida entera a este deporte?&nbsp;<\/strong><\/p>\n\n\n\n<p><strong>Oscar Rayo:<\/strong>&nbsp;Esa noche me acuerdo cobr\u00e9 dos veces, porque me fui sin permiso de mi mam\u00e1 y mi pap\u00e1 y aparec\u00ed casi al otro d\u00eda. Cobr\u00e9 en el ring y despu\u00e9s cuando volv\u00ed a casa. <strong>Un t\u00edo&nbsp;mio, hermano de mi padre, fue campe\u00f3n espa\u00f1ol y campe\u00f3n de Europa y lo importante de eso era que hab\u00eda aprendido a boxear ac\u00e1 en Argentina<\/strong>. Y ac\u00e1 es donde hizo la carrera, y c\u00f3mo era espa\u00f1ol y hab\u00eda hecho la ciudadan\u00eda espa\u00f1ola pudo disfrutar el t\u00edtulo espa\u00f1ol y europeo.<\/p>\n\n\n\n<p>&nbsp;<\/p>\n\n\n\n<figure class=\"wp-block-audio\"><audio controls src=\"https:\/\/morenoprimero.com.ar\/wp-content\/uploads\/2020\/09\/audio-1a.mp3\"><\/audio><figcaption>Audio 1 Oscar Rayo<\/figcaption><\/figure>\n\n\n\n<figure class=\"wp-block-audio\"><audio controls src=\"https:\/\/morenoprimero.com.ar\/wp-content\/uploads\/2020\/09\/audio-1b.mp3\"><\/audio><figcaption>Audio 2 Oscar Rayo<\/figcaption><\/figure>\n\n\n\n<p><strong>MP:<\/strong>&nbsp;<strong>\u00bfC\u00f3mo surgi\u00f3 la idea de crear el club de boxeo que&nbsp;tenes&nbsp;hoy en Moreno?&nbsp;<\/strong><\/p>\n\n\n\n<p><strong>OR<\/strong>: Yo cuando me recib\u00ed, me dieron un puesto de profesor de la&nbsp;Federacion&nbsp;Argentina de Box, la cual tuvo mucho \u00e9xito. Estaba muy bien visto en el Luna Park. <\/p>\n\n\n\n<figure class=\"wp-block-audio\"><audio controls src=\"https:\/\/morenoprimero.com.ar\/wp-content\/uploads\/2020\/09\/audio-3a.mp3\"><\/audio><figcaption>Audio 3 Oscar Rayo<\/figcaption><\/figure>\n\n\n\n<p>Te voy a dar un dato como referencia de todos los resultados; perdiera, ganara o empatara, siempre me aplaud\u00edan, tanto como al otro m\u00e1s. <strong>Porque ten\u00eda una forma de boxear que a la gente le gustaba mucho<\/strong>, no lastimaba a nadie, hacia un trabajo defensivo que a la gente le maravillaba. Entonces tuve mucha suerte.&nbsp;&nbsp;<\/p>\n\n\n\n<figure class=\"wp-block-audio\"><audio controls src=\"https:\/\/morenoprimero.com.ar\/wp-content\/uploads\/2020\/09\/audio-3.mp3\"><\/audio><figcaption>Audio 4 Oscar Rayo<\/figcaption><\/figure>\n\n\n\n<p><strong>MP<\/strong>: <strong>\u00bfCu\u00e1l fue la pelea que a vos m\u00e1s te gust\u00f3 o la que m\u00e1s recuerdes?&nbsp;<\/strong><\/p>\n\n\n\n<p><strong>OR:<\/strong>&nbsp;Fue una muy dura y muy triste. Yo hab\u00eda ido a un campeonato en el a\u00f1o 50 a Salta. <strong>Que fue un campeonato argentino donde fueron de todo el pa\u00eds<\/strong>. Fueron los mejores. Y yo en la \u00faltima pelea hab\u00eda perdido, porque era tan fuerte, tan bravo este muchacho, que pod\u00eda con cualquier t\u00e9cnica. Al final de la pelea, yo me di cuenta que hab\u00eda perdido y me dieron la pelea ganada. Me puse muy mal y el muchacho tambi\u00e9n. Cuando subieron todos los campeones al ring para despedirse del p\u00fablico, yo no tuve el valor para subir. Porque me dieron esta pelea s\u00ed yo no la gan\u00e9, es vergonzoso, es triste. Yo fui a reclamar y me dijeron: \u201cLo que pasa es que vos&nbsp;sos&nbsp;un boxeador m\u00e1s representativo que \u00e9l<strong>\u00ab, pero este no era el caso, no queda bien, me hizo mucho mal esto<\/strong>. <\/p>\n\n\n\n<figure class=\"wp-block-audio\"><audio controls src=\"https:\/\/morenoprimero.com.ar\/wp-content\/uploads\/2020\/09\/audio4.mp3\"><\/audio><figcaption>Audio 5 Oscar Rayo<\/figcaption><\/figure>\n\n\n\n<p>Despu\u00e9s pelee en La Rioja con \u00e9l y empatamos en una pelea tremenda. Lo que aprend\u00ed, no me lo voy a olvidar nunca.<\/p>\n\n\n\n<figure class=\"wp-block-audio\"><audio controls src=\"https:\/\/morenoprimero.com.ar\/wp-content\/uploads\/2020\/09\/audio4b.mp3\"><\/audio><figcaption>Audio 6 Oscar Rayo<\/figcaption><\/figure>\n\n\n\n<p><\/p>\n\n\n\n<p><strong>MP:&nbsp;\u00bfQu\u00e9 consejos podr\u00edas darle a las y los j\u00f3venes que reci\u00e9n empiezan a entrenar y quieren ser profesionales?&nbsp;<\/strong><\/p>\n\n\n\n<p><strong>OR<\/strong>: Soy muy franco. Les digo que esto es un deporte hermoso, como una pr\u00e1ctica, pero profesionalmente es muy peligroso. Porque es otra la preparaci\u00f3n, otros los guantes, son otros los vendajes, porque los golpes no le hacen bien a nadie. Lo que m\u00e1s ense\u00f1o es la defensa; por cada golpe que te lanzan&nbsp;tenes&nbsp;siete medios defensivos. No cualquiera aprende todo eso. El \u00faltimo recurso que te queda como defensa es acompa\u00f1ar el golpe. Lo que te queda cuando ya es inevitable porque ves que la mano ya est\u00e1, <strong>ah\u00ed hay que dejar ir la cabeza para el lado que te la mandan<\/strong>. Eso aplaca el golpe, no pega firme, porque s\u00ed vos&nbsp;te pones firme para aguantar es peor. El boxeo es muy peligroso y eso hay que&nbsp;hacerselo&nbsp;entender a los chicos, porque es un hermoso deporte. Porque tiene desplazamientos, esquives, trabar, un paso atr\u00e1s, un paso al costado (para esquivar los golpes) pero como final, cuando ya viene, cuando no podes esquivarlo, acompa\u00f1alo. \u00a1Dej\u00e1 que se vaya la cabeza junto con el guante!<\/p>\n\n\n\n<p><\/p>\n\n\n\n<p><\/p>\n","protected":false},"excerpt":{"rendered":"<p>Oscar Rayo es un exitoso boxeador retirado, director t\u00e9cnico y profesor de boxeo. Tiene 92 a\u00f1os y en una conversaci\u00f3n exclusiva con Moreno Primero, coment\u00f3 sus comienzos, victorias, fracasos y recuerdos. Moreno Primero:&nbsp;A los 8 a\u00f1os te pusiste los guantes &hellip; <a href=\"https:\/\/morenoprimero.com.ar\/archivo\/oscar-rayo-y-una-historia-que-noquea\/\">Sigue leyendo <span class=\"meta-nav\">&rarr;<\/span><\/a><\/p>\n","protected":false},"author":6,"featured_media":2578,"comment_status":"open","ping_status":"open","sticky":false,"template":"","format":"standard","meta":{"footnotes":""},"categories":[673,21,20],"tags":[686,687],"class_list":["post-2576","post","type-post","status-publish","format-standard","has-post-thumbnail","hentry","category-deporte","category-interes-general","category-sociedad","tag-boxeo","tag-oscar-rayo"],"_links":{"self":[{"href":"https:\/\/morenoprimero.com.ar\/archivo\/wp-json\/wp\/v2\/posts\/2576","targetHints":{"allow":["GET"]}}],"collection":[{"href":"https:\/\/morenoprimero.com.ar\/archivo\/wp-json\/wp\/v2\/posts"}],"about":[{"href":"https:\/\/morenoprimero.com.ar\/archivo\/wp-json\/wp\/v2\/types\/post"}],"author":[{"embeddable":true,"href":"https:\/\/morenoprimero.com.ar\/archivo\/wp-json\/wp\/v2\/users\/6"}],"replies":[{"embeddable":true,"href":"https:\/\/morenoprimero.com.ar\/archivo\/wp-json\/wp\/v2\/comments?post=2576"}],"version-history":[{"count":10,"href":"https:\/\/morenoprimero.com.ar\/archivo\/wp-json\/wp\/v2\/posts\/2576\/revisions"}],"predecessor-version":[{"id":2635,"href":"https:\/\/morenoprimero.com.ar\/archivo\/wp-json\/wp\/v2\/posts\/2576\/revisions\/2635"}],"wp:featuredmedia":[{"embeddable":true,"href":"https:\/\/morenoprimero.com.ar\/archivo\/wp-json\/wp\/v2\/media\/2578"}],"wp:attachment":[{"href":"https:\/\/morenoprimero.com.ar\/archivo\/wp-json\/wp\/v2\/media?parent=2576"}],"wp:term":[{"taxonomy":"category","embeddable":true,"href":"https:\/\/morenoprimero.com.ar\/archivo\/wp-json\/wp\/v2\/categories?post=2576"},{"taxonomy":"post_tag","embeddable":true,"href":"https:\/\/morenoprimero.com.ar\/archivo\/wp-json\/wp\/v2\/tags?post=2576"}],"curies":[{"name":"wp","href":"https:\/\/api.w.org\/{rel}","templated":true}]}}