{"id":25759,"date":"2022-04-01T14:55:28","date_gmt":"2022-04-01T17:55:28","guid":{"rendered":"https:\/\/morenoprimero.com.ar\/?p=25759"},"modified":"2022-04-01T14:55:28","modified_gmt":"2022-04-01T17:55:28","slug":"yael-canete-el-orgullo-morenense-que-llego-a-la-seleccion-argentina-de-karate","status":"publish","type":"post","link":"https:\/\/morenoprimero.com.ar\/archivo\/yael-canete-el-orgullo-morenense-que-llego-a-la-seleccion-argentina-de-karate\/","title":{"rendered":"Yael Ca\u00f1ete: El orgullo morenense que lleg\u00f3 a la selecci\u00f3n Argentina de Karate"},"content":{"rendered":"\n<h5 class=\"wp-block-heading\">La joven morenense oriunda del barrio Rififi, entrena Karate desde los 4 a\u00f1os en el Club Los Indios. Luego de muchos a\u00f1os de esfuerzo, no s\u00f3lo de entrenamiento sino tambi\u00e9n econ\u00f3mico, lleg\u00f3 a la selecci\u00f3n y represent\u00f3 al pa\u00eds en la disciplina. El pasado 12 de marzo gan\u00f3 el 5to Open femenino de Karate.\u00a0<\/h5>\n\n\n\n<p><strong>Ver\u00f3nica Lugo, ex integrante de la selecci\u00f3n argentina de karate, es su sensei dentro del Dojo, y su madre afuera.<\/strong><\/p>\n\n\n\n<p><strong> \u201cComo madre, me siento m\u00e1s que feliz, hace much\u00edsimo tiempo que ella espera este momento. Temas econ\u00f3micos y personales la separaban a ella de su objetivo y la alentaba a no desesperarse, porque cuando tenga que ser ser\u00e1 y llegar\u00e1 el momento\u201d<\/strong>, expres\u00f3 Ver\u00f3nica, y continu\u00f3 diciendo que <strong>\u201ccomo Sensei me siento muy orgullosa por mi alumna, siempre mi consejo fue que tenemos que seguir entrenando para cuando llegue el momento, y eso hizo que ella no me baje los brazos y contin\u00fae entrenando y super\u00e1ndose cada d\u00eda\u201d<\/strong>. Adem\u00e1s, Ver\u00f3nica aclar\u00f3 y, dijo: <strong>\u201cYo, como ex integrante del seleccionado tengo mucho para aportar en este camino que se le presenta hoy a ella, y siempre quise que se gane su lugar por sus propios m\u00e9ritos y saber que es Yael Ca\u00f1ete, y no \u201cla hija de&#8230;. Eso me pone sumamente orgullosa\u201d.\u00a0<\/strong><\/p>\n\n\n\n<figure class=\"wp-block-image size-full\"><a href=\"https:\/\/morenoprimero.com.ar\/wp-content\/uploads\/2022\/03\/Yael.jpg\"><img loading=\"lazy\" decoding=\"async\" width=\"716\" height=\"769\" src=\"https:\/\/morenoprimero.com.ar\/wp-content\/uploads\/2022\/03\/Yael.jpg\" alt=\"\" class=\"wp-image-25889\" srcset=\"https:\/\/morenoprimero.com.ar\/archivo\/wp-content\/uploads\/2022\/03\/Yael.jpg 716w, https:\/\/morenoprimero.com.ar\/archivo\/wp-content\/uploads\/2022\/03\/Yael-279x300.jpg 279w\" sizes=\"auto, (max-width: 716px) 100vw, 716px\" \/><\/a><figcaption>Yael Ca\u00f1ete junto a su mam\u00e1, luego de competir.<\/figcaption><\/figure>\n\n\n\n<p><strong>Yael Ca\u00f1ete<\/strong>, <strong>del Club Los Indios a la Selecci\u00f3n<\/strong>&nbsp;<\/p>\n\n\n\n<p>Desde Moreno Primero conversamos con Yael, sobre sus inicios, su entrenamiento, las adversidades econ\u00f3micas, como as\u00ed tambi\u00e9n las que son propias de una joven morenense, del conurbano, que quiere llegar a lo m\u00e1s alto.&nbsp;<\/p>\n\n\n\n<p><strong>\u00bfC\u00f3mo comenzaste en la disciplina?&nbsp;<\/strong><\/p>\n\n\n\n<p>Yo entreno desde los 4 a\u00f1os, ahora tengo 18, ya son unos 14 a\u00f1os maso menos. Al principio era claramente porque mi mam\u00e1 iba a dar clases y yo estaba ah\u00ed, pero no me lo tomaba muy en serio. A los 10 a\u00f1os lo empec\u00e9 a tomar con seriedad, que fue cuando empec\u00e9 a competir. <strong>Siempre estuve en el Club Los Indios, y siempre mi mam\u00e1 fue mi sensei.\u00a0<\/strong><\/p>\n\n\n\n<p><strong>\u00bfC\u00f3mo es esa relaci\u00f3n mama &#8211; sensei?&nbsp;<\/strong><\/p>\n\n\n\n<p>Muchas veces era dif\u00edcil porque cuesta un poco separar la relaci\u00f3n de mam\u00e1 y sensei. De todas formas, siempre tuvimos en claro que dentro del Dojo ella es mi sensei. Y, si bien siempre lo tuvimos claro, a veces cuesta. Por ejemplo, yo ahora entreno tambi\u00e9n virtual y ella est\u00e1 ac\u00e1 en mi casa, es como que nunca separamos la relaci\u00f3n, siempre est\u00e1 presente.&nbsp;<\/p>\n\n\n\n<p><strong>Muchas veces tiene su lado positivo porque siempre me ayuda y me aconseja porque tambi\u00e9n compiti\u00f3, pero la parte negativa es que siempre est\u00e1 presente y a veces me gustar\u00eda separarme un poco para tener mi experiencia.\u00a0<\/strong><\/p>\n\n\n\n<figure class=\"wp-block-image size-full\"><a href=\"https:\/\/morenoprimero.com.ar\/wp-content\/uploads\/2022\/03\/Yael-Canete-Los-Indios.jpg\"><img loading=\"lazy\" decoding=\"async\" width=\"720\" height=\"463\" src=\"https:\/\/morenoprimero.com.ar\/wp-content\/uploads\/2022\/03\/Yael-Canete-Los-Indios.jpg\" alt=\"\" class=\"wp-image-25890\" srcset=\"https:\/\/morenoprimero.com.ar\/archivo\/wp-content\/uploads\/2022\/03\/Yael-Canete-Los-Indios.jpg 720w, https:\/\/morenoprimero.com.ar\/archivo\/wp-content\/uploads\/2022\/03\/Yael-Canete-Los-Indios-300x193.jpg 300w\" sizes=\"auto, (max-width: 720px) 100vw, 720px\" \/><\/a><\/figure>\n\n\n\n<p><strong>\u00bfQu\u00e9 es el 5to Open Femenino de Karate? \u00bfC\u00f3mo tu experiencia reciente donde quedaste en primer lugar?&nbsp;<\/strong><\/p>\n\n\n\n<p>Siempre los torneos que se hacen en el a\u00f1o fueron mixtos, hace aproximadamente 5 a\u00f1os se abri\u00f3 un comit\u00e9 de la mujer y comenzaron los torneos femeninos una vez al a\u00f1o. Ah\u00ed compiten mujeres de todas las provincias. Uno viaja siempre en representaci\u00f3n del Club donde entrena, y en representaci\u00f3n de la Asociaci\u00f3n a la que pertenece, en mi caso, la Asociaci\u00f3n de Karate de Buenos Aires Norte (AKBAN).&nbsp;<\/p>\n\n\n\n<p>Fue una experiencia muy linda porque el a\u00f1o pasado no tuve tanto desempe\u00f1o porque me costaba m\u00e1s, yo no estaba entrenando tanto, s\u00f3lo tres veces a la semana. <strong>En el \u00faltimo torneo&nbsp;pude clasificar en la selecci\u00f3n y comenc\u00e9 a entrenar en el&nbsp;Centro Nacional de Alto Rendimiento Deportivo (CeNARD). Eso cambi\u00f3 rotundamente en m\u00ed<\/strong>, porque pas\u00e9 de entrenar tres veces a la semana, a entrenar todos los d\u00edas. Desde enero que estoy entrenando, y el torneo fue hace una semana, eso me ayud\u00f3 bastante. &nbsp;<\/p>\n\n\n\n<figure class=\"wp-block-image size-large\"><img loading=\"lazy\" decoding=\"async\" width=\"800\" height=\"600\" src=\"https:\/\/morenoprimero.com.ar\/wp-content\/uploads\/2022\/04\/rsz_yael-canete-akban-1024x768-2.jpg\" alt=\"\" class=\"wp-image-26393\" srcset=\"https:\/\/morenoprimero.com.ar\/archivo\/wp-content\/uploads\/2022\/04\/rsz_yael-canete-akban-1024x768-2.jpg 800w, https:\/\/morenoprimero.com.ar\/archivo\/wp-content\/uploads\/2022\/04\/rsz_yael-canete-akban-1024x768-2-300x225.jpg 300w, https:\/\/morenoprimero.com.ar\/archivo\/wp-content\/uploads\/2022\/04\/rsz_yael-canete-akban-1024x768-2-768x576.jpg 768w\" sizes=\"auto, (max-width: 800px) 100vw, 800px\" \/><\/figure>\n\n\n\n<p><strong>\u00bfTe esperabas el primer puesto?&nbsp;<\/strong><\/p>\n\n\n\n<p>Sinceramente no me esperaba el primer puesto, pero<strong> ten\u00eda la confianza de que en el podio iba a estar. Me sent\u00eda m\u00e1s segura, ten\u00eda muchas m\u00e1s posibilidades<\/strong>. Una de ellas es conocer mucho a las chicas con las que compito, entonces ya estaba entrenando para eso.&nbsp;<\/p>\n\n\n\n<p><strong>\u00bfQu\u00e9 sensaciones te genera estar en la selecci\u00f3n?&nbsp;<\/strong><\/p>\n\n\n\n<p><strong>Es una alegr\u00eda enorme, esto yo lo espero hace much\u00edsimos a\u00f1os<\/strong>. Por una cuesti\u00f3n econ\u00f3mica no pude ir a todos los torneos, y eso dificulta el tema de clasificar, porque son 5 competencias para el ranking: la del CeNARD, otra en Mar del Plata, otra en C\u00f3rdoba, en Mendoza y en Tucum\u00e1n. En el Torneo Clausura que se hace en el CeNARD quedo clasificada para la selecci\u00f3n argentina luego de ir sumando los puntajes en los torneos.&nbsp;<\/p>\n\n\n\n<p>Antes entrenaba en el <strong>CeNARD<\/strong>, pero en el Centro de Desarrollo, que es como una preparaci\u00f3n que te dan para poder entrenar ah\u00ed, pero no es lo mismo, ah\u00ed se va solamente los s\u00e1bados. \u00a0 Actualmente entreno de martes a viernes todo lo que es t\u00e9cnico, eso es virtual. Lunes, mi\u00e9rcoles y viernes a la ma\u00f1ana tengo\u00a0f\u00edsico. A la tarde entrenaba en mi dojo, en el Club Los Indios para no despegarme de eso tampoco. Despu\u00e9s te exigen salir a correr, hacer cardio, los domingos te exigen hacer un protocolo de recuperaci\u00f3n que es elongaci\u00f3n, trotar, bici, y m\u00e1s.\u00a0<\/p>\n\n\n\n<p><strong>\u00bfQu\u00e9 sent\u00eds como morenense?&nbsp;<\/strong><\/p>\n\n\n\n<p>En lo que es&nbsp;Karate no muchos morenenses llegan, es dif\u00edcil sobre todo por un tema econ\u00f3mico, viajar hasta all\u00e1 todos los d\u00edas, pagar el colectivo, conseguir alguien que te pueda ayudar, porque ten\u00e9s que tener la plata para ir a todos los torneos, si no vas no clasificas, si no clasificas no pod\u00e9s ir al CeNARD, es muy dif\u00edcil, y que lo pueda haber conseguido me alegra much\u00edsimo.&nbsp;<\/p>\n\n\n\n<p><strong>\u201cSiempre es importante agradecer porque sola no se llega\u201d&nbsp;<\/strong><\/p>\n\n\n\n<p>Al finalizar la entrevista, <strong>Yael Ca\u00f1ete reflexiona \u201cobvio que estoy agradecida por haber llegado hasta donde estoy ahora, siempre es importante agradecer porque sola no se llega \u201d<\/strong>. Es as\u00ed como menciona a esas personas que la acompa\u00f1aron a lo largo de su carrera<strong>. \u201cA mi mam\u00e1, que tambi\u00e9n es mi sensei y me acompa\u00f1a en todo, y todo lo que s\u00e9 es gracias a ella, y hace todo lo posible, junto a mi pap\u00e1, para que podamos ir a los torneos&#8230;<\/strong> incluso hasta hemos hecho un bingo familiar para poder conseguir la plata para los pasajes, la estad\u00eda y todo\u201d, comienza la joven morense en sus agradecimientos, y contin\u00faa, <strong>tambi\u00e9n al Club Los Indios, y a mis compa\u00f1eros que siempre est\u00e1n ah\u00ed, siempre que tengo que prepararme para un torneo se ponen, y a veces se me escapa una patadita o un pu\u00f1o, y se la bancan siempre\u201d<\/strong>, finaliz\u00f3.\u00a0<\/p>\n","protected":false},"excerpt":{"rendered":"<p>La joven morenense oriunda del barrio Rififi, entrena Karate desde los 4 a\u00f1os en el Club Los Indios. Luego de muchos a\u00f1os de esfuerzo, no s\u00f3lo de entrenamiento sino tambi\u00e9n econ\u00f3mico, lleg\u00f3 a la selecci\u00f3n y represent\u00f3 al pa\u00eds en &hellip; <a href=\"https:\/\/morenoprimero.com.ar\/archivo\/yael-canete-el-orgullo-morenense-que-llego-a-la-seleccion-argentina-de-karate\/\">Sigue leyendo <span class=\"meta-nav\">&rarr;<\/span><\/a><\/p>\n","protected":false},"author":6,"featured_media":25762,"comment_status":"closed","ping_status":"closed","sticky":false,"template":"","format":"standard","meta":{"footnotes":""},"categories":[673,2,2328],"tags":[],"class_list":["post-25759","post","type-post","status-publish","format-standard","has-post-thumbnail","hentry","category-deporte","category-destacadas","category-local"],"_links":{"self":[{"href":"https:\/\/morenoprimero.com.ar\/archivo\/wp-json\/wp\/v2\/posts\/25759","targetHints":{"allow":["GET"]}}],"collection":[{"href":"https:\/\/morenoprimero.com.ar\/archivo\/wp-json\/wp\/v2\/posts"}],"about":[{"href":"https:\/\/morenoprimero.com.ar\/archivo\/wp-json\/wp\/v2\/types\/post"}],"author":[{"embeddable":true,"href":"https:\/\/morenoprimero.com.ar\/archivo\/wp-json\/wp\/v2\/users\/6"}],"replies":[{"embeddable":true,"href":"https:\/\/morenoprimero.com.ar\/archivo\/wp-json\/wp\/v2\/comments?post=25759"}],"version-history":[{"count":4,"href":"https:\/\/morenoprimero.com.ar\/archivo\/wp-json\/wp\/v2\/posts\/25759\/revisions"}],"predecessor-version":[{"id":26394,"href":"https:\/\/morenoprimero.com.ar\/archivo\/wp-json\/wp\/v2\/posts\/25759\/revisions\/26394"}],"wp:featuredmedia":[{"embeddable":true,"href":"https:\/\/morenoprimero.com.ar\/archivo\/wp-json\/wp\/v2\/media\/25762"}],"wp:attachment":[{"href":"https:\/\/morenoprimero.com.ar\/archivo\/wp-json\/wp\/v2\/media?parent=25759"}],"wp:term":[{"taxonomy":"category","embeddable":true,"href":"https:\/\/morenoprimero.com.ar\/archivo\/wp-json\/wp\/v2\/categories?post=25759"},{"taxonomy":"post_tag","embeddable":true,"href":"https:\/\/morenoprimero.com.ar\/archivo\/wp-json\/wp\/v2\/tags?post=25759"}],"curies":[{"name":"wp","href":"https:\/\/api.w.org\/{rel}","templated":true}]}}