{"id":25758,"date":"2022-03-17T14:41:20","date_gmt":"2022-03-17T17:41:20","guid":{"rendered":"https:\/\/morenoprimero.com.ar\/?p=25758"},"modified":"2022-03-17T14:42:12","modified_gmt":"2022-03-17T17:42:12","slug":"moreno-arranco-la-etapa-digital-del-censo-2022","status":"publish","type":"post","link":"https:\/\/morenoprimero.com.ar\/archivo\/moreno-arranco-la-etapa-digital-del-censo-2022\/","title":{"rendered":"Moreno: Arranc\u00f3 la etapa digital del Censo 2022"},"content":{"rendered":"\n<h5 class=\"wp-block-heading\">En la primera jornada de la etapa digital del censo, se registraron 27 mil ingresos por minuto, lo que llev\u00f3 a contabilizar m\u00e1s de 200 mil ingresos en el primer d\u00eda. Los resultados permitir\u00e1n <strong>\u00abmejorar las pol\u00edticas p\u00fablicas y privadas\u00bb<\/strong>, afirm\u00f3 el director del INDEC, Marco Lavagna.&nbsp;<\/h5>\n\n\n\n<p>Este mi\u00e9rcoles comenz\u00f3 la etapa digital del <strong>Censo Nacional de Poblaci\u00f3n, Hogares y Viviendas 2022 <\/strong>y finalizar\u00e1 en forma presencial el pr\u00f3ximo 18 de mayo. Los resultados estad\u00edsticos que arroje, servir\u00e1n para <strong>\u00abmejorar las pol\u00edticas p\u00fablicas y privadas, y la vida cotidiana de todos los argentinos<\/strong>\u00ab, seg\u00fan afirm\u00f3 el&nbsp;director del Instituto de Estad\u00edstica y Censos (Indec), <strong>Marco Lavagna<\/strong>.&nbsp;<\/p>\n\n\n\n<blockquote class=\"wp-block-quote is-layout-flow wp-block-quote-is-layout-flow\"><p>En la primera jornada&nbsp;se registraron m\u00e1s de 200 mil ingresos a la p\u00e1gina&nbsp;web censo.gob.ar,&nbsp;alrededor de&nbsp;27.000 por minuto. Las entradas fueron directas a trav\u00e9s del ingreso a la p\u00e1gina, destacaron fuentes del Indec.&nbsp;<\/p><\/blockquote>\n\n\n\n<p>El cuestionario online deber\u00e1 ser respondido por una persona en nombre de todos los habitantes de la vivienda, a trav\u00e9s de un tel\u00e9fono m\u00f3vil, computadora u otro tipo de dispositivo electr\u00f3nico. El cuestionario online, est\u00e1 compuesto por 61 preguntas: 24 relacionadas con las caracter\u00edsticas de las viviendas y los hogares y 37 sobre la estructura de la poblaci\u00f3n.&nbsp;<\/p>\n\n\n\n<p>Las personas que completen el formulario de manera virtual en el sitio oficial <a href=\"https:\/\/www.censo.gob.ar\/?msclkid=66b99a6ca57f11ec9fa2c73d5260643c\">www.censo.gob.ar <\/a>recibir\u00e1n en su casilla de correo electr\u00f3nico un comprobante con un c\u00f3digo alfanum\u00e9rico de seis d\u00edgitos que deber\u00e1 ser presentado el pr\u00f3ximo<strong> 18 de mayo<\/strong>, decretado feriado nacional.&nbsp;<\/p>\n\n\n\n<p>Cabe destacar que, en el censo 2022<strong> se incorpor\u00f3 una pregunta sobre la autopercepci\u00f3n de identidad de g\u00e9nero&nbsp;y se ampli\u00f3 el alcance de la consulta sobre autorreconocimiento \u00e9tnico<\/strong> (pueblos ind\u00edgenas y afrodescendientes) a toda la poblaci\u00f3n. Adem\u00e1s,<strong> el Gobierno habilit\u00f3 la&nbsp;l\u00ednea gratuita 0800 345 2022&nbsp;para responder dudas sobre el censo, que estar\u00e1 disponible&nbsp;de lunes a viernes de 6 a 24, y s\u00e1bados y domingos, de 9 a 21.<\/strong>&nbsp; <\/p>\n\n\n\n<p>En tanto,&nbsp;<strong>los primeros datos definitivos estar\u00e1n completos a los ocho meses de concluido el censo y dentro de unos 18 meses, la totalidad de la informaci\u00f3n.<\/strong><br>&nbsp;&nbsp;<\/p>\n","protected":false},"excerpt":{"rendered":"<p>En la primera jornada de la etapa digital del censo, se registraron 27 mil ingresos por minuto, lo que llev\u00f3 a contabilizar m\u00e1s de 200 mil ingresos en el primer d\u00eda. Los resultados permitir\u00e1n \u00abmejorar las pol\u00edticas p\u00fablicas y privadas\u00bb, &hellip; <a href=\"https:\/\/morenoprimero.com.ar\/archivo\/moreno-arranco-la-etapa-digital-del-censo-2022\/\">Sigue leyendo <span class=\"meta-nav\">&rarr;<\/span><\/a><\/p>\n","protected":false},"author":6,"featured_media":25766,"comment_status":"closed","ping_status":"closed","sticky":false,"template":"","format":"standard","meta":{"footnotes":""},"categories":[3,2330],"tags":[645,3782,276,6,102],"class_list":["post-25758","post","type-post","status-publish","format-standard","has-post-thumbnail","hentry","category-importantes","category-nacional","tag-alberto-fernandez-2","tag-censo-2022","tag-mariel-fernandez","tag-moreno","tag-municipio-de-moreno"],"_links":{"self":[{"href":"https:\/\/morenoprimero.com.ar\/archivo\/wp-json\/wp\/v2\/posts\/25758","targetHints":{"allow":["GET"]}}],"collection":[{"href":"https:\/\/morenoprimero.com.ar\/archivo\/wp-json\/wp\/v2\/posts"}],"about":[{"href":"https:\/\/morenoprimero.com.ar\/archivo\/wp-json\/wp\/v2\/types\/post"}],"author":[{"embeddable":true,"href":"https:\/\/morenoprimero.com.ar\/archivo\/wp-json\/wp\/v2\/users\/6"}],"replies":[{"embeddable":true,"href":"https:\/\/morenoprimero.com.ar\/archivo\/wp-json\/wp\/v2\/comments?post=25758"}],"version-history":[{"count":3,"href":"https:\/\/morenoprimero.com.ar\/archivo\/wp-json\/wp\/v2\/posts\/25758\/revisions"}],"predecessor-version":[{"id":25770,"href":"https:\/\/morenoprimero.com.ar\/archivo\/wp-json\/wp\/v2\/posts\/25758\/revisions\/25770"}],"wp:featuredmedia":[{"embeddable":true,"href":"https:\/\/morenoprimero.com.ar\/archivo\/wp-json\/wp\/v2\/media\/25766"}],"wp:attachment":[{"href":"https:\/\/morenoprimero.com.ar\/archivo\/wp-json\/wp\/v2\/media?parent=25758"}],"wp:term":[{"taxonomy":"category","embeddable":true,"href":"https:\/\/morenoprimero.com.ar\/archivo\/wp-json\/wp\/v2\/categories?post=25758"},{"taxonomy":"post_tag","embeddable":true,"href":"https:\/\/morenoprimero.com.ar\/archivo\/wp-json\/wp\/v2\/tags?post=25758"}],"curies":[{"name":"wp","href":"https:\/\/api.w.org\/{rel}","templated":true}]}}