{"id":25749,"date":"2022-03-17T09:51:26","date_gmt":"2022-03-17T12:51:26","guid":{"rendered":"https:\/\/morenoprimero.com.ar\/?p=25749"},"modified":"2022-03-17T09:51:26","modified_gmt":"2022-03-17T12:51:26","slug":"amor-por-el-barrio-en-moreno-centro","status":"publish","type":"post","link":"https:\/\/morenoprimero.com.ar\/archivo\/amor-por-el-barrio-en-moreno-centro\/","title":{"rendered":"Amor por el Barrio en Moreno Centro"},"content":{"rendered":"\n<p>El operativo que acerca servicios a la comunidad estar\u00e1 el d\u00eda 17 de marzo<\/p>\n\n\n\n<p>El Programa \u201cAmor por el Barrio\u201d acerca de manera itinerante asesoramiento, acompa\u00f1amiento y distintos servicios a las vecinas y los vecinos de Moreno. En esta oportunidad, el operativo estar\u00e1 presente el d\u00eda 17 de marzo en Moreno Centro, en la Plazoleta \u201cEl Fogonazo\u201d, ubicada en las calles Emilio Mitre y De La Vega, de 10 a 13 horas. En caso de lluvias la actividad se suspende.<\/p>\n\n\n\n<p>Durante las jornadas habr\u00e1 stands de las distintas \u00e1reas municipales que abordan e informan sobre temas relacionados a: Oftalmolog\u00eda: Revisi\u00f3n gratuita y anteojos a precios populares; Inscripci\u00f3n a las Becas PROGRESAR; Desarrollo Comunitario: atenci\u00f3n a trabajadoras sociales \u2013 Direcci\u00f3n General de Integraci\u00f3n Social para Adultos Mayores, Casa Pueblo; Programa Identidad \u2013 Apoyo al Migrante; IMDEL: Mercado Popular, frutas y l\u00e1cteos, charla; Taller de Huerta entrega de semillas; Banco de Desarrollo Local; Coordinaci\u00f3n General de Turismo; Direcci\u00f3n General de Licencias de Conducir: asesoramiento sobre tr\u00e1mites de licencias de conducir y pr\u00f3rrogas; Secretaria de Salud: calendario completo de vacunaci\u00f3n, planillas AUH, riesgo cardiovascular y charlas informativas de salud; Zoonosis: vacunaci\u00f3n para perros y gatos antirr\u00e1bica gratuita; Protecci\u00f3n Civil; Secretar\u00eda de Mujeres, G\u00e9neros y Diversidad; Secretar\u00eda de Econom\u00eda \/ Subsecretar\u00eda de Ingresos Tributarios: asesoramiento en Tasa por Servicios Generales; Secretar\u00eda de Cultura, Educaci\u00f3n y Deporte: recreaci\u00f3n; Subsecretaria de Participaci\u00f3n Comunitaria y Secretaria de Ambiente y Desarrollo Sostenible.<\/p>\n\n\n\n<figure class=\"wp-block-image size-large\"><a href=\"https:\/\/morenoprimero.com.ar\/wp-content\/uploads\/2022\/03\/Amor-por-el-Barrio.jpg\"><img loading=\"lazy\" decoding=\"async\" width=\"1024\" height=\"1022\" src=\"https:\/\/morenoprimero.com.ar\/wp-content\/uploads\/2022\/03\/Amor-por-el-Barrio-1024x1022.jpg\" alt=\"\" class=\"wp-image-25750\" srcset=\"https:\/\/morenoprimero.com.ar\/archivo\/wp-content\/uploads\/2022\/03\/Amor-por-el-Barrio-1024x1022.jpg 1024w, https:\/\/morenoprimero.com.ar\/archivo\/wp-content\/uploads\/2022\/03\/Amor-por-el-Barrio-300x300.jpg 300w, https:\/\/morenoprimero.com.ar\/archivo\/wp-content\/uploads\/2022\/03\/Amor-por-el-Barrio-150x150.jpg 150w, https:\/\/morenoprimero.com.ar\/archivo\/wp-content\/uploads\/2022\/03\/Amor-por-el-Barrio-768x766.jpg 768w, https:\/\/morenoprimero.com.ar\/archivo\/wp-content\/uploads\/2022\/03\/Amor-por-el-Barrio.jpg 1280w\" sizes=\"auto, (max-width: 1024px) 100vw, 1024px\" \/><\/a><\/figure>\n","protected":false},"excerpt":{"rendered":"<p>El operativo que acerca servicios a la comunidad estar\u00e1 el d\u00eda 17 de marzo El Programa \u201cAmor por el Barrio\u201d acerca de manera itinerante asesoramiento, acompa\u00f1amiento y distintos servicios a las vecinas y los vecinos de Moreno. En esta oportunidad, &hellip; <a href=\"https:\/\/morenoprimero.com.ar\/archivo\/amor-por-el-barrio-en-moreno-centro\/\">Sigue leyendo <span class=\"meta-nav\">&rarr;<\/span><\/a><\/p>\n","protected":false},"author":6,"featured_media":12133,"comment_status":"closed","ping_status":"closed","sticky":false,"template":"","format":"standard","meta":{"footnotes":""},"categories":[2,21,2328],"tags":[1669,6],"class_list":["post-25749","post","type-post","status-publish","format-standard","has-post-thumbnail","hentry","category-destacadas","category-interes-general","category-local","tag-amor-por-el-barrio","tag-moreno"],"_links":{"self":[{"href":"https:\/\/morenoprimero.com.ar\/archivo\/wp-json\/wp\/v2\/posts\/25749","targetHints":{"allow":["GET"]}}],"collection":[{"href":"https:\/\/morenoprimero.com.ar\/archivo\/wp-json\/wp\/v2\/posts"}],"about":[{"href":"https:\/\/morenoprimero.com.ar\/archivo\/wp-json\/wp\/v2\/types\/post"}],"author":[{"embeddable":true,"href":"https:\/\/morenoprimero.com.ar\/archivo\/wp-json\/wp\/v2\/users\/6"}],"replies":[{"embeddable":true,"href":"https:\/\/morenoprimero.com.ar\/archivo\/wp-json\/wp\/v2\/comments?post=25749"}],"version-history":[{"count":1,"href":"https:\/\/morenoprimero.com.ar\/archivo\/wp-json\/wp\/v2\/posts\/25749\/revisions"}],"predecessor-version":[{"id":25751,"href":"https:\/\/morenoprimero.com.ar\/archivo\/wp-json\/wp\/v2\/posts\/25749\/revisions\/25751"}],"wp:featuredmedia":[{"embeddable":true,"href":"https:\/\/morenoprimero.com.ar\/archivo\/wp-json\/wp\/v2\/media\/12133"}],"wp:attachment":[{"href":"https:\/\/morenoprimero.com.ar\/archivo\/wp-json\/wp\/v2\/media?parent=25749"}],"wp:term":[{"taxonomy":"category","embeddable":true,"href":"https:\/\/morenoprimero.com.ar\/archivo\/wp-json\/wp\/v2\/categories?post=25749"},{"taxonomy":"post_tag","embeddable":true,"href":"https:\/\/morenoprimero.com.ar\/archivo\/wp-json\/wp\/v2\/tags?post=25749"}],"curies":[{"name":"wp","href":"https:\/\/api.w.org\/{rel}","templated":true}]}}