{"id":25740,"date":"2022-03-16T14:38:38","date_gmt":"2022-03-16T17:38:38","guid":{"rendered":"https:\/\/morenoprimero.com.ar\/?p=25740"},"modified":"2022-03-16T14:38:39","modified_gmt":"2022-03-16T17:38:39","slug":"seguridad-en-moreno-detuvieron-a-un-hombre-con-pedido-de-captura","status":"publish","type":"post","link":"https:\/\/morenoprimero.com.ar\/archivo\/seguridad-en-moreno-detuvieron-a-un-hombre-con-pedido-de-captura\/","title":{"rendered":"Seguridad en Moreno: detuvieron a un hombre con pedido de captura"},"content":{"rendered":"\n<h5 class=\"wp-block-heading\">En Rafael Castillo, fue detenido un hombre que hab\u00eda cometido un robo junto a otros delincuentes en una casa de Moreno.<\/h5>\n\n\n\n<p>Agentes federales de la Divisi\u00f3n B\u00fasqueda de Pr\u00f3fugos, detuvieron en Rafael Castillo a un hombre que registraba un pedido de captura desde el a\u00f1o pasado por haber cometido el delito de <strong>\u201cRobo agravado con uso de armas de fuego, en poblado y en banda\u00bb<\/strong> en una casa de la localidad de Moreno.<\/p>\n\n\n\n<figure class=\"wp-block-image size-large\"><a href=\"https:\/\/morenoprimero.com.ar\/wp-content\/uploads\/2022\/03\/imagepng.jpg\"><img loading=\"lazy\" decoding=\"async\" width=\"1024\" height=\"566\" src=\"https:\/\/morenoprimero.com.ar\/wp-content\/uploads\/2022\/03\/imagepng-1024x566.jpg\" alt=\"\" class=\"wp-image-25741\" srcset=\"https:\/\/morenoprimero.com.ar\/archivo\/wp-content\/uploads\/2022\/03\/imagepng-1024x566.jpg 1024w, https:\/\/morenoprimero.com.ar\/archivo\/wp-content\/uploads\/2022\/03\/imagepng-300x166.jpg 300w, https:\/\/morenoprimero.com.ar\/archivo\/wp-content\/uploads\/2022\/03\/imagepng-768x424.jpg 768w, https:\/\/morenoprimero.com.ar\/archivo\/wp-content\/uploads\/2022\/03\/imagepng.jpg 1200w\" sizes=\"auto, (max-width: 1024px) 100vw, 1024px\" \/><\/a><\/figure>\n\n\n\n<p>El hecho ocurri\u00f3 el a\u00f1o pasado, donde el detenido junto a dos c\u00f3mplices ya detenidos, cometieron un violento robo en una vivienda en la localidad en la que resid\u00edan dos ancianos. Los sujetos ingresaron utilizando armas de fuego, para luego maniatarlos, robarles dinero y otras cosas de valor.<\/p>\n\n\n\n<p>Luego de esto, <strong>se realizaron amplias investigaciones realizadas por la polic\u00eda durante varios d\u00edas<\/strong> ordenadas por la UFI N\u00ba7 del Departamento Judicial Moreno-General Rodr\u00edguez a cargo del Dr. Ra\u00fal Villalba, establecieron que el buscado se ocultaba en la localidad de Rafael Castillo, La Matanza.<\/p>\n\n\n\n<p>Debido a esta informaci\u00f3n,<strong> los efectivos policiales comenzaron con una discreta vigilancia en la zona que permiti\u00f3 que luego, el hombre pueda ser detenido en la v\u00eda p\u00fablica sobre la calle Thomas Edison al 500<\/strong>. El aprehendido es un uruguayo de 26 a\u00f1os quien qued\u00f3 a disposici\u00f3n del magistrado interventor.<\/p>\n","protected":false},"excerpt":{"rendered":"<p>En Rafael Castillo, fue detenido un hombre que hab\u00eda cometido un robo junto a otros delincuentes en una casa de Moreno. Agentes federales de la Divisi\u00f3n B\u00fasqueda de Pr\u00f3fugos, detuvieron en Rafael Castillo a un hombre que registraba un pedido &hellip; <a href=\"https:\/\/morenoprimero.com.ar\/archivo\/seguridad-en-moreno-detuvieron-a-un-hombre-con-pedido-de-captura\/\">Sigue leyendo <span class=\"meta-nav\">&rarr;<\/span><\/a><\/p>\n","protected":false},"author":6,"featured_media":25742,"comment_status":"closed","ping_status":"closed","sticky":false,"template":"","format":"standard","meta":{"footnotes":""},"categories":[2328,8],"tags":[6,3781,32],"class_list":["post-25740","post","type-post","status-publish","format-standard","has-post-thumbnail","hentry","category-local","category-policiales","tag-moreno","tag-rafael-castillo","tag-seguridad"],"_links":{"self":[{"href":"https:\/\/morenoprimero.com.ar\/archivo\/wp-json\/wp\/v2\/posts\/25740","targetHints":{"allow":["GET"]}}],"collection":[{"href":"https:\/\/morenoprimero.com.ar\/archivo\/wp-json\/wp\/v2\/posts"}],"about":[{"href":"https:\/\/morenoprimero.com.ar\/archivo\/wp-json\/wp\/v2\/types\/post"}],"author":[{"embeddable":true,"href":"https:\/\/morenoprimero.com.ar\/archivo\/wp-json\/wp\/v2\/users\/6"}],"replies":[{"embeddable":true,"href":"https:\/\/morenoprimero.com.ar\/archivo\/wp-json\/wp\/v2\/comments?post=25740"}],"version-history":[{"count":1,"href":"https:\/\/morenoprimero.com.ar\/archivo\/wp-json\/wp\/v2\/posts\/25740\/revisions"}],"predecessor-version":[{"id":25743,"href":"https:\/\/morenoprimero.com.ar\/archivo\/wp-json\/wp\/v2\/posts\/25740\/revisions\/25743"}],"wp:featuredmedia":[{"embeddable":true,"href":"https:\/\/morenoprimero.com.ar\/archivo\/wp-json\/wp\/v2\/media\/25742"}],"wp:attachment":[{"href":"https:\/\/morenoprimero.com.ar\/archivo\/wp-json\/wp\/v2\/media?parent=25740"}],"wp:term":[{"taxonomy":"category","embeddable":true,"href":"https:\/\/morenoprimero.com.ar\/archivo\/wp-json\/wp\/v2\/categories?post=25740"},{"taxonomy":"post_tag","embeddable":true,"href":"https:\/\/morenoprimero.com.ar\/archivo\/wp-json\/wp\/v2\/tags?post=25740"}],"curies":[{"name":"wp","href":"https:\/\/api.w.org\/{rel}","templated":true}]}}