{"id":25733,"date":"2022-03-16T13:02:26","date_gmt":"2022-03-16T16:02:26","guid":{"rendered":"https:\/\/morenoprimero.com.ar\/?p=25733"},"modified":"2022-03-16T13:02:27","modified_gmt":"2022-03-16T16:02:27","slug":"mariel-fernandez-entrego-mas-de-120-equipos-y-kits-gastronomicos-a-248-establecimientos-educativos","status":"publish","type":"post","link":"https:\/\/morenoprimero.com.ar\/archivo\/mariel-fernandez-entrego-mas-de-120-equipos-y-kits-gastronomicos-a-248-establecimientos-educativos\/","title":{"rendered":"Mariel Fern\u00e1ndez entreg\u00f3 m\u00e1s de 120 equipos y kits gastron\u00f3micos a 248 establecimientos educativos"},"content":{"rendered":"\n<p>Recibieron cocinas industriales, heladeras, termotanques y kits con herramientas de cocina.<\/p>\n\n\n\n<p>La intendenta de Moreno, Mariel Fern\u00e1ndez, entreg\u00f3 <strong>kits con herramientas de cocina a 248 instituciones educativas que preparan desayuno y merienda, y equipamiento gastron\u00f3mico a las 72 Escuelas que cuentan con comedor escolar<\/strong>. Estuvo acompa\u00f1ada por trabajadoras y trabajadores de las Escuelas; el director provincial de Seguridad y Soberan\u00eda Alimentaria del Ministerio de Desarrollo de la Comunidad, Bruno Bozzano; la jefa distrital, Karina Ram\u00edrez; el secretario de Cultura, Educaci\u00f3n y Deporte, Roberto del Regno, el secretario de Desarrollo Comunitario, Tom\u00e1s Larrea; y la presidenta de Consejo Escolar, Sonia Beltr\u00e1n.<\/p>\n\n\n\n<p><strong>Las 248 instituciones que reciben con desayuno y merienda a las y los ni\u00f1os recibieron un kit de herramientas de cocinas integrado por multiprocesadoras y ollas; cucharones; pisapapas; pelapapas; espumaderas; asadores; coladores; cuchillas; jarras; platos; tazas; bandejas; paneras; cofias y delantales. Adem\u00e1s, las 72 escuelas que cuentan con comedor escolar, recibieron cocinas industriales, hornos, heladeras con capacidad para m\u00e1s de 373 litros, freezers y termotanques<\/strong>.<\/p>\n\n\n\n<p>Las entregas las realiz\u00f3 el Municipio de Moreno a trav\u00e9s de la Secretar\u00eda de Desarrollo Comunitario junto al Consejo Escolar, con financiamiento del gobierno de la Provincia de Buenos Aires.<\/p>\n\n\n\n<p>\u201c<strong>Necesitamos construir dignidad y garantizar los derechos que el pueblo de Moreno merece. Trabajamos para garantizarle a las y los chicos de nuestra comunidad condiciones dignas para educarse, por eso fuimos trabajando en la reparaci\u00f3n y tambi\u00e9n en los 6.400 juegos de mobiliarios de buena calidad que se compraron para las escuelas<\/strong>\u201d afirm\u00f3 la intendenta y destac\u00f3 que \u201c<strong>Todo lo que se hace es para que las ni\u00f1as y los ni\u00f1os puedan llegar y que su escuela est\u00e9 en condiciones, y que tengan un plato digno, caliente y con todo nutricionalmente como tiene que ser para que puedan comer tranquilos y que puedan disfrutar de la escuela p\u00fablica<\/strong>.\u201d<\/p>\n\n\n\n<p>\u201c<strong>Disfrutemos viendo que le podemos llevar dignidad a nuestra comunidad educativa<\/strong>\u201d, enfatiz\u00f3 Mariel.<\/p>\n\n\n\n<figure class=\"wp-block-gallery columns-2 is-cropped wp-block-gallery-1 is-layout-flex wp-block-gallery-is-layout-flex\"><ul class=\"blocks-gallery-grid\"><li class=\"blocks-gallery-item\"><figure><a href=\"https:\/\/morenoprimero.com.ar\/wp-content\/uploads\/2022\/03\/Entrega1.jpeg\"><img loading=\"lazy\" decoding=\"async\" width=\"1024\" height=\"682\" src=\"https:\/\/morenoprimero.com.ar\/wp-content\/uploads\/2022\/03\/Entrega1-1024x682.jpeg\" alt=\"\" data-id=\"25736\" data-full-url=\"https:\/\/morenoprimero.com.ar\/wp-content\/uploads\/2022\/03\/Entrega1.jpeg\" data-link=\"https:\/\/morenoprimero.com.ar\/?attachment_id=25736\" class=\"wp-image-25736\" srcset=\"https:\/\/morenoprimero.com.ar\/archivo\/wp-content\/uploads\/2022\/03\/Entrega1-1024x682.jpeg 1024w, https:\/\/morenoprimero.com.ar\/archivo\/wp-content\/uploads\/2022\/03\/Entrega1-300x200.jpeg 300w, https:\/\/morenoprimero.com.ar\/archivo\/wp-content\/uploads\/2022\/03\/Entrega1-768x512.jpeg 768w, https:\/\/morenoprimero.com.ar\/archivo\/wp-content\/uploads\/2022\/03\/Entrega1.jpeg 1280w\" sizes=\"auto, (max-width: 1024px) 100vw, 1024px\" \/><\/a><\/figure><\/li><li class=\"blocks-gallery-item\"><figure><a href=\"https:\/\/morenoprimero.com.ar\/wp-content\/uploads\/2022\/03\/Entrega2.jpeg\"><img loading=\"lazy\" decoding=\"async\" width=\"1024\" height=\"682\" src=\"https:\/\/morenoprimero.com.ar\/wp-content\/uploads\/2022\/03\/Entrega2-1024x682.jpeg\" alt=\"\" data-id=\"25737\" data-full-url=\"https:\/\/morenoprimero.com.ar\/wp-content\/uploads\/2022\/03\/Entrega2.jpeg\" data-link=\"https:\/\/morenoprimero.com.ar\/?attachment_id=25737\" class=\"wp-image-25737\" srcset=\"https:\/\/morenoprimero.com.ar\/archivo\/wp-content\/uploads\/2022\/03\/Entrega2-1024x682.jpeg 1024w, https:\/\/morenoprimero.com.ar\/archivo\/wp-content\/uploads\/2022\/03\/Entrega2-300x200.jpeg 300w, https:\/\/morenoprimero.com.ar\/archivo\/wp-content\/uploads\/2022\/03\/Entrega2-768x512.jpeg 768w, https:\/\/morenoprimero.com.ar\/archivo\/wp-content\/uploads\/2022\/03\/Entrega2.jpeg 1280w\" sizes=\"auto, (max-width: 1024px) 100vw, 1024px\" \/><\/a><\/figure><\/li><\/ul><\/figure>\n\n\n\n<p>Por su parte, el director provincial de Seguridad y Soberan\u00eda Alimentaria, expres\u00f3 que \u201c<strong>Celebramos la decisi\u00f3n del gobierno provincial de invertir fuertemente en el Servicio Alimentario Escolar, pero con la decisi\u00f3n pol\u00edtica de un gobierno provincial no alcanza, es necesario el compromiso de los gobiernos municipales y ac\u00e1 lo vemos claramente.<\/strong>&nbsp;Por eso es mucho m\u00e1s gratificante y m\u00e1s f\u00e1cil trabajar con compa\u00f1eros y compa\u00f1eras que vienen y est\u00e1n d\u00eda a d\u00eda en los territorios as\u00ed que ratificamos el compromiso de seguir trabajando para mejorar d\u00eda a d\u00eda el Servicio Alimentario Escolar de Moreno.\u201d<\/p>\n\n\n\n<p>La jefa distrital de educaci\u00f3n, se\u00f1al\u00f3 que \u201c<strong>No quepo en m\u00ed por la felicidad, porque es un momento hist\u00f3rico y de una gran recomposici\u00f3n de derechos<\/strong>. Ver la alegr\u00eda que tienen mis compa\u00f1eros me emociona. Es incre\u00edble que despu\u00e9s de 27 a\u00f1os de caminar el territorio y ver que hoy vamos a tener comedores dignos con elementos que realmente son \u00fatiles, seguros y de buena calidad nos enaltece como escuela y como jefa de todo este sistema educativo de gesti\u00f3n estatal de Moreno realmente gracias queda poco.\u201d<\/p>\n\n\n\n<p>Tambi\u00e9n estuvieron presentes funcionarias y funcionarios del Municipio; concejalas, concejales; y consejeras y consejeras escolares.<\/p>\n\n\n\n<figure class=\"wp-block-image size-large\"><a href=\"https:\/\/morenoprimero.com.ar\/wp-content\/uploads\/2022\/03\/Entrega5.jpeg\"><img loading=\"lazy\" decoding=\"async\" width=\"1024\" height=\"682\" src=\"https:\/\/morenoprimero.com.ar\/wp-content\/uploads\/2022\/03\/Entrega5-1024x682.jpeg\" alt=\"\" class=\"wp-image-25738\" srcset=\"https:\/\/morenoprimero.com.ar\/archivo\/wp-content\/uploads\/2022\/03\/Entrega5-1024x682.jpeg 1024w, https:\/\/morenoprimero.com.ar\/archivo\/wp-content\/uploads\/2022\/03\/Entrega5-300x200.jpeg 300w, https:\/\/morenoprimero.com.ar\/archivo\/wp-content\/uploads\/2022\/03\/Entrega5-768x512.jpeg 768w, https:\/\/morenoprimero.com.ar\/archivo\/wp-content\/uploads\/2022\/03\/Entrega5.jpeg 1280w\" sizes=\"auto, (max-width: 1024px) 100vw, 1024px\" \/><\/a><\/figure>\n","protected":false},"excerpt":{"rendered":"<p>Recibieron cocinas industriales, heladeras, termotanques y kits con herramientas de cocina. La intendenta de Moreno, Mariel Fern\u00e1ndez, entreg\u00f3 kits con herramientas de cocina a 248 instituciones educativas que preparan desayuno y merienda, y equipamiento gastron\u00f3mico a las 72 Escuelas que &hellip; <a href=\"https:\/\/morenoprimero.com.ar\/archivo\/mariel-fernandez-entrego-mas-de-120-equipos-y-kits-gastronomicos-a-248-establecimientos-educativos\/\">Sigue leyendo <span class=\"meta-nav\">&rarr;<\/span><\/a><\/p>\n","protected":false},"author":6,"featured_media":25735,"comment_status":"closed","ping_status":"closed","sticky":false,"template":"","format":"standard","meta":{"footnotes":""},"categories":[2,578,2328],"tags":[186,276],"class_list":["post-25733","post","type-post","status-publish","format-standard","has-post-thumbnail","hentry","category-destacadas","category-educacion","category-local","tag-consejo-escolar","tag-mariel-fernandez"],"_links":{"self":[{"href":"https:\/\/morenoprimero.com.ar\/archivo\/wp-json\/wp\/v2\/posts\/25733","targetHints":{"allow":["GET"]}}],"collection":[{"href":"https:\/\/morenoprimero.com.ar\/archivo\/wp-json\/wp\/v2\/posts"}],"about":[{"href":"https:\/\/morenoprimero.com.ar\/archivo\/wp-json\/wp\/v2\/types\/post"}],"author":[{"embeddable":true,"href":"https:\/\/morenoprimero.com.ar\/archivo\/wp-json\/wp\/v2\/users\/6"}],"replies":[{"embeddable":true,"href":"https:\/\/morenoprimero.com.ar\/archivo\/wp-json\/wp\/v2\/comments?post=25733"}],"version-history":[{"count":2,"href":"https:\/\/morenoprimero.com.ar\/archivo\/wp-json\/wp\/v2\/posts\/25733\/revisions"}],"predecessor-version":[{"id":25810,"href":"https:\/\/morenoprimero.com.ar\/archivo\/wp-json\/wp\/v2\/posts\/25733\/revisions\/25810"}],"wp:featuredmedia":[{"embeddable":true,"href":"https:\/\/morenoprimero.com.ar\/archivo\/wp-json\/wp\/v2\/media\/25735"}],"wp:attachment":[{"href":"https:\/\/morenoprimero.com.ar\/archivo\/wp-json\/wp\/v2\/media?parent=25733"}],"wp:term":[{"taxonomy":"category","embeddable":true,"href":"https:\/\/morenoprimero.com.ar\/archivo\/wp-json\/wp\/v2\/categories?post=25733"},{"taxonomy":"post_tag","embeddable":true,"href":"https:\/\/morenoprimero.com.ar\/archivo\/wp-json\/wp\/v2\/tags?post=25733"}],"curies":[{"name":"wp","href":"https:\/\/api.w.org\/{rel}","templated":true}]}}