{"id":25721,"date":"2022-03-16T09:59:01","date_gmt":"2022-03-16T12:59:01","guid":{"rendered":"https:\/\/morenoprimero.com.ar\/?p=25721"},"modified":"2022-03-16T09:59:02","modified_gmt":"2022-03-16T12:59:02","slug":"alberto-fernandez-encabezo-la-presentacion-del-programa-volve-a-estudiar-en-tecnopolis","status":"publish","type":"post","link":"https:\/\/morenoprimero.com.ar\/archivo\/alberto-fernandez-encabezo-la-presentacion-del-programa-volve-a-estudiar-en-tecnopolis\/","title":{"rendered":"Alberto Fern\u00e1ndez encabez\u00f3 la presentaci\u00f3n del programa \u201cVolv\u00e9 a Estudiar\u201d en Tecn\u00f3polis"},"content":{"rendered":"\n<p>\u201cHoy estamos dando un paso m\u00e1s para que a los que m\u00e1s les cuesta puedan educarse\u201d apunt\u00f3 el presidente, y se\u00f1al\u00f3 que&nbsp;\u201cIncorporamos a la econom\u00eda popular como parte genuina de la sociedad argentina\u00bb.&nbsp;<\/p>\n\n\n\n<p>El presidente, <strong>Alberto Fern\u00e1ndez<\/strong>, encabez\u00f3 la presentaci\u00f3n del programa <strong>Volv\u00e9 a Estudiar<\/strong>, el pasado martes 15 de marzo en Tecn\u00f3polis. El mismo, se encuentra destinado a las y los titulares del plan Potenciar Trabajo con el fin de que puedan finalizar sus estudios primarios y secundarios.\u00a0<\/p>\n\n\n\n<p>El primer mandatario consider\u00f3 que \u201c<strong>no puede haber trabajadores de primera y de segunda, por eso tenemos que lograr que los que hoy trabajan en la econom\u00eda popular sean parte de los empleos formales de la Argentina<\/strong>\u201d. \u00a0<\/p>\n\n\n\n<p>M\u00e1s a\u00fan, la econom\u00eda popular <strong>\u201ces parte de la sociedad argentina y por lo tanto debemos atenderla\u201d porque \u201cnosotros no estamos tranquilos si nuestra gente no puede educarse\u201d<\/strong> <strong>y por eso \u201choy estamos dando un paso m\u00e1s para que a los que m\u00e1s les cuesta puedan educarse\u201d<\/strong> se\u00f1al\u00f3.\u00a0<\/p>\n\n\n\n<p>En el acto estaba presente el ministro de Desarrollo Social, Juan Zabaleta, quien dio detalles del programa. Cada titular del programa Potenciar Trabajo cobrar\u00e1 un bono de 6 mil pesos en abril pr\u00f3ximo que permitir\u00e1 seguir acompa\u00f1ando a los beneficiarios en sus proyectos laborales y estudiantiles.&nbsp;<\/p>\n\n\n\n<p><strong>La econom\u00eda popular en el pa\u00eds, un tema que aborda el Estado<\/strong>\u00a0<\/p>\n\n\n\n<figure class=\"wp-block-image size-full\"><a href=\"https:\/\/morenoprimero.com.ar\/wp-content\/uploads\/2022\/03\/Volve-a-Estudiar.jpg\"><img loading=\"lazy\" decoding=\"async\" width=\"999\" height=\"666\" src=\"https:\/\/morenoprimero.com.ar\/wp-content\/uploads\/2022\/03\/Volve-a-Estudiar.jpg\" alt=\"\" class=\"wp-image-25724\" srcset=\"https:\/\/morenoprimero.com.ar\/archivo\/wp-content\/uploads\/2022\/03\/Volve-a-Estudiar.jpg 999w, https:\/\/morenoprimero.com.ar\/archivo\/wp-content\/uploads\/2022\/03\/Volve-a-Estudiar-300x200.jpg 300w, https:\/\/morenoprimero.com.ar\/archivo\/wp-content\/uploads\/2022\/03\/Volve-a-Estudiar-768x512.jpg 768w\" sizes=\"auto, (max-width: 999px) 100vw, 999px\" \/><\/a><\/figure>\n\n\n\n<p>Respecto a la econom\u00eda popular en el pa\u00eds, el jefe de Estado apunt\u00f3 que\u00a0\u201c<strong>es hora de que la pongamos en valor y entendamos que hay much\u00edsimos argentinos que no han podido acceder al empleo formal pero que han seguido trabajando con el auxilio del Estado, asoci\u00e1ndose en cooperativas, y buscando remontar sus vidas en momentos muy dif\u00edciles<\/strong>\u201d.\u00a0<\/p>\n\n\n\n<p>\u201cIncorporamos a la econom\u00eda popular como parte genuina de la sociedad argentina con trabajadores de la educaci\u00f3n que ense\u00f1an a otros para que puedan mejorar sus condiciones.\u201d, expres\u00f3, y continu\u00f3 \u201cEstamos invirtiendo en el futuro de la Argentina\u201d, en el marco de una \u201csociedad que cada d\u00eda requiere que seamos mejores en el conocimiento\u201d.&nbsp;<\/p>\n\n\n\n<p>Adem\u00e1s del ministro Zabaleta, en la Nave de la Ciencia, donde se desarroll\u00f3 el acto, se encontraban el titular de educaci\u00f3n, Jaime Perczyk; el secretario de Econom\u00eda Social, Emilio P\u00e9rsico; y otros funcionarios y funcionarias nacionales y provinciales.&nbsp;<\/p>\n\n\n\n<p><strong>Perczyk<\/strong> infirm\u00f3 que desde el Gobierno nacional sostienen <strong>tres premisas centrales en materia educativa que \u201cincluyen la presencialidad plena, con 190 d\u00edas de clase en todo el pa\u00eds; 8.200.000 de libros de Lengua y Matem\u00e1tica para todos los chicos de la escuela p\u00fablica argentina; y la reposici\u00f3n del programa Conectar Igualdad para dar oportunidades a todos\u201d.<\/strong>\u00a0<\/p>\n\n\n\n<p>En tanto<strong>, Zabaleta<\/strong> explic\u00f3 que el programa representa <strong>\u201cla posibilidad de ir a buscar argentinos para que puedan terminar la escuela primaria y secundaria, y acompa\u00f1arlos en sus estudios terciarios y universitarios\u201d, y precis\u00f3: \u201cHay que poner a la Argentina de pie, reconstruyendo el trabajo como ordenador social en el mundo y en nuestro pa\u00eds\u201d<\/strong>.\u00a0<\/p>\n\n\n\n<p>Dos tutoras de la iniciativa, Daiana Moyano y Victoria Espinoza, explicaron parte de sus tareas en el marco del programa y la forma en la que vinculan a las y los beneficiarios para lograr la finalizaci\u00f3n de la propuesta educativa en las diferentes jurisdicciones, y consideraron que \u201ces una oportunidad incre\u00edble para muchas personas y entusiasma poder acompa\u00f1ar y guiar a estos estudiantes en toda su trayectoria\u201d.&nbsp;<\/p>\n\n\n\n<p>El programa Potenciar Trabajo busca promover la inclusi\u00f3n social plena y mejorar los ingresos de quienes est\u00e1n en situaci\u00f3n de alta vulnerabilidad para que alcancen la autonom\u00eda econ\u00f3mica. Su objetivo es favorecer y hacer m\u00e1s accesible a los y las titulares del plan la oferta educativa, en especial del Plan FINES, para lograr que miles de personas terminen sus estudios en los niveles obligatorios previstos por la Ley de Educaci\u00f3n.&nbsp;<\/p>\n","protected":false},"excerpt":{"rendered":"<p>\u201cHoy estamos dando un paso m\u00e1s para que a los que m\u00e1s les cuesta puedan educarse\u201d apunt\u00f3 el presidente, y se\u00f1al\u00f3 que&nbsp;\u201cIncorporamos a la econom\u00eda popular como parte genuina de la sociedad argentina\u00bb.&nbsp; El presidente, Alberto Fern\u00e1ndez, encabez\u00f3 la presentaci\u00f3n &hellip; <a href=\"https:\/\/morenoprimero.com.ar\/archivo\/alberto-fernandez-encabezo-la-presentacion-del-programa-volve-a-estudiar-en-tecnopolis\/\">Sigue leyendo <span class=\"meta-nav\">&rarr;<\/span><\/a><\/p>\n","protected":false},"author":6,"featured_media":25722,"comment_status":"closed","ping_status":"closed","sticky":false,"template":"","format":"standard","meta":{"footnotes":""},"categories":[2,578,2330],"tags":[645,368,1589],"class_list":["post-25721","post","type-post","status-publish","format-standard","has-post-thumbnail","hentry","category-destacadas","category-educacion","category-nacional","tag-alberto-fernandez-2","tag-economia-popular","tag-educacion-2"],"_links":{"self":[{"href":"https:\/\/morenoprimero.com.ar\/archivo\/wp-json\/wp\/v2\/posts\/25721","targetHints":{"allow":["GET"]}}],"collection":[{"href":"https:\/\/morenoprimero.com.ar\/archivo\/wp-json\/wp\/v2\/posts"}],"about":[{"href":"https:\/\/morenoprimero.com.ar\/archivo\/wp-json\/wp\/v2\/types\/post"}],"author":[{"embeddable":true,"href":"https:\/\/morenoprimero.com.ar\/archivo\/wp-json\/wp\/v2\/users\/6"}],"replies":[{"embeddable":true,"href":"https:\/\/morenoprimero.com.ar\/archivo\/wp-json\/wp\/v2\/comments?post=25721"}],"version-history":[{"count":1,"href":"https:\/\/morenoprimero.com.ar\/archivo\/wp-json\/wp\/v2\/posts\/25721\/revisions"}],"predecessor-version":[{"id":25725,"href":"https:\/\/morenoprimero.com.ar\/archivo\/wp-json\/wp\/v2\/posts\/25721\/revisions\/25725"}],"wp:featuredmedia":[{"embeddable":true,"href":"https:\/\/morenoprimero.com.ar\/archivo\/wp-json\/wp\/v2\/media\/25722"}],"wp:attachment":[{"href":"https:\/\/morenoprimero.com.ar\/archivo\/wp-json\/wp\/v2\/media?parent=25721"}],"wp:term":[{"taxonomy":"category","embeddable":true,"href":"https:\/\/morenoprimero.com.ar\/archivo\/wp-json\/wp\/v2\/categories?post=25721"},{"taxonomy":"post_tag","embeddable":true,"href":"https:\/\/morenoprimero.com.ar\/archivo\/wp-json\/wp\/v2\/tags?post=25721"}],"curies":[{"name":"wp","href":"https:\/\/api.w.org\/{rel}","templated":true}]}}