{"id":25713,"date":"2022-03-15T18:29:04","date_gmt":"2022-03-15T21:29:04","guid":{"rendered":"https:\/\/morenoprimero.com.ar\/?p=25713"},"modified":"2022-03-15T18:29:05","modified_gmt":"2022-03-15T21:29:05","slug":"transporte-la-perlita-servicios-reducidos-en-la-tarde-del-martes","status":"publish","type":"post","link":"https:\/\/morenoprimero.com.ar\/archivo\/transporte-la-perlita-servicios-reducidos-en-la-tarde-del-martes\/","title":{"rendered":"Transporte La Perlita: Servicios reducidos en la tarde del martes"},"content":{"rendered":"\n<h5 class=\"wp-block-heading\">Los delegados de la Uni\u00f3n Tranviario Automotores salieron a reclamar por el despido de un trabajador y hay demoras en el servicio.<\/h5>\n\n\n\n<p>Debido al conflicto entre las partes, durante el mediod\u00eda de este martes y a lo largo de toda la tarde, se vieron demorados los pasajeros que toman el transporte diariamente.<\/p>\n\n\n\n<p>Hasta el momento, se espera que el servicio contin\u00fae de esta manera, <strong>pero voceros de la empresa La Perlita reportaron que se est\u00e1n llevando a cabo las negociaciones correspondientes para que la situaci\u00f3n vuelva a la normalidad y los pasajeros puedan tomar el transporte sin demoras.\u00a0<\/strong><\/p>\n","protected":false},"excerpt":{"rendered":"<p>Los delegados de la Uni\u00f3n Tranviario Automotores salieron a reclamar por el despido de un trabajador y hay demoras en el servicio. Debido al conflicto entre las partes, durante el mediod\u00eda de este martes y a lo largo de toda &hellip; <a href=\"https:\/\/morenoprimero.com.ar\/archivo\/transporte-la-perlita-servicios-reducidos-en-la-tarde-del-martes\/\">Sigue leyendo <span class=\"meta-nav\">&rarr;<\/span><\/a><\/p>\n","protected":false},"author":6,"featured_media":25714,"comment_status":"closed","ping_status":"closed","sticky":false,"template":"","format":"standard","meta":{"footnotes":""},"categories":[3,2328],"tags":[656,6],"class_list":["post-25713","post","type-post","status-publish","format-standard","has-post-thumbnail","hentry","category-importantes","category-local","tag-la-perlita","tag-moreno"],"_links":{"self":[{"href":"https:\/\/morenoprimero.com.ar\/archivo\/wp-json\/wp\/v2\/posts\/25713","targetHints":{"allow":["GET"]}}],"collection":[{"href":"https:\/\/morenoprimero.com.ar\/archivo\/wp-json\/wp\/v2\/posts"}],"about":[{"href":"https:\/\/morenoprimero.com.ar\/archivo\/wp-json\/wp\/v2\/types\/post"}],"author":[{"embeddable":true,"href":"https:\/\/morenoprimero.com.ar\/archivo\/wp-json\/wp\/v2\/users\/6"}],"replies":[{"embeddable":true,"href":"https:\/\/morenoprimero.com.ar\/archivo\/wp-json\/wp\/v2\/comments?post=25713"}],"version-history":[{"count":1,"href":"https:\/\/morenoprimero.com.ar\/archivo\/wp-json\/wp\/v2\/posts\/25713\/revisions"}],"predecessor-version":[{"id":25715,"href":"https:\/\/morenoprimero.com.ar\/archivo\/wp-json\/wp\/v2\/posts\/25713\/revisions\/25715"}],"wp:featuredmedia":[{"embeddable":true,"href":"https:\/\/morenoprimero.com.ar\/archivo\/wp-json\/wp\/v2\/media\/25714"}],"wp:attachment":[{"href":"https:\/\/morenoprimero.com.ar\/archivo\/wp-json\/wp\/v2\/media?parent=25713"}],"wp:term":[{"taxonomy":"category","embeddable":true,"href":"https:\/\/morenoprimero.com.ar\/archivo\/wp-json\/wp\/v2\/categories?post=25713"},{"taxonomy":"post_tag","embeddable":true,"href":"https:\/\/morenoprimero.com.ar\/archivo\/wp-json\/wp\/v2\/tags?post=25713"}],"curies":[{"name":"wp","href":"https:\/\/api.w.org\/{rel}","templated":true}]}}