{"id":25707,"date":"2022-03-18T09:34:59","date_gmt":"2022-03-18T12:34:59","guid":{"rendered":"https:\/\/morenoprimero.com.ar\/?p=25707"},"modified":"2022-03-18T09:35:00","modified_gmt":"2022-03-18T12:35:00","slug":"comenzaron-los-cursos-2022-en-la-escuela-de-formacion-tecnico-laboral-de-moreno","status":"publish","type":"post","link":"https:\/\/morenoprimero.com.ar\/archivo\/comenzaron-los-cursos-2022-en-la-escuela-de-formacion-tecnico-laboral-de-moreno\/","title":{"rendered":"Comenzaron los cursos 2022 en la Escuela de Formaci\u00f3n T\u00e9cnico Laboral de Moreno"},"content":{"rendered":"\n<h5 class=\"wp-block-heading\">El municipio contin\u00faa ofreciendo cursos de capacitaci\u00f3n laboral t\u00e9cnico profesional, a\u00f1adiendo&nbsp;nuevos cursos y aumentando la cantidad de cupos anuales.<\/h5>\n\n\n\n<p>Arrancaron los cursos de este a\u00f1o en los distintos Centros de Formaci\u00f3n Profesional en todo Moreno, ofreciendo nuevos cursos de trabajo y ampliando la capacidad de los Centros <strong>para que m\u00e1s morenenses puedan disfrutar de una formaci\u00f3n de calidad, y de esta manera, poder insertarse de mejor manera en el mundo laboral.<\/strong><\/p>\n\n\n\n<p>Estos Centros, tienen como objetivo:<strong> \u201cFormar a las personas para el trabajo teniendo experiencias t\u00e9cnicas del oficio como tambi\u00e9n integraci\u00f3n social bajo los valores de solidaridad, respeto, compromiso y \u00e9tica profesional. Para que les permita lograr una proyecci\u00f3n, teniendo un rol como ciudadano productivo siendo cr\u00edtico de la realidad que lo rodea\u201d.<\/strong><\/p>\n\n\n\n<figure class=\"wp-block-gallery columns-2 is-cropped wp-block-gallery-1 is-layout-flex wp-block-gallery-is-layout-flex\"><ul class=\"blocks-gallery-grid\"><li class=\"blocks-gallery-item\"><figure><a href=\"https:\/\/morenoprimero.com.ar\/wp-content\/uploads\/2022\/03\/DM_20220315163339_001.jpg\"><img loading=\"lazy\" decoding=\"async\" width=\"1024\" height=\"683\" src=\"https:\/\/morenoprimero.com.ar\/wp-content\/uploads\/2022\/03\/DM_20220315163339_001-1024x683.jpg\" alt=\"\" data-id=\"25710\" data-full-url=\"https:\/\/morenoprimero.com.ar\/wp-content\/uploads\/2022\/03\/DM_20220315163339_001.jpg\" data-link=\"https:\/\/morenoprimero.com.ar\/?attachment_id=25710\" class=\"wp-image-25710\" srcset=\"https:\/\/morenoprimero.com.ar\/archivo\/wp-content\/uploads\/2022\/03\/DM_20220315163339_001-1024x683.jpg 1024w, https:\/\/morenoprimero.com.ar\/archivo\/wp-content\/uploads\/2022\/03\/DM_20220315163339_001-300x200.jpg 300w, https:\/\/morenoprimero.com.ar\/archivo\/wp-content\/uploads\/2022\/03\/DM_20220315163339_001-768x512.jpg 768w, https:\/\/morenoprimero.com.ar\/archivo\/wp-content\/uploads\/2022\/03\/DM_20220315163339_001.jpg 1080w\" sizes=\"auto, (max-width: 1024px) 100vw, 1024px\" \/><\/a><\/figure><\/li><li class=\"blocks-gallery-item\"><figure><a href=\"https:\/\/morenoprimero.com.ar\/wp-content\/uploads\/2022\/03\/DM_20220315163401_001.jpg\"><img loading=\"lazy\" decoding=\"async\" width=\"1024\" height=\"683\" src=\"https:\/\/morenoprimero.com.ar\/wp-content\/uploads\/2022\/03\/DM_20220315163401_001-1024x683.jpg\" alt=\"\" data-id=\"25708\" data-full-url=\"https:\/\/morenoprimero.com.ar\/wp-content\/uploads\/2022\/03\/DM_20220315163401_001.jpg\" data-link=\"https:\/\/morenoprimero.com.ar\/?attachment_id=25708\" class=\"wp-image-25708\" srcset=\"https:\/\/morenoprimero.com.ar\/archivo\/wp-content\/uploads\/2022\/03\/DM_20220315163401_001-1024x683.jpg 1024w, https:\/\/morenoprimero.com.ar\/archivo\/wp-content\/uploads\/2022\/03\/DM_20220315163401_001-300x200.jpg 300w, https:\/\/morenoprimero.com.ar\/archivo\/wp-content\/uploads\/2022\/03\/DM_20220315163401_001-768x512.jpg 768w, https:\/\/morenoprimero.com.ar\/archivo\/wp-content\/uploads\/2022\/03\/DM_20220315163401_001.jpg 1080w\" sizes=\"auto, (max-width: 1024px) 100vw, 1024px\" \/><\/a><\/figure><\/li><\/ul><\/figure>\n\n\n\n<p>Adem\u00e1s, en los Centros trabajan cada vez m\u00e1s docentes, maestros de Adultos, tanto primarios como profesores de secundaria, con profesionales terciarios y universitarios. Como planta funcional aprobada (POF), director, regente, secretario, preceptor y pa\u00f1olero.<\/p>\n\n\n\n<p>Para este a\u00f1o, se agregaron los cursos de Reparaci\u00f3n de muebles y el curso de Portugu\u00e9s Gastron\u00f3mico. Tambi\u00e9n hay cursos de Arte y Decoraci\u00f3n, de textiles, de construcci\u00f3n, tambi\u00e9n un curso agrario donde se ense\u00f1a a trabajar la tierra, hay cursos de inform\u00e1tica, de est\u00e9tica y de gastronom\u00eda. Adem\u00e1s, del cl\u00e1sico curso de jardiner\u00eda, de auxiliar de familia con especialidad en ni\u00f1os, de electricista o de mec\u00e1nica, entre otros.<\/p>\n\n\n\n<p>Los cursos se dictan en espacios cedidos en escuelas, sociedades de fomento, asociaciones civiles, mutuales, entidades de bien p\u00fablico, organizaciones no gubernamentales, centros culturales, sindicatos y asociaciones vecinales, asociaciones de gran trabajo social, todos distribuidos en los distintas localidades como El Trujuy, Francisco \u00c1lvarez, Cuartel V, La Perlita, Altos de Moreno, Parque los Robles, Lomas de Marilo, Reja Grande y Reja Chica, Moreno Centro, Norte y Sur.<\/p>\n","protected":false},"excerpt":{"rendered":"<p>El municipio contin\u00faa ofreciendo cursos de capacitaci\u00f3n laboral t\u00e9cnico profesional, a\u00f1adiendo&nbsp;nuevos cursos y aumentando la cantidad de cupos anuales. Arrancaron los cursos de este a\u00f1o en los distintos Centros de Formaci\u00f3n Profesional en todo Moreno, ofreciendo nuevos cursos de trabajo &hellip; <a href=\"https:\/\/morenoprimero.com.ar\/archivo\/comenzaron-los-cursos-2022-en-la-escuela-de-formacion-tecnico-laboral-de-moreno\/\">Sigue leyendo <span class=\"meta-nav\">&rarr;<\/span><\/a><\/p>\n","protected":false},"author":6,"featured_media":25709,"comment_status":"closed","ping_status":"open","sticky":false,"template":"","format":"standard","meta":{"footnotes":""},"categories":[3,2328],"tags":[3778,3777,6],"class_list":["post-25707","post","type-post","status-publish","format-standard","has-post-thumbnail","hentry","category-importantes","category-local","tag-cfpm","tag-formacion-laboral","tag-moreno"],"_links":{"self":[{"href":"https:\/\/morenoprimero.com.ar\/archivo\/wp-json\/wp\/v2\/posts\/25707","targetHints":{"allow":["GET"]}}],"collection":[{"href":"https:\/\/morenoprimero.com.ar\/archivo\/wp-json\/wp\/v2\/posts"}],"about":[{"href":"https:\/\/morenoprimero.com.ar\/archivo\/wp-json\/wp\/v2\/types\/post"}],"author":[{"embeddable":true,"href":"https:\/\/morenoprimero.com.ar\/archivo\/wp-json\/wp\/v2\/users\/6"}],"replies":[{"embeddable":true,"href":"https:\/\/morenoprimero.com.ar\/archivo\/wp-json\/wp\/v2\/comments?post=25707"}],"version-history":[{"count":3,"href":"https:\/\/morenoprimero.com.ar\/archivo\/wp-json\/wp\/v2\/posts\/25707\/revisions"}],"predecessor-version":[{"id":25794,"href":"https:\/\/morenoprimero.com.ar\/archivo\/wp-json\/wp\/v2\/posts\/25707\/revisions\/25794"}],"wp:featuredmedia":[{"embeddable":true,"href":"https:\/\/morenoprimero.com.ar\/archivo\/wp-json\/wp\/v2\/media\/25709"}],"wp:attachment":[{"href":"https:\/\/morenoprimero.com.ar\/archivo\/wp-json\/wp\/v2\/media?parent=25707"}],"wp:term":[{"taxonomy":"category","embeddable":true,"href":"https:\/\/morenoprimero.com.ar\/archivo\/wp-json\/wp\/v2\/categories?post=25707"},{"taxonomy":"post_tag","embeddable":true,"href":"https:\/\/morenoprimero.com.ar\/archivo\/wp-json\/wp\/v2\/tags?post=25707"}],"curies":[{"name":"wp","href":"https:\/\/api.w.org\/{rel}","templated":true}]}}