{"id":25697,"date":"2022-03-15T16:56:54","date_gmt":"2022-03-15T19:56:54","guid":{"rendered":"https:\/\/morenoprimero.com.ar\/?p=25697"},"modified":"2022-03-15T16:56:55","modified_gmt":"2022-03-15T19:56:55","slug":"el-acceso-a-la-justicia-para-todos-y-todas-como-una-politica-fundamental-del-municipio-de-moreno","status":"publish","type":"post","link":"https:\/\/morenoprimero.com.ar\/archivo\/el-acceso-a-la-justicia-para-todos-y-todas-como-una-politica-fundamental-del-municipio-de-moreno\/","title":{"rendered":"El Acceso a la Justicia para todos y todas como una pol\u00edtica fundamental del municipio de Moreno"},"content":{"rendered":"\n<h5 class=\"wp-block-heading\">En Moreno existe una pol\u00edtica p\u00fablica pensada para garantizar el derecho al acceso a la justicia para todos los vecinos y vecinas de cada barrio: Las casas de Justicia.\u00a0<\/h5>\n\n\n\n<p>El acceso a la Justicia, a la posibilidad de ser asesorado en nuestros derechos como ciudadanos y ciudadanas, de reconocerlos o realizar una denuncia en caso de ser necesario, es una cuesti\u00f3n b\u00e1sica para poder vivir dignamente. Los sectores m\u00e1s postergados, que ven muchos de sus derechos hist\u00f3ricamente vulnerados, a menudo, tienen serias dificultades para poder acercarse a una sede judicial. Y si lo hacen no siempre se les garantiza, como es debido, la informaci\u00f3n de forma correcta.\u00a0<\/p>\n\n\n\n<p>En este sentido, <strong>las Casas de Justicia<\/strong> vienen a ocupar un rol fundamental en los territorios para que el acceso a la justicia sea democr\u00e1tico y realmente abarcativo.<\/p>\n\n\n\n<p>Con respecto a este programa, la coordinadora general de Casas de Justicia y asistencia a la v\u00edctima de la Secretar\u00eda de justicia y DDHH del municipio de Moreno, <strong>Jesica Brigandi, <\/strong>convers\u00f3 con Moreno Primero, y dijo: <strong>\u00a0\u00abLas casas de justicia fueron pensadas para garantizar el derecho constitucional de acceso a la justicia. Muchas veces las personas de los barrios m\u00e1s postergados no puede acercarse a las sedes judiciales o administrativas de los centros urbanos, lo que implica tambi\u00e9n un impedimento en la garant\u00eda de ese derecho\u00bb, <\/strong>y agreg\u00f3 adem\u00e1s, con respecto a qu\u00e9 \u00e1reas abarca esta pol\u00edtica p\u00fablica que <strong>\u00aben las casas de justicia est\u00e1n todas las \u00e1reas de la Secretar\u00eda de Justicia y DDHH desplegadas en el territorio: Atenci\u00f3n a victimas, asesoramiento jur\u00eddico, programas de identidad, derechos humanos, programa de apoyo a migrantes, derechos de usuarios y consumidores, mediaciones comunitarias\u00bb.<\/strong><\/p>\n\n\n\n<figure class=\"wp-block-gallery columns-3 is-cropped wp-block-gallery-1 is-layout-flex wp-block-gallery-is-layout-flex\"><ul class=\"blocks-gallery-grid\"><li class=\"blocks-gallery-item\"><figure><a href=\"https:\/\/morenoprimero.com.ar\/wp-content\/uploads\/2022\/03\/WhatsApp_Image_2022-03-15_at_3.05.07_PM.jpg\"><img loading=\"lazy\" decoding=\"async\" width=\"1024\" height=\"682\" src=\"https:\/\/morenoprimero.com.ar\/wp-content\/uploads\/2022\/03\/WhatsApp_Image_2022-03-15_at_3.05.07_PM-1024x682.jpg\" alt=\"\" data-id=\"25704\" data-full-url=\"https:\/\/morenoprimero.com.ar\/wp-content\/uploads\/2022\/03\/WhatsApp_Image_2022-03-15_at_3.05.07_PM.jpg\" data-link=\"https:\/\/morenoprimero.com.ar\/?attachment_id=25704\" class=\"wp-image-25704\" srcset=\"https:\/\/morenoprimero.com.ar\/archivo\/wp-content\/uploads\/2022\/03\/WhatsApp_Image_2022-03-15_at_3.05.07_PM-1024x682.jpg 1024w, https:\/\/morenoprimero.com.ar\/archivo\/wp-content\/uploads\/2022\/03\/WhatsApp_Image_2022-03-15_at_3.05.07_PM-300x200.jpg 300w, https:\/\/morenoprimero.com.ar\/archivo\/wp-content\/uploads\/2022\/03\/WhatsApp_Image_2022-03-15_at_3.05.07_PM-768x512.jpg 768w, https:\/\/morenoprimero.com.ar\/archivo\/wp-content\/uploads\/2022\/03\/WhatsApp_Image_2022-03-15_at_3.05.07_PM.jpg 1280w\" sizes=\"auto, (max-width: 1024px) 100vw, 1024px\" \/><\/a><\/figure><\/li><li class=\"blocks-gallery-item\"><figure><a href=\"https:\/\/morenoprimero.com.ar\/wp-content\/uploads\/2022\/03\/WhatsApp_Image_2022-03-15_at_3.05.07_PM-1.jpg\"><img loading=\"lazy\" decoding=\"async\" width=\"1024\" height=\"682\" src=\"https:\/\/morenoprimero.com.ar\/wp-content\/uploads\/2022\/03\/WhatsApp_Image_2022-03-15_at_3.05.07_PM-1-1024x682.jpg\" alt=\"\" data-id=\"25703\" data-full-url=\"https:\/\/morenoprimero.com.ar\/wp-content\/uploads\/2022\/03\/WhatsApp_Image_2022-03-15_at_3.05.07_PM-1.jpg\" data-link=\"https:\/\/morenoprimero.com.ar\/?attachment_id=25703\" class=\"wp-image-25703\" srcset=\"https:\/\/morenoprimero.com.ar\/archivo\/wp-content\/uploads\/2022\/03\/WhatsApp_Image_2022-03-15_at_3.05.07_PM-1-1024x682.jpg 1024w, https:\/\/morenoprimero.com.ar\/archivo\/wp-content\/uploads\/2022\/03\/WhatsApp_Image_2022-03-15_at_3.05.07_PM-1-300x200.jpg 300w, https:\/\/morenoprimero.com.ar\/archivo\/wp-content\/uploads\/2022\/03\/WhatsApp_Image_2022-03-15_at_3.05.07_PM-1-768x512.jpg 768w, https:\/\/morenoprimero.com.ar\/archivo\/wp-content\/uploads\/2022\/03\/WhatsApp_Image_2022-03-15_at_3.05.07_PM-1.jpg 1280w\" sizes=\"auto, (max-width: 1024px) 100vw, 1024px\" \/><\/a><\/figure><\/li><li class=\"blocks-gallery-item\"><figure><a href=\"https:\/\/morenoprimero.com.ar\/wp-content\/uploads\/2022\/03\/WhatsApp_Image_2022-03-15_at_3.05.08_PM-1.jpg\"><img loading=\"lazy\" decoding=\"async\" width=\"1024\" height=\"682\" src=\"https:\/\/morenoprimero.com.ar\/wp-content\/uploads\/2022\/03\/WhatsApp_Image_2022-03-15_at_3.05.08_PM-1-1024x682.jpg\" alt=\"\" data-id=\"25700\" data-full-url=\"https:\/\/morenoprimero.com.ar\/wp-content\/uploads\/2022\/03\/WhatsApp_Image_2022-03-15_at_3.05.08_PM-1.jpg\" data-link=\"https:\/\/morenoprimero.com.ar\/?attachment_id=25700\" class=\"wp-image-25700\" srcset=\"https:\/\/morenoprimero.com.ar\/archivo\/wp-content\/uploads\/2022\/03\/WhatsApp_Image_2022-03-15_at_3.05.08_PM-1-1024x682.jpg 1024w, https:\/\/morenoprimero.com.ar\/archivo\/wp-content\/uploads\/2022\/03\/WhatsApp_Image_2022-03-15_at_3.05.08_PM-1-300x200.jpg 300w, https:\/\/morenoprimero.com.ar\/archivo\/wp-content\/uploads\/2022\/03\/WhatsApp_Image_2022-03-15_at_3.05.08_PM-1-768x512.jpg 768w, https:\/\/morenoprimero.com.ar\/archivo\/wp-content\/uploads\/2022\/03\/WhatsApp_Image_2022-03-15_at_3.05.08_PM-1.jpg 1280w\" sizes=\"auto, (max-width: 1024px) 100vw, 1024px\" \/><\/a><\/figure><\/li><\/ul><\/figure>\n\n\n\n<p>Dependiendo de las caracter\u00edsticas de la consulta, desde las casas de justicia se articula con todas las \u00e1reas que sea necesario, no solo las municipales. Y si bien no se reciben denuncias porque no es una sede judicial, las casas funcionan como un canal para que la gente pueda efectivizar la denuncia, tanto en fiscal\u00eda como en comisar\u00eda. Con respecto al alcance del abordaje de las casas en cada caso, Jesica nos cont\u00f3 que<strong> \u00abel alcance de la intervenci\u00f3n es integral. Escuchamos a la persona, que llega con alguna consulta puntual, pero despu\u00e9s a trav\u00e9s de la escucha nos empezamos a encontrar con diferentes vulneraciones o falta de acceso a derechos y empezamos a trabajar en las distintas l\u00edneas. Tambi\u00e9n en el caso de que se realice una denuncia hacemos luego todo un seguimiento del caso, ver en qu\u00e9 fiscal\u00eda recay\u00f3, qu\u00e9 medidas se van a tomar, y nos involucramos en&nbsp; algo que es clave en cuanto al cumplimiento de la ley de v\u00edctimas (15.232), el acceso a la informaci\u00f3n del expediente por parte de la v\u00edctima o persona que denuncia, en lenguaje claro y accesible\u00bb.&nbsp;<\/strong><\/p>\n\n\n\n<p>En cuanto a cu\u00e1les son las consultas que m\u00e1s se vienen recibiendo en las casas Jesica, mencion\u00f3: <strong>\u00abLas principales consultas en base a estad\u00edsticas que venimos midiendo son la atenci\u00f3n a v\u00edctimas de delitos, asesoramiento jur\u00eddico por derechos varios, como alimentos, todo lo vinculado a familia, pero tambi\u00e9n laboral\u00bb.<\/strong><\/p>\n\n\n\n<figure class=\"wp-block-gallery columns-3 is-cropped wp-block-gallery-2 is-layout-flex wp-block-gallery-is-layout-flex\"><ul class=\"blocks-gallery-grid\"><li class=\"blocks-gallery-item\"><figure><a href=\"https:\/\/morenoprimero.com.ar\/wp-content\/uploads\/2022\/03\/WhatsApp_Image_2022-03-15_at_3.05.08_PM-3.jpg\"><img loading=\"lazy\" decoding=\"async\" width=\"1024\" height=\"682\" src=\"https:\/\/morenoprimero.com.ar\/wp-content\/uploads\/2022\/03\/WhatsApp_Image_2022-03-15_at_3.05.08_PM-3-1024x682.jpg\" alt=\"\" data-id=\"25698\" data-full-url=\"https:\/\/morenoprimero.com.ar\/wp-content\/uploads\/2022\/03\/WhatsApp_Image_2022-03-15_at_3.05.08_PM-3.jpg\" data-link=\"https:\/\/morenoprimero.com.ar\/?attachment_id=25698\" class=\"wp-image-25698\" srcset=\"https:\/\/morenoprimero.com.ar\/archivo\/wp-content\/uploads\/2022\/03\/WhatsApp_Image_2022-03-15_at_3.05.08_PM-3-1024x682.jpg 1024w, https:\/\/morenoprimero.com.ar\/archivo\/wp-content\/uploads\/2022\/03\/WhatsApp_Image_2022-03-15_at_3.05.08_PM-3-300x200.jpg 300w, https:\/\/morenoprimero.com.ar\/archivo\/wp-content\/uploads\/2022\/03\/WhatsApp_Image_2022-03-15_at_3.05.08_PM-3-768x512.jpg 768w, https:\/\/morenoprimero.com.ar\/archivo\/wp-content\/uploads\/2022\/03\/WhatsApp_Image_2022-03-15_at_3.05.08_PM-3.jpg 1280w\" sizes=\"auto, (max-width: 1024px) 100vw, 1024px\" \/><\/a><\/figure><\/li><li class=\"blocks-gallery-item\"><figure><a href=\"https:\/\/morenoprimero.com.ar\/wp-content\/uploads\/2022\/03\/WhatsApp_Image_2022-03-15_at_3.05.08_PM-2.jpg\"><img loading=\"lazy\" decoding=\"async\" width=\"1024\" height=\"682\" src=\"https:\/\/morenoprimero.com.ar\/wp-content\/uploads\/2022\/03\/WhatsApp_Image_2022-03-15_at_3.05.08_PM-2-1024x682.jpg\" alt=\"\" data-id=\"25699\" data-full-url=\"https:\/\/morenoprimero.com.ar\/wp-content\/uploads\/2022\/03\/WhatsApp_Image_2022-03-15_at_3.05.08_PM-2.jpg\" data-link=\"https:\/\/morenoprimero.com.ar\/?attachment_id=25699\" class=\"wp-image-25699\" srcset=\"https:\/\/morenoprimero.com.ar\/archivo\/wp-content\/uploads\/2022\/03\/WhatsApp_Image_2022-03-15_at_3.05.08_PM-2-1024x682.jpg 1024w, https:\/\/morenoprimero.com.ar\/archivo\/wp-content\/uploads\/2022\/03\/WhatsApp_Image_2022-03-15_at_3.05.08_PM-2-300x200.jpg 300w, https:\/\/morenoprimero.com.ar\/archivo\/wp-content\/uploads\/2022\/03\/WhatsApp_Image_2022-03-15_at_3.05.08_PM-2-768x512.jpg 768w, https:\/\/morenoprimero.com.ar\/archivo\/wp-content\/uploads\/2022\/03\/WhatsApp_Image_2022-03-15_at_3.05.08_PM-2.jpg 1280w\" sizes=\"auto, (max-width: 1024px) 100vw, 1024px\" \/><\/a><\/figure><\/li><li class=\"blocks-gallery-item\"><figure><a href=\"https:\/\/morenoprimero.com.ar\/wp-content\/uploads\/2022\/03\/WhatsApp_Image_2022-03-15_at_3.05.07_PM-2.jpg\"><img loading=\"lazy\" decoding=\"async\" width=\"1024\" height=\"682\" src=\"https:\/\/morenoprimero.com.ar\/wp-content\/uploads\/2022\/03\/WhatsApp_Image_2022-03-15_at_3.05.07_PM-2-1024x682.jpg\" alt=\"\" data-id=\"25702\" data-full-url=\"https:\/\/morenoprimero.com.ar\/wp-content\/uploads\/2022\/03\/WhatsApp_Image_2022-03-15_at_3.05.07_PM-2.jpg\" data-link=\"https:\/\/morenoprimero.com.ar\/?attachment_id=25702\" class=\"wp-image-25702\" srcset=\"https:\/\/morenoprimero.com.ar\/archivo\/wp-content\/uploads\/2022\/03\/WhatsApp_Image_2022-03-15_at_3.05.07_PM-2-1024x682.jpg 1024w, https:\/\/morenoprimero.com.ar\/archivo\/wp-content\/uploads\/2022\/03\/WhatsApp_Image_2022-03-15_at_3.05.07_PM-2-300x200.jpg 300w, https:\/\/morenoprimero.com.ar\/archivo\/wp-content\/uploads\/2022\/03\/WhatsApp_Image_2022-03-15_at_3.05.07_PM-2-768x512.jpg 768w, https:\/\/morenoprimero.com.ar\/archivo\/wp-content\/uploads\/2022\/03\/WhatsApp_Image_2022-03-15_at_3.05.07_PM-2.jpg 1280w\" sizes=\"auto, (max-width: 1024px) 100vw, 1024px\" \/><\/a><\/figure><\/li><\/ul><\/figure>\n\n\n\n<p>Por \u00faltimo Jesica, destac\u00f3:<strong> \u00abLa descentralizaci\u00f3n territorial de este programa es el punto central y fundamental\u00bb&nbsp;<\/strong><\/p>\n\n\n\n<p><strong>Existen actualmente en Moreno cuatro casas de justicia <\/strong>que funcionan en la Delegaci\u00f3n de Moreno Norte (Lunes y Mi\u00e9rcoles), en la Delegaci\u00f3n de Francisco Alvarez (Lunes y Mi\u00e9rcoles), en la Delegaci\u00f3n Municipal de cuartel V (Martes y Viernes) y en Trujui &#8211; Albatros y Boulogne Sur Mer (martes y jueves).<\/p>\n","protected":false},"excerpt":{"rendered":"<p>En Moreno existe una pol\u00edtica p\u00fablica pensada para garantizar el derecho al acceso a la justicia para todos los vecinos y vecinas de cada barrio: Las casas de Justicia.\u00a0 El acceso a la Justicia, a la posibilidad de ser asesorado &hellip; <a href=\"https:\/\/morenoprimero.com.ar\/archivo\/el-acceso-a-la-justicia-para-todos-y-todas-como-una-politica-fundamental-del-municipio-de-moreno\/\">Sigue leyendo <span class=\"meta-nav\">&rarr;<\/span><\/a><\/p>\n","protected":false},"author":6,"featured_media":25701,"comment_status":"closed","ping_status":"closed","sticky":false,"template":"","format":"standard","meta":{"footnotes":""},"categories":[3,2328],"tags":[],"class_list":["post-25697","post","type-post","status-publish","format-standard","has-post-thumbnail","hentry","category-importantes","category-local"],"_links":{"self":[{"href":"https:\/\/morenoprimero.com.ar\/archivo\/wp-json\/wp\/v2\/posts\/25697","targetHints":{"allow":["GET"]}}],"collection":[{"href":"https:\/\/morenoprimero.com.ar\/archivo\/wp-json\/wp\/v2\/posts"}],"about":[{"href":"https:\/\/morenoprimero.com.ar\/archivo\/wp-json\/wp\/v2\/types\/post"}],"author":[{"embeddable":true,"href":"https:\/\/morenoprimero.com.ar\/archivo\/wp-json\/wp\/v2\/users\/6"}],"replies":[{"embeddable":true,"href":"https:\/\/morenoprimero.com.ar\/archivo\/wp-json\/wp\/v2\/comments?post=25697"}],"version-history":[{"count":2,"href":"https:\/\/morenoprimero.com.ar\/archivo\/wp-json\/wp\/v2\/posts\/25697\/revisions"}],"predecessor-version":[{"id":25711,"href":"https:\/\/morenoprimero.com.ar\/archivo\/wp-json\/wp\/v2\/posts\/25697\/revisions\/25711"}],"wp:featuredmedia":[{"embeddable":true,"href":"https:\/\/morenoprimero.com.ar\/archivo\/wp-json\/wp\/v2\/media\/25701"}],"wp:attachment":[{"href":"https:\/\/morenoprimero.com.ar\/archivo\/wp-json\/wp\/v2\/media?parent=25697"}],"wp:term":[{"taxonomy":"category","embeddable":true,"href":"https:\/\/morenoprimero.com.ar\/archivo\/wp-json\/wp\/v2\/categories?post=25697"},{"taxonomy":"post_tag","embeddable":true,"href":"https:\/\/morenoprimero.com.ar\/archivo\/wp-json\/wp\/v2\/tags?post=25697"}],"curies":[{"name":"wp","href":"https:\/\/api.w.org\/{rel}","templated":true}]}}