{"id":25666,"date":"2022-03-14T20:24:06","date_gmt":"2022-03-14T23:24:06","guid":{"rendered":"https:\/\/morenoprimero.com.ar\/?p=25666"},"modified":"2022-03-14T20:27:05","modified_gmt":"2022-03-14T23:27:05","slug":"nosotras-hacemos-historia-el-festival-feminista-que-vistio-de-violeta-la-plaza-bujan","status":"publish","type":"post","link":"https:\/\/morenoprimero.com.ar\/archivo\/nosotras-hacemos-historia-el-festival-feminista-que-vistio-de-violeta-la-plaza-bujan\/","title":{"rendered":"Nosotras hacemos historia, el festival feminista que visti\u00f3 de violeta la plaza Buj\u00e1n"},"content":{"rendered":"\n<h5 class=\"wp-block-heading\">Cientos de mujeres y diversidades disfrutaron de un encuentro recreativo, cultural y de acceso a la informaci\u00f3n. Lis Diaz, secretaria de Mujeres, G\u00e9neros y Diversidades del municipio afirm\u00f3: <strong>\u00abPudimos brindarle un espacio a mujeres y diversidades en donde acceder a informaci\u00f3n en relaci\u00f3n a los derechos as\u00ed como tambi\u00e9n a un espacio recreativo y cultural, actividades muy necesarias despu\u00e9s de dos a\u00f1os de pandemia\u00bb.<\/strong><\/h5>\n\n\n\n<p>En el marco del mes de la mujer trabajadora, el Municipio de Moreno, a trav\u00e9s de la Secretar\u00eda de Mujeres, G\u00e9neros y Diversidades; la Secretar\u00eda de Cultura, Educaci\u00f3n y Deportes y el Instituto Municipal de Desarrollo Econ\u00f3mico Local, <strong>llev\u00f3 adelante el Festival Nosotras Hacemos Historia, hecho por y para mujeres y disidencias.<\/strong><\/p>\n\n\n\n<p><strong>\u201cEstamos felices por el resultado del Festival que realizamos con distintas dependencias del Municipio, porque pudimos brindarle un espacio a mujeres y diversidades en donde acceder a informaci\u00f3n en relaci\u00f3n a los derechos as\u00ed como tambi\u00e9n a un espacio recreativo y cultural, actividades muy necesarias despu\u00e9s de dos a\u00f1os de pandemia\u201d<\/strong>, afirm\u00f3 Lis Diaz, secretaria de Mujeres, G\u00e9neros y Diversidades y agreg\u00f3 que<strong> \u201clas mujeres trabajadoras de Moreno han construido comunidad y sostenido las redes para satisfacer las necesidades de las y los vecinos, desde el Estado municipal trabajamos para potenciarlas y para brindar espacios de encuentro como fue este Festival\u201d.<\/strong><\/p>\n\n\n\n<figure class=\"wp-block-gallery columns-2 is-cropped wp-block-gallery-1 is-layout-flex wp-block-gallery-is-layout-flex\"><ul class=\"blocks-gallery-grid\"><li class=\"blocks-gallery-item\"><figure><a href=\"https:\/\/morenoprimero.com.ar\/wp-content\/uploads\/2022\/03\/IMG-20220314-WA0052.jpg\"><img loading=\"lazy\" decoding=\"async\" width=\"1024\" height=\"682\" src=\"https:\/\/morenoprimero.com.ar\/wp-content\/uploads\/2022\/03\/IMG-20220314-WA0052-1024x682.jpg\" alt=\"\" data-id=\"25668\" data-full-url=\"https:\/\/morenoprimero.com.ar\/wp-content\/uploads\/2022\/03\/IMG-20220314-WA0052.jpg\" data-link=\"https:\/\/morenoprimero.com.ar\/?attachment_id=25668\" class=\"wp-image-25668\" srcset=\"https:\/\/morenoprimero.com.ar\/archivo\/wp-content\/uploads\/2022\/03\/IMG-20220314-WA0052-1024x682.jpg 1024w, https:\/\/morenoprimero.com.ar\/archivo\/wp-content\/uploads\/2022\/03\/IMG-20220314-WA0052-300x200.jpg 300w, https:\/\/morenoprimero.com.ar\/archivo\/wp-content\/uploads\/2022\/03\/IMG-20220314-WA0052-768x512.jpg 768w, https:\/\/morenoprimero.com.ar\/archivo\/wp-content\/uploads\/2022\/03\/IMG-20220314-WA0052.jpg 1280w\" sizes=\"auto, (max-width: 1024px) 100vw, 1024px\" \/><\/a><\/figure><\/li><li class=\"blocks-gallery-item\"><figure><a href=\"https:\/\/morenoprimero.com.ar\/wp-content\/uploads\/2022\/03\/IMG-20220314-WA0055.jpg\"><img loading=\"lazy\" decoding=\"async\" width=\"1024\" height=\"682\" src=\"https:\/\/morenoprimero.com.ar\/wp-content\/uploads\/2022\/03\/IMG-20220314-WA0055-1024x682.jpg\" alt=\"\" data-id=\"25669\" data-full-url=\"https:\/\/morenoprimero.com.ar\/wp-content\/uploads\/2022\/03\/IMG-20220314-WA0055.jpg\" data-link=\"https:\/\/morenoprimero.com.ar\/?attachment_id=25669\" class=\"wp-image-25669\" srcset=\"https:\/\/morenoprimero.com.ar\/archivo\/wp-content\/uploads\/2022\/03\/IMG-20220314-WA0055-1024x682.jpg 1024w, https:\/\/morenoprimero.com.ar\/archivo\/wp-content\/uploads\/2022\/03\/IMG-20220314-WA0055-300x200.jpg 300w, https:\/\/morenoprimero.com.ar\/archivo\/wp-content\/uploads\/2022\/03\/IMG-20220314-WA0055-768x512.jpg 768w, https:\/\/morenoprimero.com.ar\/archivo\/wp-content\/uploads\/2022\/03\/IMG-20220314-WA0055.jpg 1280w\" sizes=\"auto, (max-width: 1024px) 100vw, 1024px\" \/><\/a><\/figure><\/li><\/ul><\/figure>\n\n\n\n<p>Pasado el mediod\u00eda, con los puestos gastron\u00f3micos y la feria ya instalados comenzaron a acercarse los primeros vecinos y vecinas a la plaza Bujan. Con mayor\u00eda de grupos de mujeres j\u00f3venes atra\u00eddas por la propuesta.<\/p>\n\n\n\n<p>Con un d\u00eda de sol y temperatura ideal comenzaron a subir al escenario las primeras artistas, de una grilla que durante toda la tarde estar\u00eda compuesta completamente por mujeres, mientras abajo los primeros grupos de chicas se sentaban en ronda con sus mates o gaseosas.<\/p>\n\n\n\n<p>Pasaron por el escenario artistas emergentes como <strong>Sol Marianela, Amor en la Isla, Lou \u00c1lvarez, Zocine, Mica Legui, Baja Killa y Pibas Vinileras<\/strong>.<\/p>\n\n\n\n<p><strong>Barby Aguirrre<\/strong>, es parte de<strong> \u00abPibas Vinileras\u00bb<\/strong> una colectiva de mujeres Dj que particip\u00f3 del evento y que tiene la particularidad de que todas las que lo integran pasan m\u00fasica en vinilos, nos coment\u00f3: <strong>\u00abCultura de Moreno nos convoc\u00f3 para ser parte musicalizadora de este hermoso festival que sucedi\u00f3 el pasado s\u00e1bado. Estuvimos todas participando, pasando m\u00fasica de diferentes estilos durante todo el d\u00eda, desde el comienzo del festival, con una selecci\u00f3n especial que hicimos para la fecha, queriendo transmitir el amor que sentimos por este g\u00e9nero y por los vinilos. Para nosotras y creo que para todas fue un evento que marc\u00f3 un antes y despu\u00e9s en nuestra colectiva y estamos muy contentas y agradecidas con el municipio por haber podido participar\u00bb<\/strong>.<\/p>\n\n\n\n<figure class=\"wp-block-gallery columns-2 is-cropped wp-block-gallery-2 is-layout-flex wp-block-gallery-is-layout-flex\"><ul class=\"blocks-gallery-grid\"><li class=\"blocks-gallery-item\"><figure><a href=\"https:\/\/morenoprimero.com.ar\/wp-content\/uploads\/2022\/03\/IMG-20220314-WA0053.jpg\"><img loading=\"lazy\" decoding=\"async\" width=\"1024\" height=\"682\" src=\"https:\/\/morenoprimero.com.ar\/wp-content\/uploads\/2022\/03\/IMG-20220314-WA0053.jpg\" alt=\"\" data-id=\"25671\" data-full-url=\"https:\/\/morenoprimero.com.ar\/wp-content\/uploads\/2022\/03\/IMG-20220314-WA0053.jpg\" data-link=\"https:\/\/morenoprimero.com.ar\/?attachment_id=25671\" class=\"wp-image-25671\" srcset=\"https:\/\/morenoprimero.com.ar\/archivo\/wp-content\/uploads\/2022\/03\/IMG-20220314-WA0053.jpg 1024w, https:\/\/morenoprimero.com.ar\/archivo\/wp-content\/uploads\/2022\/03\/IMG-20220314-WA0053-300x200.jpg 300w, https:\/\/morenoprimero.com.ar\/archivo\/wp-content\/uploads\/2022\/03\/IMG-20220314-WA0053-768x512.jpg 768w\" sizes=\"auto, (max-width: 1024px) 100vw, 1024px\" \/><\/a><\/figure><\/li><li class=\"blocks-gallery-item\"><figure><a href=\"https:\/\/morenoprimero.com.ar\/wp-content\/uploads\/2022\/03\/275656716_698296201521675_6518420078707003200_n.jpg\"><img loading=\"lazy\" decoding=\"async\" width=\"1024\" height=\"684\" src=\"https:\/\/morenoprimero.com.ar\/wp-content\/uploads\/2022\/03\/275656716_698296201521675_6518420078707003200_n-1024x684.jpg\" alt=\"\" data-id=\"25667\" data-full-url=\"https:\/\/morenoprimero.com.ar\/wp-content\/uploads\/2022\/03\/275656716_698296201521675_6518420078707003200_n.jpg\" data-link=\"https:\/\/morenoprimero.com.ar\/?attachment_id=25667\" class=\"wp-image-25667\" srcset=\"https:\/\/morenoprimero.com.ar\/archivo\/wp-content\/uploads\/2022\/03\/275656716_698296201521675_6518420078707003200_n-1024x684.jpg 1024w, https:\/\/morenoprimero.com.ar\/archivo\/wp-content\/uploads\/2022\/03\/275656716_698296201521675_6518420078707003200_n-300x200.jpg 300w, https:\/\/morenoprimero.com.ar\/archivo\/wp-content\/uploads\/2022\/03\/275656716_698296201521675_6518420078707003200_n-768x513.jpg 768w, https:\/\/morenoprimero.com.ar\/archivo\/wp-content\/uploads\/2022\/03\/275656716_698296201521675_6518420078707003200_n.jpg 1080w\" sizes=\"auto, (max-width: 1024px) 100vw, 1024px\" \/><\/a><\/figure><\/li><\/ul><\/figure>\n\n\n\n<p>Durante todo el s\u00e1bado, en la Plaza Buj\u00e1n hubo feria gastron\u00f3mica y de productoras locales, talleres y servicios p\u00fablicos ofrecidos por organismos municipales, provinciales y nacionales. Adem\u00e1s, se presentaron artistas emergentes como<strong> Sol Marianela, Amor en la Isla, Lou \u00c1lvarez, Zocine, Mica Legui, Baja Killa y Pibas Vinileras. El cierre estuvo a cargo de las queridas Teresa Parodi y Miss Bolivia, y cont\u00f3 con la presencia de la intendenta Mariel Fern\u00e1ndez.<\/strong><\/p>\n","protected":false},"excerpt":{"rendered":"<p>Cientos de mujeres y diversidades disfrutaron de un encuentro recreativo, cultural y de acceso a la informaci\u00f3n. Lis Diaz, secretaria de Mujeres, G\u00e9neros y Diversidades del municipio afirm\u00f3: \u00abPudimos brindarle un espacio a mujeres y diversidades en donde acceder a &hellip; <a href=\"https:\/\/morenoprimero.com.ar\/archivo\/nosotras-hacemos-historia-el-festival-feminista-que-vistio-de-violeta-la-plaza-bujan\/\">Sigue leyendo <span class=\"meta-nav\">&rarr;<\/span><\/a><\/p>\n","protected":false},"author":6,"featured_media":25670,"comment_status":"closed","ping_status":"closed","sticky":false,"template":"","format":"standard","meta":{"footnotes":""},"categories":[2,2328],"tags":[6,3776,3774,3775],"class_list":["post-25666","post","type-post","status-publish","format-standard","has-post-thumbnail","hentry","category-destacadas","category-local","tag-moreno","tag-nosotras-hacemos-historia","tag-pibas-vinileras","tag-plaza-bujan-2"],"_links":{"self":[{"href":"https:\/\/morenoprimero.com.ar\/archivo\/wp-json\/wp\/v2\/posts\/25666","targetHints":{"allow":["GET"]}}],"collection":[{"href":"https:\/\/morenoprimero.com.ar\/archivo\/wp-json\/wp\/v2\/posts"}],"about":[{"href":"https:\/\/morenoprimero.com.ar\/archivo\/wp-json\/wp\/v2\/types\/post"}],"author":[{"embeddable":true,"href":"https:\/\/morenoprimero.com.ar\/archivo\/wp-json\/wp\/v2\/users\/6"}],"replies":[{"embeddable":true,"href":"https:\/\/morenoprimero.com.ar\/archivo\/wp-json\/wp\/v2\/comments?post=25666"}],"version-history":[{"count":2,"href":"https:\/\/morenoprimero.com.ar\/archivo\/wp-json\/wp\/v2\/posts\/25666\/revisions"}],"predecessor-version":[{"id":25673,"href":"https:\/\/morenoprimero.com.ar\/archivo\/wp-json\/wp\/v2\/posts\/25666\/revisions\/25673"}],"wp:featuredmedia":[{"embeddable":true,"href":"https:\/\/morenoprimero.com.ar\/archivo\/wp-json\/wp\/v2\/media\/25670"}],"wp:attachment":[{"href":"https:\/\/morenoprimero.com.ar\/archivo\/wp-json\/wp\/v2\/media?parent=25666"}],"wp:term":[{"taxonomy":"category","embeddable":true,"href":"https:\/\/morenoprimero.com.ar\/archivo\/wp-json\/wp\/v2\/categories?post=25666"},{"taxonomy":"post_tag","embeddable":true,"href":"https:\/\/morenoprimero.com.ar\/archivo\/wp-json\/wp\/v2\/tags?post=25666"}],"curies":[{"name":"wp","href":"https:\/\/api.w.org\/{rel}","templated":true}]}}